{"id":10014,"date":"2024-06-09T04:59:55","date_gmt":"2024-06-09T07:59:55","guid":{"rendered":"https:\/\/ipatingafc.com.br\/index.php\/2024\/06\/09\/policia-de-sp-desmantela-quadrilha-especializada-em-sequestro-e-roubo\/"},"modified":"2024-06-09T04:59:55","modified_gmt":"2024-06-09T07:59:55","slug":"policia-de-sp-desmantela-quadrilha-especializada-em-sequestro-e-roubo","status":"publish","type":"post","link":"https:\/\/ipatingafc.com.br\/index.php\/2024\/06\/09\/policia-de-sp-desmantela-quadrilha-especializada-em-sequestro-e-roubo\/","title":{"rendered":"Pol\u00edcia de SP desmantela quadrilha especializada em sequestro e roubo"},"content":{"rendered":"<p><\/p>\n<div id=\"\">&#13;<br \/>\n                                <!-- Title -->&#13;<br \/>\n                                &#13;<br \/>\n&#13;<br \/>\n                                <!-- Excerpt -->&#13;<\/p>\n<p class=\"excerpt\">Investiga\u00e7\u00e3o come\u00e7ou em janeiro ap\u00f3s grupo manter trabalhador em cativeiro por 24 horas e exigir R$ 30 mil para libert\u00e1-lo<\/p>\n<p>&#13;<br \/>\n&#13;<br \/>\n                                &#13;\n                            <\/p><\/div>\n<div id=\"\">&#13;<\/p>\n<figure id=\"attachment_5897981\" style=\"width: 100%;max-width: 1024px\" class=\"wp-caption alignnone\"><img decoding=\"async\" loading=\"lazy\" class=\"wp-image-5897981 size-full\" src=\"https:\/\/www.saopaulo.sp.gov.br\/wp-content\/uploads\/2024\/06\/00054969.jpg\" alt=\"\" width=\"1024\" height=\"768\" srcset=\"https:\/\/www.saopaulo.sp.gov.br\/wp-content\/uploads\/2024\/06\/00054969.jpg 1024w, https:\/\/www.saopaulo.sp.gov.br\/wp-content\/uploads\/2024\/06\/00054969-300x225.jpg 300w, https:\/\/www.saopaulo.sp.gov.br\/wp-content\/uploads\/2024\/06\/00054969-768x576.jpg 768w\" sizes=\"auto, (max-width: 1024px) 100vw, 1024px\"\/><figcaption class=\"wp-caption-text\">Quadrilha investigada desde janeiro \u00e9 desmanchada<\/figcaption><\/figure>\n<p><span style=\"font-weight: 400;\">A Pol\u00edcia Civil desmantelou uma quadrilha especializada em sequestro e roubo de caminh\u00f5es. Um dos integrantes envolvidos, de 25 anos, foi preso nesta sexta-feira (7) em Guarulhos, na regi\u00e3o metropolitana de S\u00e3o Paulo. Outros dois foram detidos no in\u00edcio do ano.<\/span><\/p>\n<p><span style=\"font-weight: 400;\">As investiga\u00e7\u00f5es come\u00e7aram em janeiro ap\u00f3s um caminhoneiro ser abordado por criminosos. Ele foi levado para um cativeiro e permaneceu sob posse dos sequestradores por 24 horas. A quadrilha fez contato com familiares do trabalhador e exigiu R$ 30 mil para libert\u00e1-lo.<\/span><\/p>\n<p><span style=\"font-weight: 400;\">Um dia ap\u00f3s o crime, em a\u00e7\u00e3o conjunta entre policiais militares da Rondas Ostensivas Tobias de Aguiar (Rota) e policiais civis da Delegacia Antissequestro, dois suspeitos foram presos.<\/span><\/p>\n<p><span style=\"font-weight: 400;\">Com o decorrer das investiga\u00e7\u00f5es, a equipe descobriu a localiza\u00e7\u00e3o de um terceiro envolvido no sequestro e o prendeu na manh\u00e3 desta sexta. As a\u00e7\u00f5es seguem em andamento para localizar mais integrantes da quadrilha.<\/span><\/p>\n<p><span style=\"font-weight: 400;\">O caso foi registrado como extors\u00e3o mediante sequestro na 2\u00aa Delegacia Antissequestro.<\/span><\/p>\n<p><strong>LEIA TAMB\u00c9M: <\/strong>Roubos t\u00eam queda no interior, Grande SP e Baixada Santista<\/p>\n<p>Siga o canal \u201cGoverno de S\u00e3o Paulo\u201d no WhatsApp:<br \/>https:\/\/bit.ly\/govspnozap<\/p>\n<\/p><\/div>\n","protected":false},"excerpt":{"rendered":"<p>&#13; &#13; &#13; &#13; &#13; Investiga\u00e7\u00e3o come\u00e7ou em janeiro ap\u00f3s grupo manter trabalhador em cativeiro&#8230;<\/p>\n","protected":false},"author":2,"featured_media":0,"comment_status":"open","ping_status":"open","sticky":false,"template":"","format":"standard","meta":{"footnotes":""},"categories":[],"tags":[],"class_list":["post-10014","post","type-post","status-publish","format-standard","hentry"],"amp_enabled":true,"_links":{"self":[{"href":"https:\/\/ipatingafc.com.br\/index.php\/wp-json\/wp\/v2\/posts\/10014","targetHints":{"allow":["GET"]}}],"collection":[{"href":"https:\/\/ipatingafc.com.br\/index.php\/wp-json\/wp\/v2\/posts"}],"about":[{"href":"https:\/\/ipatingafc.com.br\/index.php\/wp-json\/wp\/v2\/types\/post"}],"author":[{"embeddable":true,"href":"https:\/\/ipatingafc.com.br\/index.php\/wp-json\/wp\/v2\/users\/2"}],"replies":[{"embeddable":true,"href":"https:\/\/ipatingafc.com.br\/index.php\/wp-json\/wp\/v2\/comments?post=10014"}],"version-history":[{"count":0,"href":"https:\/\/ipatingafc.com.br\/index.php\/wp-json\/wp\/v2\/posts\/10014\/revisions"}],"wp:attachment":[{"href":"https:\/\/ipatingafc.com.br\/index.php\/wp-json\/wp\/v2\/media?parent=10014"}],"wp:term":[{"taxonomy":"category","embeddable":true,"href":"https:\/\/ipatingafc.com.br\/index.php\/wp-json\/wp\/v2\/categories?post=10014"},{"taxonomy":"post_tag","embeddable":true,"href":"https:\/\/ipatingafc.com.br\/index.php\/wp-json\/wp\/v2\/tags?post=10014"}],"curies":[{"name":"wp","href":"https:\/\/api.w.org\/{rel}","templated":true}]}}