{"id":10018,"date":"2024-06-09T08:54:44","date_gmt":"2024-06-09T11:54:44","guid":{"rendered":"https:\/\/ipatingafc.com.br\/index.php\/2024\/06\/09\/agencia-minas-gerais-meio-ambiente-debate-avanco-das-acoes-de-drenagem-e-manejo-de-aguas-pluviais-em-minas\/"},"modified":"2024-06-09T08:54:44","modified_gmt":"2024-06-09T11:54:44","slug":"agencia-minas-gerais-meio-ambiente-debate-avanco-das-acoes-de-drenagem-e-manejo-de-aguas-pluviais-em-minas","status":"publish","type":"post","link":"https:\/\/ipatingafc.com.br\/index.php\/2024\/06\/09\/agencia-minas-gerais-meio-ambiente-debate-avanco-das-acoes-de-drenagem-e-manejo-de-aguas-pluviais-em-minas\/","title":{"rendered":"Ag\u00eancia Minas Gerais | Meio Ambiente debate avan\u00e7o das a\u00e7\u00f5es de drenagem e manejo de \u00e1guas pluviais em Minas"},"content":{"rendered":"<p><\/p>\n<div>\n<p>Gestores municipais, pesquisadores, estudantes e profissionais da \u00e1rea se reuniram, na quinta-feira (6\/6), no Centro Mineiro de Refer\u00eancia em Res\u00edduos (CMRR), em Belo Horizonte, para o workshop \u201cDrenagem e Manejo das \u00c1guas Pluviais: Planejamento, interfaces e perspectivas\u201d. A atividade \u00e9 promovida pelo Sistema Estadual de Meio Ambiente e Recursos H\u00eddricos (Sisema) e faz parte da programa\u00e7\u00e3o da Semana do Meio Ambiente 2024.<\/p>\n<p>Cerca de 150 pessoas participaram do workshop, que tem como objetivo debater a import\u00e2ncia de se planejar a\u00e7\u00f5es em drenagem e manejo das \u00e1guas pluviais e as interfaces desse componente do saneamento com outras \u00e1reas como, por exemplo, o planejamento urbano e a sa\u00fade.<\/p>\n<p>Na abertura do evento, a\u00a0secret\u00e1ria de Estado de Meio Ambiente e Desenvolvimento Sustent\u00e1vel, Mar\u00edlia Melo, destacou que o tema drenagem \u00e9 priorit\u00e1rio para o Governo de Minas. \u201dVamos discutir temas chave como o Plano de Seguran\u00e7a H\u00eddrica, os pacotes regulat\u00f3rios para apoio \u00e0s cidades na melhor organiza\u00e7\u00e3o do uso e ocupa\u00e7\u00e3o do solo, que tem um impacto direto nas enchentes urbanas\u201d, disse.<\/p>\n<p><b>O evento<\/b><\/p>\n<p>Com presen\u00e7a expressiva de representantes das Coordenadorias Municipais de Defesa Civil, o workshop contou com seis palestras. A coordenadora de Prote\u00e7\u00e3o e Defesa Civil do munic\u00edpio de Itabira, Nilma Macieira, falou a atua\u00e7\u00e3o da defesa civil para entender o que se pode esperar em rela\u00e7\u00e3o aos recursos h\u00eddricos e ao meio ambiente. \u201cTrabalhamos com a gest\u00e3o de risco e de desastres naturais, principalmente envolvendo \u00e1gua, o que \u00e9 nossa fonte de preocupa\u00e7\u00e3o\u201d, destacou.<\/p>\n<p>\u00a0<\/p>\n<\/p><\/div>\n","protected":false},"excerpt":{"rendered":"<p>Gestores municipais, pesquisadores, estudantes e profissionais da \u00e1rea se reuniram, na quinta-feira (6\/6), no Centro&#8230;<\/p>\n","protected":false},"author":2,"featured_media":0,"comment_status":"open","ping_status":"open","sticky":false,"template":"","format":"standard","meta":{"footnotes":""},"categories":[],"tags":[],"class_list":["post-10018","post","type-post","status-publish","format-standard","hentry"],"amp_enabled":true,"_links":{"self":[{"href":"https:\/\/ipatingafc.com.br\/index.php\/wp-json\/wp\/v2\/posts\/10018","targetHints":{"allow":["GET"]}}],"collection":[{"href":"https:\/\/ipatingafc.com.br\/index.php\/wp-json\/wp\/v2\/posts"}],"about":[{"href":"https:\/\/ipatingafc.com.br\/index.php\/wp-json\/wp\/v2\/types\/post"}],"author":[{"embeddable":true,"href":"https:\/\/ipatingafc.com.br\/index.php\/wp-json\/wp\/v2\/users\/2"}],"replies":[{"embeddable":true,"href":"https:\/\/ipatingafc.com.br\/index.php\/wp-json\/wp\/v2\/comments?post=10018"}],"version-history":[{"count":0,"href":"https:\/\/ipatingafc.com.br\/index.php\/wp-json\/wp\/v2\/posts\/10018\/revisions"}],"wp:attachment":[{"href":"https:\/\/ipatingafc.com.br\/index.php\/wp-json\/wp\/v2\/media?parent=10018"}],"wp:term":[{"taxonomy":"category","embeddable":true,"href":"https:\/\/ipatingafc.com.br\/index.php\/wp-json\/wp\/v2\/categories?post=10018"},{"taxonomy":"post_tag","embeddable":true,"href":"https:\/\/ipatingafc.com.br\/index.php\/wp-json\/wp\/v2\/tags?post=10018"}],"curies":[{"name":"wp","href":"https:\/\/api.w.org\/{rel}","templated":true}]}}