{"id":10324,"date":"2024-06-15T00:12:58","date_gmt":"2024-06-15T03:12:58","guid":{"rendered":"https:\/\/ipatingafc.com.br\/index.php\/2024\/06\/15\/prefeitura-de-sorocaba-promove-encontro-de-geracoes-em-acao-voltada-ao-junho-violeta-campanha-de-prevencao-e-combate-a-violencia-contra-idosos\/"},"modified":"2024-06-15T00:12:58","modified_gmt":"2024-06-15T03:12:58","slug":"prefeitura-de-sorocaba-promove-encontro-de-geracoes-em-acao-voltada-ao-junho-violeta-campanha-de-prevencao-e-combate-a-violencia-contra-idosos","status":"publish","type":"post","link":"https:\/\/ipatingafc.com.br\/index.php\/2024\/06\/15\/prefeitura-de-sorocaba-promove-encontro-de-geracoes-em-acao-voltada-ao-junho-violeta-campanha-de-prevencao-e-combate-a-violencia-contra-idosos\/","title":{"rendered":"Prefeitura de Sorocaba promove encontro de gera\u00e7\u00f5es em a\u00e7\u00e3o voltada ao Junho Violeta, campanha de preven\u00e7\u00e3o e combate \u00e0 viol\u00eancia contra idosos"},"content":{"rendered":"<p><\/p>\n<div wp_automatic_readability=\"31\">\n<div class=\"col\" wp_automatic_readability=\"7\">\n<p class=\"mt-0\">\n                        <strong><br \/>\n                            <span class=\"far fa-calendar mr-1 mt-2\"\/><br \/>\n                            14 de junho de 2024<br \/>\n                            <span class=\"far fa-clock ml-3 mt-2\"\/><br \/>\n                            18:09<br \/>\n                        <\/strong>\n                    <\/p>\n<p class=\"mb-0\">Por: <strong>Rose Campos<\/strong><\/p>\n<\/p><\/div>\n<\/p><\/div>\n<div wp_automatic_readability=\"153\">\n<p align=\"justify\"><img loading=\"lazy\" decoding=\"async\" class=\"aligncenter wp-image-140565 size-large\" src=\"http:\/\/noticias.sorocaba.sp.gov.br\/wp-content\/uploads\/2024\/06\/noticias.sorocaba.sp.gov.br-foto-11-1024x768.jpg\" alt=\"\" width=\"1024\" height=\"768\" srcset=\"https:\/\/noticias.sorocaba.sp.gov.br\/wp-content\/uploads\/2024\/06\/noticias.sorocaba.sp.gov.br-foto-11-1024x768.jpg 1024w, https:\/\/noticias.sorocaba.sp.gov.br\/wp-content\/uploads\/2024\/06\/noticias.sorocaba.sp.gov.br-foto-11-300x225.jpg 300w, https:\/\/noticias.sorocaba.sp.gov.br\/wp-content\/uploads\/2024\/06\/noticias.sorocaba.sp.gov.br-foto-11-768x576.jpg 768w, https:\/\/noticias.sorocaba.sp.gov.br\/wp-content\/uploads\/2024\/06\/noticias.sorocaba.sp.gov.br-foto-11.jpg 1600w\" sizes=\"auto, (max-width: 1024px) 100vw, 1024px\"\/><\/p>\n<p align=\"justify\"><em>Fotos: Secid\/Divulga\u00e7\u00e3o<\/em><\/p>\n<p align=\"justify\">A Prefeitura de Sorocaba, por meio da Ch\u00e1cara do Idoso, equipamento ligado \u00e0 Secretaria da Cidadania (Secid), \u00e9 convidada a participar de um encontro intergeracional, nesta quinta-feira (14), entre jovens e idosos, na E.E. \u201cZ\u00e9lia Dulce Campos Maia\u201d, em celebra\u00e7\u00e3o ao dia 15 de junho, considerado o Dia Mundial de Conscientiza\u00e7\u00e3o e Combate da Viol\u00eancia contra a Pessoa Idosa.<\/p>\n<p align=\"justify\">A iniciativa partiu da diretora Ana Cust\u00f3dia de S\u00e1 Muniz e da vice-diretora Luciana Senhorinho Montanari, que entraram em contato com o coordenador da Ch\u00e1cara do Idoso, Sergio Marcelo Soler Sauer, com a proposta de realizar um encontro intergeracional na escola, para debater o tema. Assim, foi organizado o primeiro \u201cEncontro de Gera\u00e7\u00f5es e Intera\u00e7\u00f5es: Amor, Respeito e Experi\u00eancias\u201d, que reuniu todos os alunos do per\u00edodo da manh\u00e3, contando tamb\u00e9m com a presen\u00e7a da coordenadora do Centro de Refer\u00eancia em Assist\u00eancia Social (CRAS) S\u00e3o Bento, Elaine, e os participantes da Ch\u00e1cara do Idoso.<\/p>\n<p>\u201cOs idosos da Ch\u00e1cara do Idoso ficaram muito felizes com o convite e ensaiaram diversas atra\u00e7\u00f5es, assim, puderam revezar com os alunos da escola nas apresenta\u00e7\u00f5es. Ao chegarem \u00e0 escola, foram recebidos com muito carinho pelos alunos, que fizeram at\u00e9 um cartaz de boas-vindas e prepararam um delicioso caf\u00e9 da manh\u00e3 com comidas t\u00edpicas de festa junina\u201d, conta o coordenador Marcelo.<br \/>A Sra. Heleninha, que foi acompanhada de seu marido, Sr. Jos\u00e9, do grupo Mistura Fina, elogiou a iniciativa e os pratos. \u201cA canjica estava deliciosa, lembrava minha juventude, quando faz\u00edamos em casa\u201d, opinou.<\/p>\n<p align=\"justify\">A abertura para as apresenta\u00e7\u00f5es contou com as palavras da diretora da escola, Ana Cust\u00f3dia de S\u00e1 Muniz, e tamb\u00e9m da vice-diretora, Luciana Senhorinho Montanari, seguido pela recita\u00e7\u00e3o de poesia do aluno Rafael, do 1\u00ba ano. A aluna Isabella Shenider, do 9\u00b0 ano, fez solo de uma bela can\u00e7\u00e3o, seguido da apresenta\u00e7\u00e3o do grupo Flautolinos, alunos da professora Cec\u00edlia da Ch\u00e1cara do Idoso.<\/p>\n<p align=\"justify\">Houve tamb\u00e9m uma bel\u00edssima coreografia das alunas das professoras Bianca, Yasmin e Beatriz, com o tema \u201cBorboleta e o leque\u201d, que junto com aos alunos da professora de dan\u00e7a apresentaram uma express\u00e3o do tema do filme \u201cCrep\u00fasculo\u201d.<\/p>\n<p>\u00a0<\/p>\n<p><b>M\u00fasica, dan\u00e7a e muita confraterniza\u00e7\u00e3o<\/b><\/p>\n<p>O Coral dos alunos de ingl\u00eas da Ch\u00e1cara do Idoso, \u201cThe Power Singers\u201d, contou com a participa\u00e7\u00e3o do grupo Flautolinos e m\u00fasicas em ingl\u00eas e italiano, sendo muito aplaudidos.<\/p>\n<p align=\"justify\">E a professora de m\u00fasica, Bene, caprichou em cl\u00e1ssicos do cancioneiro nacional, acompanhada por violino e flauta. Depois foram as apresenta\u00e7\u00f5es das alunas da professora Bianca, com Dan\u00e7a Urbana e Dan\u00e7a do Ventre, que fizeram sucesso entre o p\u00fablico.<\/p>\n<p align=\"justify\">O professor Dem\u00e9trio e seus violeiros, al\u00e9m disso, tamb\u00e9m relembraram m\u00fasicas tradicionais paulistas, resgatando nossas ra\u00edzes sertanejas e rurais, e a aluna da professora Bianca tamb\u00e9m p\u00f4de mostrar a alegria do ritmo Carimb\u00f3, manifesta\u00e7\u00e3o cultural brasileira de origem afro-ind\u00edgena, t\u00edpica do estado do Par\u00e1 e representado pela aluna Vit\u00f3ria.<\/p>\n<p align=\"justify\">J\u00e1 o Grupo Mistura Fina tamb\u00e9m encantou o p\u00fablico com m\u00fasicas empolgantes que colocou os idosos e alunos da escola lado a lado para dan\u00e7arem, na quadra de esportes.<\/p>\n<p align=\"justify\">O \u201cgran-finale\u201d ficou a cargo de professora Lucy, que apresentou um numero de Dan\u00e7a Cigana, que ao final levou todos, alunos e idosos a dan\u00e7arem juntos o sucesso \u201cBaila-me\u201d, que ficou conhecido na interpreta\u00e7\u00e3o do grupo Gipsy Kings e a amiga Val\u00e9ria encerrou as atra\u00e7\u00f5es ensinando a todos a coreografia de \u201cDancing queen\u201d do grupo Abba.<\/p>\n<p align=\"justify\">\u201cFoi maravilhoso ver a motiva\u00e7\u00e3o e a disposi\u00e7\u00e3o dos idosos que compareceram e interagiram com nossos alunos. O adolescente precisa perceber o quanto a experi\u00eancia dos av\u00f3s \u00e9 importante para seu futuro, Agradecemos imensamente a presen\u00e7a, participa\u00e7\u00e3o e disponibilidade em participar conosco desse dia e desse trabalho de conscientiza\u00e7\u00e3o. E vejo que todos aqui est\u00e3o maravilhados com essa presen\u00e7a\u201d, encerrou falando a vice-diretora Luciana Senhorinho Montanari.<\/p>\n<p align=\"justify\">Assim, estudantes e um grande grupo de pessoas idosas puderam vivenciar na pr\u00e1tica a import\u00e2ncia da integra\u00e7\u00e3o intergeracional. E essa \u00e9 a melhor forma de fomentar o respeito e a prote\u00e7\u00e3o m\u00fatua entre eles.<\/p>\n<p><!-- Root element of PhotoSwipe. Must have class pswp. --><\/p><\/div>\n","protected":false},"excerpt":{"rendered":"<p>14 de junho de 2024 18:09 Por: Rose Campos Fotos: Secid\/Divulga\u00e7\u00e3o A Prefeitura de Sorocaba,&#8230;<\/p>\n","protected":false},"author":2,"featured_media":0,"comment_status":"open","ping_status":"open","sticky":false,"template":"","format":"standard","meta":{"footnotes":""},"categories":[],"tags":[],"class_list":["post-10324","post","type-post","status-publish","format-standard","hentry"],"amp_enabled":true,"_links":{"self":[{"href":"https:\/\/ipatingafc.com.br\/index.php\/wp-json\/wp\/v2\/posts\/10324","targetHints":{"allow":["GET"]}}],"collection":[{"href":"https:\/\/ipatingafc.com.br\/index.php\/wp-json\/wp\/v2\/posts"}],"about":[{"href":"https:\/\/ipatingafc.com.br\/index.php\/wp-json\/wp\/v2\/types\/post"}],"author":[{"embeddable":true,"href":"https:\/\/ipatingafc.com.br\/index.php\/wp-json\/wp\/v2\/users\/2"}],"replies":[{"embeddable":true,"href":"https:\/\/ipatingafc.com.br\/index.php\/wp-json\/wp\/v2\/comments?post=10324"}],"version-history":[{"count":0,"href":"https:\/\/ipatingafc.com.br\/index.php\/wp-json\/wp\/v2\/posts\/10324\/revisions"}],"wp:attachment":[{"href":"https:\/\/ipatingafc.com.br\/index.php\/wp-json\/wp\/v2\/media?parent=10324"}],"wp:term":[{"taxonomy":"category","embeddable":true,"href":"https:\/\/ipatingafc.com.br\/index.php\/wp-json\/wp\/v2\/categories?post=10324"},{"taxonomy":"post_tag","embeddable":true,"href":"https:\/\/ipatingafc.com.br\/index.php\/wp-json\/wp\/v2\/tags?post=10324"}],"curies":[{"name":"wp","href":"https:\/\/api.w.org\/{rel}","templated":true}]}}