{"id":10368,"date":"2024-06-15T14:28:39","date_gmt":"2024-06-15T17:28:39","guid":{"rendered":"https:\/\/ipatingafc.com.br\/index.php\/2024\/06\/15\/agencia-minas-gerais-vice-governador-apresenta-acoes-do-governo-de-minas-em-prol-do-desenvolvimento-no-conexao-empresarial-2024\/"},"modified":"2024-06-15T14:28:39","modified_gmt":"2024-06-15T17:28:39","slug":"agencia-minas-gerais-vice-governador-apresenta-acoes-do-governo-de-minas-em-prol-do-desenvolvimento-no-conexao-empresarial-2024","status":"publish","type":"post","link":"https:\/\/ipatingafc.com.br\/index.php\/2024\/06\/15\/agencia-minas-gerais-vice-governador-apresenta-acoes-do-governo-de-minas-em-prol-do-desenvolvimento-no-conexao-empresarial-2024\/","title":{"rendered":"Ag\u00eancia Minas Gerais | Vice-governador apresenta a\u00e7\u00f5es do Governo de Minas em prol do desenvolvimento no Conex\u00e3o Empresarial 2024"},"content":{"rendered":"<p><\/p>\n<div>\n<section class=\"news-related \/ col-md-4 col-lg-3 \/ margin-md-bottom-2 margin-left-1 \/ pull-right \/ hidden-xs hidden-sm\">\n<header>\n<p class=\"text-title-section \/ margin-bottom-1\">Relacionadas<\/p>\n<\/header>\n<p>\t\t\t\t\t\t\t<main><\/p>\n<hr class=\"row margin-md-bottom-2\"\/>\n<hr class=\"row margin-md-bottom-2\"\/>\n\t\t\t\t\t\t\t<\/main><br \/>\n\t\t\t\t\t\t<\/section>\n<p>O vice-governador Professor Mateus participou, nesta sexta-feira (14\/6), do Conex\u00e3o Empresarial 2024, no Grande Hotel de Arax\u00e1, onde\u00a0apresentou as a\u00e7\u00f5es e resultados do Governo de Minas para o desenvolvimento do estado.<\/p>\n<p>O evento, realizado\u00a0anualmente, re\u00fane autoridades federais, estaduais e municipais, al\u00e9m de representantes da sociedade civil, para debates e pain\u00e9is sobre a situa\u00e7\u00e3o do pa\u00eds e temas de amplo interesse, como sa\u00fade e educa\u00e7\u00e3o.<\/p>\n<p>Para o vice-governador, o Conex\u00e3o Empresarial, j\u00e1 tradicional no estado, \u00e9 uma oportunidade de reunir no mesmo ambiente lideran\u00e7as pol\u00edticas e empresariais para debater pautas sens\u00edveis ao pa\u00eds.<\/p>\n<p>\u201cEste \u00e9 um ano com muitos desafios diferentes daqueles que a gente viveu nos anos anteriores.\u00a0Superamos\u00a0o tema da pandemia que dominou as discuss\u00f5es at\u00e9 o come\u00e7o do ano passado. Come\u00e7amos a\u00a0tratar dos problemas ligados \u00e0 reforma tribut\u00e1ria, ao ambiente internacional de produ\u00e7\u00e3o e desafios que est\u00e3o pela frente\u201d, contextualizou Professor Mateus.<br \/>&#13;<br \/>\n\u00a0<\/p>\n<table align=\"center\" border=\"0\" cellpadding=\"1\" cellspacing=\"1\" style=\"width: 100%;\">&#13;<\/p>\n<tbody>&#13;<\/p>\n<tr>&#13;<\/p>\n<td colspan=\"5\" style=\"text-align: center; vertical-align: middle;\">&#13;<\/p>\n<p style=\"text-align:center\"><img decoding=\"async\" alt=\"\" height=\"10\" src=\"https:\/\/www.agenciaminas.mg.gov.br\/ckeditor_assets\/pictures\/20949\/content_2_olho_topo.jpg\"\/><\/p>\n<p>&#13;\n\t\t\t<\/td>\n<p>&#13;<br \/>\n\t\t<\/tr>\n<p>&#13;<\/p>\n<tr>&#13;<\/p>\n<td style=\"text-align: center; vertical-align: middle;\">\u00a0<\/td>\n<p>&#13;<\/p>\n<td colspan=\"3\" rowspan=\"3\" style=\"text-align: center; vertical-align: middle;\">&#13;<br \/>\n\t\t\t&#13;\n\t\t\t<\/td>\n<p>&#13;<\/p>\n<td style=\"text-align: center; vertical-align: middle;\">\u00a0<\/td>\n<p>&#13;<br \/>\n\t\t<\/tr>\n<p>&#13;<\/p>\n<tr>&#13;<\/p>\n<td style=\"text-align: center; vertical-align: middle;\">\u00a0<\/td>\n<p>&#13;<\/p>\n<td style=\"text-align: center; vertical-align: middle;\">\u00a0<\/td>\n<p>&#13;<br \/>\n\t\t<\/tr>\n<p>&#13;<\/p>\n<tr>&#13;<\/p>\n<td style=\"text-align: center; vertical-align: middle;\">\u00a0<\/td>\n<p>&#13;<\/p>\n<td style=\"text-align: center; vertical-align: middle;\">\u00a0<\/td>\n<p>&#13;<br \/>\n\t\t<\/tr>\n<p>&#13;<\/p>\n<tr>&#13;<\/p>\n<td colspan=\"5\" style=\"text-align: center; vertical-align: middle;\">&#13;<\/p>\n<p style=\"text-align:center\"><img decoding=\"async\" alt=\"\" height=\"10\" src=\"https:\/\/www.agenciaminas.mg.gov.br\/ckeditor_assets\/pictures\/20950\/content_2_olho_inferior.jpg\"\/><\/p>\n<p>&#13;\n\t\t\t<\/td>\n<p>&#13;<br \/>\n\t\t<\/tr>\n<p>&#13;<br \/>\n\t<\/tbody>\n<p>&#13;<br \/>\n<\/table>\n<p>&#13;<br \/>\n<strong>Minas avan\u00e7a rumo ao desenvolvimento<\/strong><\/p>\n<p>Durante a sua palestra, Professor Mateus apresentou as principais a\u00e7\u00f5es e resultados alcan\u00e7ados pela atual gest\u00e3o mas \u00e1reas de desenvolvimento econ\u00f4mico, sa\u00fade, educa\u00e7\u00e3o, seguran\u00e7a e social.<\/p>\n<p>Para ele, o que foi implementado pelo governo ir\u00e1 gerar resultados para os pr\u00f3ximos anos para a popula\u00e7\u00e3o mineira.<\/p>\n<p>\u201cSe o nosso mandato terminasse hoje, n\u00f3s ainda colher\u00edamos resultados positivos em uma s\u00e9rie de \u00e1reas por pelo menos mais 10\u00a0anos. E hoje vou tentar demonstrar aqui, em v\u00e1rias frentes, como que este avan\u00e7o pode ser percebido\u201d, disse.<\/p>\n<p>Na \u00e1rea de desenvolvimento econ\u00f4mico, o vice-governador destacou o crescimento do Produto Interno Bruto (PIB) mineiro, da gera\u00e7\u00e3o de emprego com carteira assinada e da atra\u00e7\u00e3o de investimentos, indicadores que registraram avan\u00e7os expressivos nos \u00faltimos anos.<\/p>\n<p>\u201cEsse crescimento econ\u00f4mico tem por tr\u00e1s de si um esfor\u00e7o relevante do Estado e tem promovido a melhora dos n\u00fameros de Minas Gerais, a ponto de a gente ter conseguido chegar a um \u00edndice de desemprego que \u00e9 o menor da s\u00e9rie hist\u00f3rica medida no Brasil\u201d, comemorou Professor Mateus.<\/p>\n<p>Ainda durante a sua fala, ele destacou uma s\u00e9rie de programas e iniciativas implementadas que j\u00e1 est\u00e3o melhorando a vida de milhares de mineiros, dentre eles est\u00e3o o Trilhas de Futuro, na \u00e1rea da educa\u00e7\u00e3o, e o Provias, que vem melhorando a malha rodovi\u00e1ria do estado.<\/p>\n<p>Na \u00e1rea da sa\u00fade, ele enalteceu o Opera Mais e o investimento feito em obras inacabadas que v\u00e3o descentralizar o servi\u00e7o, levando atendimento de qualidade para as cidades do interior.<\/p>\n<p>\u201cN\u00f3s conseguimos fazer tudo que foi feito at\u00e9 agora sem aumentar a carga efetiva de impostos. N\u00f3s conseguimos fazer quase tudo isso com di\u00e1logo e constru\u00e7\u00e3o conjunta. N\u00f3s vamos continuar lutando para n\u00e3o permitir que Minas Gerais seja esquecida das grandes discuss\u00f5es nacionais. Ent\u00e3o, eu tenho excepcionais expectativas do que vir\u00e1 pela frente\u201d concluiu Professor Mateus.<\/p>\n<\/p><\/div>\n","protected":false},"excerpt":{"rendered":"<p>Relacionadas O vice-governador Professor Mateus participou, nesta sexta-feira (14\/6), do Conex\u00e3o Empresarial 2024, no Grande&#8230;<\/p>\n","protected":false},"author":2,"featured_media":0,"comment_status":"open","ping_status":"open","sticky":false,"template":"","format":"standard","meta":{"footnotes":""},"categories":[],"tags":[],"class_list":["post-10368","post","type-post","status-publish","format-standard","hentry"],"amp_enabled":true,"_links":{"self":[{"href":"https:\/\/ipatingafc.com.br\/index.php\/wp-json\/wp\/v2\/posts\/10368","targetHints":{"allow":["GET"]}}],"collection":[{"href":"https:\/\/ipatingafc.com.br\/index.php\/wp-json\/wp\/v2\/posts"}],"about":[{"href":"https:\/\/ipatingafc.com.br\/index.php\/wp-json\/wp\/v2\/types\/post"}],"author":[{"embeddable":true,"href":"https:\/\/ipatingafc.com.br\/index.php\/wp-json\/wp\/v2\/users\/2"}],"replies":[{"embeddable":true,"href":"https:\/\/ipatingafc.com.br\/index.php\/wp-json\/wp\/v2\/comments?post=10368"}],"version-history":[{"count":0,"href":"https:\/\/ipatingafc.com.br\/index.php\/wp-json\/wp\/v2\/posts\/10368\/revisions"}],"wp:attachment":[{"href":"https:\/\/ipatingafc.com.br\/index.php\/wp-json\/wp\/v2\/media?parent=10368"}],"wp:term":[{"taxonomy":"category","embeddable":true,"href":"https:\/\/ipatingafc.com.br\/index.php\/wp-json\/wp\/v2\/categories?post=10368"},{"taxonomy":"post_tag","embeddable":true,"href":"https:\/\/ipatingafc.com.br\/index.php\/wp-json\/wp\/v2\/tags?post=10368"}],"curies":[{"name":"wp","href":"https:\/\/api.w.org\/{rel}","templated":true}]}}