{"id":10381,"date":"2024-06-15T19:18:57","date_gmt":"2024-06-15T22:18:57","guid":{"rendered":"https:\/\/ipatingafc.com.br\/index.php\/2024\/06\/15\/confira-a-programacao-do-pat-movel-da-proxima-semana-17-a-22-de-junho-agencia-de-noticias\/"},"modified":"2024-06-15T19:18:57","modified_gmt":"2024-06-15T22:18:57","slug":"confira-a-programacao-do-pat-movel-da-proxima-semana-17-a-22-de-junho-agencia-de-noticias","status":"publish","type":"post","link":"https:\/\/ipatingafc.com.br\/index.php\/2024\/06\/15\/confira-a-programacao-do-pat-movel-da-proxima-semana-17-a-22-de-junho-agencia-de-noticias\/","title":{"rendered":"Confira a programa\u00e7\u00e3o do PAT M\u00f3vel da pr\u00f3xima semana (17 a 22 de junho) \u2013 Ag\u00eancia de Not\u00edcias"},"content":{"rendered":"<p><\/p>\n<div>\n<div class=\"col\">\n<p class=\"mt-0\">\n                        <strong><br \/>\n                            <span class=\"far fa-calendar mr-1 mt-2\"\/><br \/>\n                            14 de junho de 2024<br \/>\n                            <span class=\"far fa-clock ml-3 mt-2\"\/><br \/>\n                            15:15<br \/>\n                        <\/strong>\n                    <\/p>\n<p class=\"mb-0\">Por: <strong>Evelyn Azevedo<\/strong><\/p>\n<\/p><\/div>\n<\/p><\/div>\n<div>\n<p><img loading=\"lazy\" decoding=\"async\" class=\"aligncenter wp-image-108106 size-large\" src=\"http:\/\/noticias.sorocaba.sp.gov.br\/wp-content\/uploads\/2023\/06\/noticias.sorocaba.sp.gov.br-confira-a-programacao-do-pat-movel-na-proxima-semana-whatsapp-image-2023-05-26-at-09.22.25-1024x768.jpeg\" alt=\"\" width=\"1024\" height=\"768\" srcset=\"https:\/\/noticias.sorocaba.sp.gov.br\/wp-content\/uploads\/2023\/06\/noticias.sorocaba.sp.gov.br-confira-a-programacao-do-pat-movel-na-proxima-semana-whatsapp-image-2023-05-26-at-09.22.25-1024x768.jpeg 1024w, https:\/\/noticias.sorocaba.sp.gov.br\/wp-content\/uploads\/2023\/06\/noticias.sorocaba.sp.gov.br-confira-a-programacao-do-pat-movel-na-proxima-semana-whatsapp-image-2023-05-26-at-09.22.25-300x225.jpeg 300w, https:\/\/noticias.sorocaba.sp.gov.br\/wp-content\/uploads\/2023\/06\/noticias.sorocaba.sp.gov.br-confira-a-programacao-do-pat-movel-na-proxima-semana-whatsapp-image-2023-05-26-at-09.22.25-768x576.jpeg 768w, https:\/\/noticias.sorocaba.sp.gov.br\/wp-content\/uploads\/2023\/06\/noticias.sorocaba.sp.gov.br-confira-a-programacao-do-pat-movel-na-proxima-semana-whatsapp-image-2023-05-26-at-09.22.25.jpeg 1040w\" sizes=\"auto, (max-width: 1024px) 100vw, 1024px\"\/><\/p>\n<p>A unidade itinerante do Posto de Atendimento ao Trabalhador (PAT M\u00f3vel) de Sorocaba atender\u00e1 em mais seis pontos da cidade, na pr\u00f3xima semana. Vinculado \u00e0 Secretaria de Rela\u00e7\u00f5es do Trabalho e Qualifica\u00e7\u00e3o Profissional (Sert) da Prefeitura de Sorocaba, o PAT M\u00f3vel recebe o morador que est\u00e1 em busca de vaga no mercado de trabalho. O atendimento \u00e9 semelhante \u00e0quele realizado no posto fixo do PAT, no Centro, ou em uma das Casas do Cidad\u00e3o, ampliando o acesso do sorocabano \u00e0s oportunidades de emprego.<\/p>\n<p>Na segunda-feira (17), das 8h30 \u00e0s 12h, o servi\u00e7o estar\u00e1 dispon\u00edvel no Centro de Refer\u00eancia em Assist\u00eancia Social (CRAS) Vila Helena, localizado na Avenida Riusaku Kanizawa, 376, no bairro Lopes de Oliveira. Na ter\u00e7a-feira (18), a partir das 10h, a unidade m\u00f3vel estar\u00e1 durante evento de entrega de obras de pavimenta\u00e7\u00e3o na Rua Miguel Rodrigues Maldonado, 79, no Jardim Ip\u00ea. J\u00e1 na quarta-feira (19), das 8h30 \u00e0s 12h, a unidade m\u00f3vel estacionar\u00e1 na UBS Cerrado, na Rua Visconde do Rio Branco, 885, na Vila Jardini. Na quinta-feira (20), a partir das 10h30, a unidade itinerante atende \u00e0 popula\u00e7\u00e3o durante evento de entrega de obras na \u00e1rea de lazer na Rua Jo\u00e3o Sanches Campos, no Jardim Tulipas. J\u00e1 na sexta-feira (21), das 8h30 \u00e0s 12h, o PAT M\u00f3vel estar\u00e1 no Mercado Distrital, na Rua Benedito Galdino de Barros, 300, no Jardim Brasil\u00e2ndia. Por fim, no s\u00e1bado (22), a partir das 10h, o servi\u00e7o estar\u00e1 dispon\u00edvel durante evento de in\u00edcio de obras de implanta\u00e7\u00e3o de \u00e1rea de lazer na Avenida Ant\u00f4nio Carlos Z\u00facolo, 900, no Altos do Ipanema.<\/p>\n<p>O PAT tamb\u00e9m realiza atendimentos sem necessidade de agendamento pr\u00e9vio em sua unidade fixa, na Rua Coronel Cavalheiros, 353, no Centro, de segunda a sexta-feira, das 8h \u00e0s 16h, assim como nas Casas do Cidad\u00e3o. A recomenda\u00e7\u00e3o \u00e9 apresentar carteira de trabalho, CPF e RG. Os interessados poder\u00e3o enviar curr\u00edculo pelos computadores dispon\u00edveis para uso da popula\u00e7\u00e3o, no PAT Central.<\/p>\n<p>A Prefeitura de Sorocaba igualmente disponibiliza os servi\u00e7os do PAT\/Sine para todo cidad\u00e3o que deseja realizar a consulta sobre vagas de emprego. Ela pode ser feita pelo site: empregabrasil.mte.gov.br e pelo aplicativo para celular Sinefacil. As m\u00eddias sociais da Prefeitura (@prefeituradesorocaba) igualmente publicam, diariamente, as oportunidades de trabalho existentes na cidade.<\/p>\n<p>O mun\u00edcipe pode contatar o PAT Sorocaba pelo WhatsApp: (15) 99149-2474.<\/p>\n<\/p><\/div>\n","protected":false},"excerpt":{"rendered":"<p>14 de junho de 2024 15:15 Por: Evelyn Azevedo A unidade itinerante do Posto de&#8230;<\/p>\n","protected":false},"author":2,"featured_media":0,"comment_status":"open","ping_status":"open","sticky":false,"template":"","format":"standard","meta":{"footnotes":""},"categories":[],"tags":[],"class_list":["post-10381","post","type-post","status-publish","format-standard","hentry"],"amp_enabled":true,"_links":{"self":[{"href":"https:\/\/ipatingafc.com.br\/index.php\/wp-json\/wp\/v2\/posts\/10381","targetHints":{"allow":["GET"]}}],"collection":[{"href":"https:\/\/ipatingafc.com.br\/index.php\/wp-json\/wp\/v2\/posts"}],"about":[{"href":"https:\/\/ipatingafc.com.br\/index.php\/wp-json\/wp\/v2\/types\/post"}],"author":[{"embeddable":true,"href":"https:\/\/ipatingafc.com.br\/index.php\/wp-json\/wp\/v2\/users\/2"}],"replies":[{"embeddable":true,"href":"https:\/\/ipatingafc.com.br\/index.php\/wp-json\/wp\/v2\/comments?post=10381"}],"version-history":[{"count":0,"href":"https:\/\/ipatingafc.com.br\/index.php\/wp-json\/wp\/v2\/posts\/10381\/revisions"}],"wp:attachment":[{"href":"https:\/\/ipatingafc.com.br\/index.php\/wp-json\/wp\/v2\/media?parent=10381"}],"wp:term":[{"taxonomy":"category","embeddable":true,"href":"https:\/\/ipatingafc.com.br\/index.php\/wp-json\/wp\/v2\/categories?post=10381"},{"taxonomy":"post_tag","embeddable":true,"href":"https:\/\/ipatingafc.com.br\/index.php\/wp-json\/wp\/v2\/tags?post=10381"}],"curies":[{"name":"wp","href":"https:\/\/api.w.org\/{rel}","templated":true}]}}