{"id":10407,"date":"2024-06-16T04:56:13","date_gmt":"2024-06-16T07:56:13","guid":{"rendered":"https:\/\/ipatingafc.com.br\/index.php\/2024\/06\/16\/supercine-exibe-hoje-sabado-15-06-na-globo-creed-nascido-para-lutar\/"},"modified":"2024-06-16T04:56:13","modified_gmt":"2024-06-16T07:56:13","slug":"supercine-exibe-hoje-sabado-15-06-na-globo-creed-nascido-para-lutar","status":"publish","type":"post","link":"https:\/\/ipatingafc.com.br\/index.php\/2024\/06\/16\/supercine-exibe-hoje-sabado-15-06-na-globo-creed-nascido-para-lutar\/","title":{"rendered":"Supercine exibe Hoje, S\u00e1bado (15\/06) na Globo &#8211; Creed: Nascido Para Lutar"},"content":{"rendered":"<p><\/p>\n<div>\n<p>COnfira a programa\u00e7\u00e3o da Globo\u00a0 <strong>hoje, 15\/06\/<\/strong><strong>2024 e que horas come\u00e7am os filmes de hoje.\u00a0<\/strong><\/p>\n<p><strong>S\u00e1bado, 15\/06\/2024<\/strong><\/p>\n<p>04:20 Coruj\u00e3o II \u2013 O Paciente: O Caso Tancredo Neves<\/p>\n<p>06:00 Globo Rep\u00f3rter<\/p>\n<p>06:50 \u00c9 de Casa<\/p>\n<p>11:45 Pra\u00e7a TV \u2013 1\u00aa Edi\u00e7\u00e3o<\/p>\n<p>12:50 Troque Sua Antena<\/p>\n<p>13:00 Globo Esporte<\/p>\n<p>13:25 Jornal Hoje<\/p>\n<p>14:10 Cheias de Charme<\/p>\n<p>16:15 Caldeir\u00e3o Com Mion<\/p>\n<p>18:40 No Rancho Fundo<\/p>\n<p>19:25 Pra\u00e7a TV \u2013 2\u00aa Edi\u00e7\u00e3o<\/p>\n<p>19:45 Fam\u00edlia \u00e9 Tudo<\/p>\n<p>20:30 Jornal Nacional<\/p>\n<p>21:20 Renascer<\/p>\n<p>22:25 Altas Horas<\/p>\n<p>00:15 Faixa Combate: Spaten Fight Night<\/p>\n<div>01:00 Supercine \u2013 Creed: Nascido Para Lutar<\/div>\n<p>02:40 Fam\u00edlia \u00e9 Tudo<\/p>\n<p>03:25 Coruj\u00e3o I \u2013 Braven \u2013 Perigo Na Montanha<\/p>\n<p>S\u00e1bado, 08\/06\/2024<\/p>\n<div>\n<h2>Programa\u00e7\u00e3o de Filmes para S\u00e1bado, 15\/06\/2024<\/h2>\n<p>\u00a0<\/p>\n<h3>Coruj\u00e3o II \u2013 O Paciente: O Caso Tancredo Neves (04:20)<\/h3>\n<p>\u00a0<\/p>\n<p>**Sinopse:** O filme narra os \u00faltimos dias de vida de Tancredo Neves, presidente eleito do Brasil que faleceu antes de assumir o cargo. A trama foca nas complica\u00e7\u00f5es m\u00e9dicas que ele enfrentou e os bastidores pol\u00edticos que envolveram sua luta pela sobreviv\u00eancia, trazendo uma vis\u00e3o emocionante e cr\u00edtica desse momento hist\u00f3rico.<\/p>\n<h3>Sess\u00e3o De S\u00e1bado \u2013 Central do Brasil (14:40)<\/h3>\n<p>**Sinopse:** Central do Brasil conta a emocionante hist\u00f3ria de Dora, uma ex-professora que escreve cartas para analfabetos na esta\u00e7\u00e3o Central do Brasil no Rio de Janeiro. Ap\u00f3s a morte de uma cliente, ela se v\u00ea respons\u00e1vel por Josu\u00e9, o filho da mulher, e juntos embarcam em uma jornada pelo interior do Brasil em busca do pai do garoto.<\/p>\n<h3>Supercine \u2013 Creed: Nascido Para Lutar (01:00)<\/h3>\n<p>**Sinopse:** Adonis Johnson, filho do famoso boxeador Apollo Creed, decide seguir os passos do pai e entra no mundo do boxe. Ele busca a ajuda de Rocky Balboa, o antigo rival e amigo de Apollo, para trein\u00e1-lo e enfrentar os desafios tanto dentro quanto fora do ringue. A hist\u00f3ria \u00e9 uma poderosa mistura de legado, fam\u00edlia e supera\u00e7\u00e3o.<\/p>\n<h3>Coruj\u00e3o I \u2013 Braven \u2013 Perigo Na Montanha (03:25)<\/h3>\n<p>**Sinopse:** Joe Braven \u00e9 um madeireiro que vive em uma remota montanha na fronteira dos Estados Unidos com o Canad\u00e1. Ele e seu pai descobrem um esconderijo de drogas em sua cabana. Quando os traficantes chegam para recuperar a mercadoria, Joe precisa defender sua fam\u00edlia e sua casa em um confronto mortal.<\/p>\n<\/div>\n<\/div>\n","protected":false},"excerpt":{"rendered":"<p>COnfira a programa\u00e7\u00e3o da Globo\u00a0 hoje, 15\/06\/2024 e que horas come\u00e7am os filmes de hoje.\u00a0&#8230;<\/p>\n","protected":false},"author":2,"featured_media":0,"comment_status":"open","ping_status":"open","sticky":false,"template":"","format":"standard","meta":{"footnotes":""},"categories":[2],"tags":[],"class_list":["post-10407","post","type-post","status-publish","format-standard","hentry","category-jogos-ao-vivo"],"amp_enabled":true,"_links":{"self":[{"href":"https:\/\/ipatingafc.com.br\/index.php\/wp-json\/wp\/v2\/posts\/10407","targetHints":{"allow":["GET"]}}],"collection":[{"href":"https:\/\/ipatingafc.com.br\/index.php\/wp-json\/wp\/v2\/posts"}],"about":[{"href":"https:\/\/ipatingafc.com.br\/index.php\/wp-json\/wp\/v2\/types\/post"}],"author":[{"embeddable":true,"href":"https:\/\/ipatingafc.com.br\/index.php\/wp-json\/wp\/v2\/users\/2"}],"replies":[{"embeddable":true,"href":"https:\/\/ipatingafc.com.br\/index.php\/wp-json\/wp\/v2\/comments?post=10407"}],"version-history":[{"count":0,"href":"https:\/\/ipatingafc.com.br\/index.php\/wp-json\/wp\/v2\/posts\/10407\/revisions"}],"wp:attachment":[{"href":"https:\/\/ipatingafc.com.br\/index.php\/wp-json\/wp\/v2\/media?parent=10407"}],"wp:term":[{"taxonomy":"category","embeddable":true,"href":"https:\/\/ipatingafc.com.br\/index.php\/wp-json\/wp\/v2\/categories?post=10407"},{"taxonomy":"post_tag","embeddable":true,"href":"https:\/\/ipatingafc.com.br\/index.php\/wp-json\/wp\/v2\/tags?post=10407"}],"curies":[{"name":"wp","href":"https:\/\/api.w.org\/{rel}","templated":true}]}}