{"id":10413,"date":"2024-06-16T08:45:16","date_gmt":"2024-06-16T11:45:16","guid":{"rendered":"https:\/\/ipatingafc.com.br\/index.php\/2024\/06\/16\/agencia-minas-gerais-parto-a-jato-mobiliza-equipe-da-maternidade-odete-valadares\/"},"modified":"2024-06-16T08:45:16","modified_gmt":"2024-06-16T11:45:16","slug":"agencia-minas-gerais-parto-a-jato-mobiliza-equipe-da-maternidade-odete-valadares","status":"publish","type":"post","link":"https:\/\/ipatingafc.com.br\/index.php\/2024\/06\/16\/agencia-minas-gerais-parto-a-jato-mobiliza-equipe-da-maternidade-odete-valadares\/","title":{"rendered":"Ag\u00eancia Minas Gerais | Parto \u201ca jato\u201d mobiliza equipe da Maternidade Odete Valadares\u00a0"},"content":{"rendered":"<p><\/p>\n<div>\n<p>Eram pouco mais de duas horas da madrugada quando o Jo\u00e3o Pedro, de apenas 33 semanas, rec\u00e9m-completadas, deu sinal de que iria nascer. Entre as primeiras contra\u00e7\u00f5es e o seu nascimento, foram menos de 40 minutos. Se n\u00e3o fosse pela ideia do pai de procurar atendimento na Maternidade Odete Valadares (MOV) &#8211; da Funda\u00e7\u00e3o Hospitalar do Estado de Minas Gerais (Fhemig) &#8211; e a agilidade da equipe em receber o casal, o final dessa hist\u00f3ria poderia ter sido bem diferente.\u00a0<\/p>\n<figure class=\"image\" style=\"float:left\"><img loading=\"lazy\" decoding=\"async\" alt=\"\" height=\"240\" src=\"https:\/\/www.agenciaminas.mg.gov.br\/ckeditor_assets\/pictures\/21146\/content_parto_jato_fotojulianamoreira_2.jpeg\" width=\"320\"\/>&#13;<figcaption><sup><em>Juliana Moreira \/ Fhemig<\/em><\/sup><\/figcaption>&#13;<br \/>\n<\/figure>\n<p>\u201cSenti as primeiras contra\u00e7\u00f5es na madrugada e, ent\u00e3o, eu e meu marido come\u00e7amos a nos arrumar para irmos \u00e0 maternidade. Chegamos a ligar para o meu obstetra, que faria o parto em um hospital da rede privada, em Nova Lima. Mas, logo que entramos no elevador do meu pr\u00e9dio, minha bolsa rompeu\u201d, conta a m\u00e3e, a advogada Bruna Villas Boas Campos.\u00a0<\/p>\n<p>\u201cSa\u00edmos do elevador e fomos em dire\u00e7\u00e3o ao carro. L\u00e1 j\u00e1 pude ver os dedinhos do p\u00e9 do beb\u00ea saindo. Minha esposa perguntou o que estava acontecendo, pois sentia algo saindo de dentro dela. Para tentar tranquiliz\u00e1-la, disse que estava tudo normal, que era somente uma esp\u00e9cie de muco\u201d, completa o pai, que \u00e9 m\u00e9dico e diretor de Sa\u00fade do Ipsemg, Felippe Gon\u00e7alves Declie Fagioli.<\/p>\n<p>Da resid\u00eancia do casal at\u00e9 a MOV foram menos de cinco minutos, j\u00e1 que, pelo hor\u00e1rio, n\u00e3o havia tr\u00e2nsito. \u201cFoi uma correria, ningu\u00e9m estava esperando.Eu estava no plant\u00e3o atendendo uma outra paciente quando as t\u00e9cnicas de enfermagem chegaram dizendo que tinha um beb\u00ea nascendo no carro. Peguei minhas luvas e fui correndo at\u00e9 a Bruna. Quando cheguei, o beb\u00ea j\u00e1 estava com as perninhas quase todas para fora. Colocamos ela na maca e seguimos rapidamente para o bloco. Dentro do elevador eu j\u00e1 pedi a\u00a0ela que fizesse for\u00e7a e fui ajudando o beb\u00ea a descer mais. Ao chegarmos ao bloco obst\u00e9trico, ele estava com quase todo o corpo para fora e a cabecinha j\u00e1 come\u00e7ou a sair. Realizei a \u00faltima manobra e ele nasceu. Foi uma grande emo\u00e7\u00e3o! Por se tratar de um beb\u00ea prematuro, ele precisou de algumas manobras para respirar melhor\u201d, lembra a m\u00e9dica residente do 3\u00ba ano de ginecologia e obstetr\u00edcia, Manuela Lopes de Araujo Pinheiro.\u00a0<\/p>\n<p>Ela conta que foi um susto muito grande tamb\u00e9m por se tratar de um parto p\u00e9lvico &#8211; em que o beb\u00ea nasce sentado. \u201c\u00c9 um parto mais complexo, que envolve muito mais riscos e complica\u00e7\u00f5es. Mas, no final, deu tudo certo e tanto o beb\u00ea quanto a m\u00e3e ficaram bem\u201d, afirma.\u00a0<\/p>\n<p><strong>Gravidez de risco<\/strong><\/p>\n<p>Felipe ressalta que a esposa havia feito um ultrassom na noite anterior e n\u00e3o tinha nenhum ind\u00edcio de que estava em trabalho de parto. Ele explica que a gravidez era considerada de alto risco, pois ela j\u00e1 estava tendo contra\u00e7\u00f5es desde a 22\u00aa semana e, por isso, estava em repouso absoluto e fazendo uso de medicamentos para tentar segurar mais tempo o beb\u00ea na barriga.\u00a0<\/p>\n<p><strong>S\u00f3 elogios<\/strong><\/p>\n<p>Passado o susto, os pais s\u00e3o s\u00f3 elogios \u00e0 Maternidade Odete Valadares. \u201cFoi uma situa\u00e7\u00e3o bem desesperadora, mas fui prontamente atendida pela equipe do hospital. Logo que chegamos na sala de parto, a equipe m\u00e9dica j\u00e1 estava toda nos aguardando. Acho que isso foi determinante para que desse tudo certo, porque sabemos que nessas horas cada segundo conta\u201d, afirma Bruna.\u00a0<\/p>\n<p>O pai concorda. \u201cFoi tudo muito r\u00e1pido, uma velocidade assustadora. Da hora que a bolsa rompeu at\u00e9 ele nascer, deve ter dado menos de oito minutos. Como era um beb\u00ea prematuro, se tiv\u00e9ssemos optado por irmos para o hospital planejado, ele nasceria no carro e n\u00e3o ter\u00edamos como dar a assist\u00eancia pedi\u00e1trica adequada, podendo ter um risco de morte ou alguma sequela neurol\u00f3gica grave. Aqui ele foi super bem atendido e sua recupera\u00e7\u00e3o est\u00e1 sendo muito boa. Estamos gostando muito do hospital.Tanto que nem cogitamos transferi-lo para outro. O pr\u00f3prio obstetra da Bruna disse que n\u00e3o h\u00e1 necessidade, j\u00e1 que a MOV \u00e9 uma maternidade com \u00f3tima assist\u00eancia\u201d, afirma Felipe, que j\u00e1 trabalhou no CTI Adulto da unidade por quatro anos.\u00a0<\/p>\n<p>Atualmente, Jo\u00e3o Pedro segue internado na Unidade de Cuidados Intermedi\u00e1rios Canguru (Ucinca). \u201cAs m\u00e9dicas respons\u00e1veis disseram que ele est\u00e1 indo muito bem e nossa expectativa \u00e9 que ele tenha alta da UTI em breve\u201d, finaliza o pai.<\/p>\n<p><strong>Parto \u201ca jato\u201d<\/strong><\/p>\n<p>De acordo com a ginecologista e obstetra, coordenadora da resid\u00eancia m\u00e9dica da Ginecologia e Obstetr\u00edcia da MOV, Beatriz Am\u00e9lia Monteiro de Andrade, o tempo de trabalho de parto \u00e9 bastante vari\u00e1vel, durando em m\u00e9dia de 8 a 12 horas na fase ativa.<\/p>\n<p>No entanto, ela explica que alguns fatores podem acelerar esse processo. \u201cInfec\u00e7\u00e3o uterina, mulheres que j\u00e1 tiveram mais de dois partos vaginais, e em casos de fetos prematuros, o tempo pode ser menor\u201d.<\/p>\n<p><strong>Quando procurar atendimento<\/strong><\/p>\n<p>A ginecologista e obstetra alerta que a gestante deve procurar atendimento assim que observar que as contra\u00e7\u00f5es uterinas &#8211; endurecimento intermitente do abdome materno &#8211; atingem um padr\u00e3o de dois eventos a cada 10 minutos, com dura\u00e7\u00e3o de pelo menos 25 segundos (isso com a paciente deitada).<\/p>\n<p>\u201cO rompimento da bolsa (sa\u00edda involunt\u00e1ria de l\u00edquido pela vagina) ou a\u00a0 perda de sangue em quantidade moderada tamb\u00e9m s\u00e3o sinais de que a paciente deve ser avaliada por um profissional da \u00e1rea. Al\u00e9m disso, sempre que poss\u00edvel, a gestante e seu beb\u00ea devem ser examinados, pois intercorr\u00eancias podem acontecer. Nesses casos, a gestante deve ser levada rapidamente ao hospital mais pr\u00f3ximo ou chamar o Samu (192).\u00a0<\/p>\n<p><strong>O que fazer se n\u00e3o der tempo<\/strong><\/p>\n<p>A m\u00e9dica explica\u00a0ainda o que fazer se o beb\u00ea nascer antes da chegada ao hospital.\u201cCaso o beb\u00ea esteja prestes a nascer sem a presen\u00e7a de um profissional de sa\u00fade, \u00e9 importante que a paciente mantenha as pernas um pouco afastadas, permitindo a sa\u00edda do beb\u00ea. Depois, devem sec\u00e1-lo e deix\u00e1-lo junto \u00e0 m\u00e3e para que n\u00e3o perca calor, enquanto seja providenciada &#8211; o mais r\u00e1pido poss\u00edvel &#8211; a\u00a0 avalia\u00e7\u00e3o de um profissional\u201d, orienta.\u00a0\u00a0<\/p>\n<p><strong>Sobre a maternidade<\/strong><\/p>\n<p>A Maternidade Odete Valadares (MOV) est\u00e1 localizada no bairro Prado, em Belo Horizonte, e foi inaugurada em 1955. Todos os atendimentos e exames s\u00e3o realizados pelo Sistema \u00danico de Sa\u00fade (SUS).<\/p>\n<p>Atualmente, a unidade presta assist\u00eancia integral \u00e0 sa\u00fade da mulher e ao neonato e \u00e9 refer\u00eancia em gesta\u00e7\u00e3o de alto risco, al\u00e9m de atuar como hospital de ensino e possibilitar a capacita\u00e7\u00e3o e o aprimoramento dos profissionais da \u00e1rea.\u00a0<\/p>\n<p>\u00a0<\/p>\n<\/p><\/div>\n","protected":false},"excerpt":{"rendered":"<p>Eram pouco mais de duas horas da madrugada quando o Jo\u00e3o Pedro, de apenas 33&#8230;<\/p>\n","protected":false},"author":2,"featured_media":0,"comment_status":"open","ping_status":"open","sticky":false,"template":"","format":"standard","meta":{"footnotes":""},"categories":[],"tags":[],"class_list":["post-10413","post","type-post","status-publish","format-standard","hentry"],"amp_enabled":true,"_links":{"self":[{"href":"https:\/\/ipatingafc.com.br\/index.php\/wp-json\/wp\/v2\/posts\/10413","targetHints":{"allow":["GET"]}}],"collection":[{"href":"https:\/\/ipatingafc.com.br\/index.php\/wp-json\/wp\/v2\/posts"}],"about":[{"href":"https:\/\/ipatingafc.com.br\/index.php\/wp-json\/wp\/v2\/types\/post"}],"author":[{"embeddable":true,"href":"https:\/\/ipatingafc.com.br\/index.php\/wp-json\/wp\/v2\/users\/2"}],"replies":[{"embeddable":true,"href":"https:\/\/ipatingafc.com.br\/index.php\/wp-json\/wp\/v2\/comments?post=10413"}],"version-history":[{"count":0,"href":"https:\/\/ipatingafc.com.br\/index.php\/wp-json\/wp\/v2\/posts\/10413\/revisions"}],"wp:attachment":[{"href":"https:\/\/ipatingafc.com.br\/index.php\/wp-json\/wp\/v2\/media?parent=10413"}],"wp:term":[{"taxonomy":"category","embeddable":true,"href":"https:\/\/ipatingafc.com.br\/index.php\/wp-json\/wp\/v2\/categories?post=10413"},{"taxonomy":"post_tag","embeddable":true,"href":"https:\/\/ipatingafc.com.br\/index.php\/wp-json\/wp\/v2\/tags?post=10413"}],"curies":[{"name":"wp","href":"https:\/\/api.w.org\/{rel}","templated":true}]}}