{"id":10436,"date":"2024-06-16T18:18:02","date_gmt":"2024-06-16T21:18:02","guid":{"rendered":"https:\/\/ipatingafc.com.br\/index.php\/2024\/06\/16\/primeira-reuniao-de-cupula-do-urban20-presidido-por-rio-e-sao-paulo-comeca-nesta-segunda-feira-prefeitura-da-cidade-do-rio-de-janeiro\/"},"modified":"2024-06-16T18:18:02","modified_gmt":"2024-06-16T21:18:02","slug":"primeira-reuniao-de-cupula-do-urban20-presidido-por-rio-e-sao-paulo-comeca-nesta-segunda-feira-prefeitura-da-cidade-do-rio-de-janeiro","status":"publish","type":"post","link":"https:\/\/ipatingafc.com.br\/index.php\/2024\/06\/16\/primeira-reuniao-de-cupula-do-urban20-presidido-por-rio-e-sao-paulo-comeca-nesta-segunda-feira-prefeitura-da-cidade-do-rio-de-janeiro\/","title":{"rendered":"Primeira reuni\u00e3o de c\u00fapula do Urban20, presidido por Rio e S\u00e3o Paulo, come\u00e7a nesta segunda-feira &#8211; Prefeitura da Cidade do Rio de Janeiro"},"content":{"rendered":"<p><\/p>\n<div id=\"main\">\n<div class=\"wrapper-breadcrumbs\" wp_automatic_readability=\"53.413640922768\">\n<div class=\"image-post\" wp_automatic_readability=\"34\">\n                     <img loading=\"lazy\" decoding=\"async\" width=\"400\" height=\"267\" srcset=\"https:\/\/prefeitura.rio\/wp-content\/uploads\/2024\/06\/Foto-2.jpg 400w, https:\/\/prefeitura.rio\/wp-content\/uploads\/2024\/06\/Foto-2-360x240.jpg 360w\" src=\"https:\/\/prefeitura.rio\/wp-content\/uploads\/2024\/06\/Foto-2.jpg\" class=\"attachment-post-thumbnail size-post-thumbnail wp-post-image lazyload\" alt=\"\" sizes=\"auto, (max-width: 400px) 100vw, 400px\"\/>A Prefeitura do Rio marcar\u00e1 presen\u00e7a na reuni\u00e3o de c\u00fapula do Urban20, em S\u00e3o Paulo &#8211; Marcos de Paula\/Prefeitura do Rio                  <\/div>\n<p>O primeiro encontro do Urban20 (U20), grupo de engajamento das cidades do G20 \u2013 grupo das principais economias do mundo \u2013 reunir\u00e1 autoridades de 38 munic\u00edpios, nesta segunda-feira (17\/6) e ter\u00e7a-feira (18\/6), no Instituto Tomie Ohtake, na capital paulista. O grupo e\u0301 co-presidido pelos munici\u0301pios do Rio de Janeiro e Sa\u0303o Paulo. Um dos objetivos principais da reuni\u00e3o \u00e9 refor\u00e7ar o papel de governos locais como l\u00edderes econ\u00f4micos e pol\u00edticos mundiais. Entre as pautas fundamentais est\u00e1 o combate ao aquecimento global.<\/p>\n<blockquote wp_automatic_readability=\"21\">\n<p>\u2013 As a\u00e7\u00f5es de enfrentamento das mudan\u00e7as clim\u00e1ticas est\u00e3o nas cidades, que s\u00e3o os motores do crescimento econ\u00f4mico e representam mais de 80% do PIB mundial. Mas s\u00e3o necess\u00e1rios mecanismos, dentro da governan\u00e7a global, que garantam acesso o financiamento internacional \u00e0s cidades. Os munic\u00edpios dos pa\u00edses em desenvolvimento t\u00eam potencial para atrair cerca de US$ 30 bilh\u00f5es em investimentos relacionados ao clima at\u00e9 2030. O G20 \u00e9 uma oportunidade \u00fanica para mostramos \u00e0s maiores lideran\u00e7as mundiais a import\u00e2ncia da reforma financeira global \u2013 afirmou o prefeito do Rio, Eduardo Paes.<\/p>\n<p>\u2013 A c\u00fapula de prefeitos \u00e9 o principal evento do U20, uma grande oportunidade para debater ideias e elaborar pol\u00edticas p\u00fablicas comprometidas com o desenvolvimento urbano sustent\u00e1vel. A cidade de S\u00e3o Paulo tem a honra de sediar t\u00e3o importante encontro e, na nossa tradi\u00e7\u00e3o em receber bem, deseja uma excelente participa\u00e7\u00e3o e experi\u00eancia a todos \u2013 destacou o prefeito de S\u00e3o Paulo, Ricardo Nunes.<\/p>\n<\/blockquote>\n<p>O encontro busca promover a diplomacia urbana, discutir as prioridades estabelecidas pela presid\u00eancia do G20 sob a perspectiva urbana, planejar a\u00e7\u00f5es e favorecer novos neg\u00f3cios e a coopera\u00e7\u00e3o internacional entre os munic\u00edpios do U20.<\/p>\n<blockquote wp_automatic_readability=\"25\">\n<p>\u2013 A co-presid\u00eancia com S\u00e3o Paulo \u00e9 fundamental e demonstra nossa prioridade em avan\u00e7ar o desenvolvimento urbano sustent\u00e1vel e a resili\u00eancia nas cidades no Brasil e no mundo. S\u00e3o duas das maiores cidades do Sul Global levando a cabo um debate de alto n\u00edvel com outros prefeitos do G20, prontos para reverter o atual quadro de desigualdade global e mitigar os impactos ambientais e sociais das mudan\u00e7as clim\u00e1ticas. Esse esfor\u00e7o conjunto visa produzir um entendimento internacional comum sobre a import\u00e2ncia das pol\u00edticas p\u00fablicas urbanas, de encontrar solu\u00e7\u00f5es inovadoras sustent\u00e1veis e meios de implementa\u00e7\u00e3o delas, construindo um futuro mais justo e equitativo para todos \u2013 disse Ant\u00f4nio Mariano, coordenador de Rela\u00e7\u00f5es Internacionais da cidade do Rio.<\/p>\n<p>\u2013 O Urban 20 \u00e9 uma iniciativa de diplomacia que congrega cidades dos pa\u00edses membros do G20, com o objetivo de promover o debate e a articula\u00e7\u00e3o pol\u00edtica de recomenda\u00e7\u00f5es nas pautas de economia, clima e desenvolvimento dos governos locais, buscando sensibilizar os l\u00edderes do G20 quanto a import\u00e2ncia e necessidade das cidades participarem em discuss\u00f5es de import\u00e2ncia global. O F\u00f3rum Urbano ser\u00e1 uma oportunidade de coopera\u00e7\u00e3o entre cidades globais, de troca de experi\u00eancias entre os pa\u00edses, al\u00e9m de facilitar a prospec\u00e7\u00e3o de investimentos e de poder apresentar, para o mundo, as principais pol\u00edticas p\u00fablicas da Prefeitura de S\u00e3o Paulo \u2013 afirmou a secret\u00e1ria-adjunta de Rela\u00e7\u00f5es Internacionais da Prefeitura de S\u00e3o Paulo, embaixadora Maria Auxiliadora Figueiredo.<\/p>\n<\/blockquote>\n<p>O ciclo do U20 sob a co-presid\u00eancia de Rio e S\u00e3o Paulo ter\u00e1 duas novidades. A primeira \u00e9 a oportunidade de apresentar as principais recomenda\u00e7\u00f5es para a presid\u00eancia do G20 ainda na terceira rodada de negocia\u00e7\u00f5es do Sherpas. A reuni\u00e3o est\u00e1 prevista para 3 a 5 de julho na cidade o Rio de Janeiro.<\/p>\n<p>A segunda \u00e9 que a pr\u00f3xima C\u00fapula do U20, em novembro, no Rio, ser\u00e1 realizada, pela primeira vez, na v\u00e9spera do encontro entre chefes de Estado e de governo do G20. Como a estrutura local lida mais diretamente com as crises, desde a desigualdade econ\u00f4mica at\u00e9 as cat\u00e1strofes clim\u00e1ticas, a realiza\u00e7\u00e3o do encontro de prefeitos \u00e0s v\u00e9speras da c\u00fapula do G20 pode promover relevante influ\u00eancia nas discuss\u00f5es de chefes de Estados quanto \u00e0 governan\u00e7a global e entre os diversos n\u00edveis da administra\u00e7\u00e3o p\u00fablica.<\/p>\n<p>             <!-- Compartilhe ---><\/p>\n<p>\t\t\t <!-- TAGS --><\/p>\n<section class=\"category-tags\">\n<div class=\"marcacao-category\">\n<article class=\"category-post\">\n<p>Categoria: <\/p>\n<\/article>\n<li>16 de junho de 2024<\/li><\/div>\n<article class=\"tags\">\n\t\t\t\t\tMarca\u00e7\u00f5es: c\u00fapula do Urban20 G20 Prefeitura do Rio reuni\u00e3o U20<br \/><\/article>\n<\/section>\n<p>            <!-- Mais Not&iacute;cias --><\/p>\n<p>\t\t<!-- Conte&uacute;do SIDEBAR --><\/p><\/div>\n<\/p><\/div>\n","protected":false},"excerpt":{"rendered":"<p>A Prefeitura do Rio marcar\u00e1 presen\u00e7a na reuni\u00e3o de c\u00fapula do Urban20, em S\u00e3o Paulo&#8230;<\/p>\n","protected":false},"author":2,"featured_media":0,"comment_status":"open","ping_status":"open","sticky":false,"template":"","format":"standard","meta":{"footnotes":""},"categories":[],"tags":[],"class_list":["post-10436","post","type-post","status-publish","format-standard","hentry"],"amp_enabled":true,"_links":{"self":[{"href":"https:\/\/ipatingafc.com.br\/index.php\/wp-json\/wp\/v2\/posts\/10436","targetHints":{"allow":["GET"]}}],"collection":[{"href":"https:\/\/ipatingafc.com.br\/index.php\/wp-json\/wp\/v2\/posts"}],"about":[{"href":"https:\/\/ipatingafc.com.br\/index.php\/wp-json\/wp\/v2\/types\/post"}],"author":[{"embeddable":true,"href":"https:\/\/ipatingafc.com.br\/index.php\/wp-json\/wp\/v2\/users\/2"}],"replies":[{"embeddable":true,"href":"https:\/\/ipatingafc.com.br\/index.php\/wp-json\/wp\/v2\/comments?post=10436"}],"version-history":[{"count":0,"href":"https:\/\/ipatingafc.com.br\/index.php\/wp-json\/wp\/v2\/posts\/10436\/revisions"}],"wp:attachment":[{"href":"https:\/\/ipatingafc.com.br\/index.php\/wp-json\/wp\/v2\/media?parent=10436"}],"wp:term":[{"taxonomy":"category","embeddable":true,"href":"https:\/\/ipatingafc.com.br\/index.php\/wp-json\/wp\/v2\/categories?post=10436"},{"taxonomy":"post_tag","embeddable":true,"href":"https:\/\/ipatingafc.com.br\/index.php\/wp-json\/wp\/v2\/tags?post=10436"}],"curies":[{"name":"wp","href":"https:\/\/api.w.org\/{rel}","templated":true}]}}