{"id":10442,"date":"2024-06-16T19:54:57","date_gmt":"2024-06-16T22:54:57","guid":{"rendered":"https:\/\/ipatingafc.com.br\/index.php\/2024\/06\/16\/tunel-santa-barbara-sera-fechado-para-obras-de-revitalizacao-prefeitura-da-cidade-do-rio-de-janeiro-2\/"},"modified":"2024-06-16T19:54:57","modified_gmt":"2024-06-16T22:54:57","slug":"tunel-santa-barbara-sera-fechado-para-obras-de-revitalizacao-prefeitura-da-cidade-do-rio-de-janeiro-2","status":"publish","type":"post","link":"https:\/\/ipatingafc.com.br\/index.php\/2024\/06\/16\/tunel-santa-barbara-sera-fechado-para-obras-de-revitalizacao-prefeitura-da-cidade-do-rio-de-janeiro-2\/","title":{"rendered":"T\u00fanel Santa B\u00e1rbara ser\u00e1 fechado para obras de revitaliza\u00e7\u00e3o &#8211; Prefeitura da Cidade do Rio de Janeiro"},"content":{"rendered":"<p><\/p>\n<div id=\"main\">\n<div class=\"wrapper-breadcrumbs\" wp_automatic_readability=\"14.318181818182\">\n<div class=\"image-post\" wp_automatic_readability=\"33\">\n                     <img loading=\"lazy\" decoding=\"async\" width=\"799\" height=\"533\" srcset=\"https:\/\/prefeitura.rio\/wp-content\/uploads\/2023\/06\/52576084278_f510035849_c-1.jpg 799w, https:\/\/prefeitura.rio\/wp-content\/uploads\/2023\/06\/52576084278_f510035849_c-1-360x240.jpg 360w, https:\/\/prefeitura.rio\/wp-content\/uploads\/2023\/06\/52576084278_f510035849_c-1-600x400.jpg 600w, https:\/\/prefeitura.rio\/wp-content\/uploads\/2023\/06\/52576084278_f510035849_c-1-768x512.jpg 768w\" src=\"https:\/\/prefeitura.rio\/wp-content\/uploads\/2023\/06\/52576084278_f510035849_c-1.jpg\" class=\"attachment-post-thumbnail size-post-thumbnail wp-post-image lazyload\" alt=\"\" sizes=\"auto, (max-width: 799px) 100vw, 799px\"\/>T\u00fanel Santa B\u00e1rbara ser\u00e1 interditado para obras de revitaliza\u00e7\u00e3o- Marcos de Paula\/Prefeitura do Rio                  <\/div>\n<p>A CET-Rio informa que o T\u00fanel Santa B\u00e1rbara ser\u00e1 interditado, na madrugada deste domingo para segunda, no sentido Laranjeiras, de 00h30 at\u00e9 5h30, para obras de revitaliza\u00e7\u00e3o. A galeria no sentido Santo Cristo funcionar\u00e1 normalmente.<\/p>\n<p>Sinaliza\u00e7\u00e3o espec\u00edfica ser\u00e1 instalada para orientar e alertar os motoristas. Operadores da CET-Rio v\u00e3o monitorar as condi\u00e7\u00f5es do tr\u00e2nsito e atuar, se necess\u00e1rio. Os tempos dos sinais ser\u00e3o ajustados para melhorar a fluidez da rota de desvio e nos principais corredores da regi\u00e3o.<\/p>\n<p>Esta programa\u00e7\u00e3o poder\u00e1 ser suspensa por conta das condi\u00e7\u00f5es clim\u00e1ticas ou a quest\u00f5es operacionais da cidade.<\/p>\n<p>             <!-- Compartilhe ---><\/p>\n<p>\t\t\t <!-- TAGS --><\/p>\n<section class=\"category-tags\">\n<div class=\"marcacao-category\">\n<article class=\"category-post\">\n<p>Categoria: <\/p>\n<\/article>\n<li>16 de junho de 2024<\/li><\/div>\n<article class=\"tags\">\n\t\t\t\t\tMarca\u00e7\u00f5es: CET-Rio Interdi\u00e7\u00e3o obras de revitaliza\u00e7\u00e3o tr\u00e2nsito T\u00fanel Santa B\u00e1rbara<br \/><\/article>\n<\/section>\n<p>            <!-- Mais Not&iacute;cias --><\/p>\n<p>\t\t<!-- Conte&uacute;do SIDEBAR --><\/p><\/div>\n<\/p><\/div>\n","protected":false},"excerpt":{"rendered":"<p>T\u00fanel Santa B\u00e1rbara ser\u00e1 interditado para obras de revitaliza\u00e7\u00e3o- Marcos de Paula\/Prefeitura do Rio A&#8230;<\/p>\n","protected":false},"author":2,"featured_media":0,"comment_status":"open","ping_status":"open","sticky":false,"template":"","format":"standard","meta":{"footnotes":""},"categories":[],"tags":[],"class_list":["post-10442","post","type-post","status-publish","format-standard","hentry"],"amp_enabled":true,"_links":{"self":[{"href":"https:\/\/ipatingafc.com.br\/index.php\/wp-json\/wp\/v2\/posts\/10442","targetHints":{"allow":["GET"]}}],"collection":[{"href":"https:\/\/ipatingafc.com.br\/index.php\/wp-json\/wp\/v2\/posts"}],"about":[{"href":"https:\/\/ipatingafc.com.br\/index.php\/wp-json\/wp\/v2\/types\/post"}],"author":[{"embeddable":true,"href":"https:\/\/ipatingafc.com.br\/index.php\/wp-json\/wp\/v2\/users\/2"}],"replies":[{"embeddable":true,"href":"https:\/\/ipatingafc.com.br\/index.php\/wp-json\/wp\/v2\/comments?post=10442"}],"version-history":[{"count":0,"href":"https:\/\/ipatingafc.com.br\/index.php\/wp-json\/wp\/v2\/posts\/10442\/revisions"}],"wp:attachment":[{"href":"https:\/\/ipatingafc.com.br\/index.php\/wp-json\/wp\/v2\/media?parent=10442"}],"wp:term":[{"taxonomy":"category","embeddable":true,"href":"https:\/\/ipatingafc.com.br\/index.php\/wp-json\/wp\/v2\/categories?post=10442"},{"taxonomy":"post_tag","embeddable":true,"href":"https:\/\/ipatingafc.com.br\/index.php\/wp-json\/wp\/v2\/tags?post=10442"}],"curies":[{"name":"wp","href":"https:\/\/api.w.org\/{rel}","templated":true}]}}