{"id":10447,"date":"2024-06-16T22:17:04","date_gmt":"2024-06-17T01:17:04","guid":{"rendered":"https:\/\/ipatingafc.com.br\/index.php\/2024\/06\/16\/agencia-minas-gerais-governo-de-minas-conclui-mais-duas-obras-em-rodovias-no-vale-do-rio-doce\/"},"modified":"2024-06-16T22:17:04","modified_gmt":"2024-06-17T01:17:04","slug":"agencia-minas-gerais-governo-de-minas-conclui-mais-duas-obras-em-rodovias-no-vale-do-rio-doce","status":"publish","type":"post","link":"https:\/\/ipatingafc.com.br\/index.php\/2024\/06\/16\/agencia-minas-gerais-governo-de-minas-conclui-mais-duas-obras-em-rodovias-no-vale-do-rio-doce\/","title":{"rendered":"Ag\u00eancia Minas Gerais | Governo de Minas conclui mais duas obras em rodovias no Vale do Rio Doce"},"content":{"rendered":"<p><\/p>\n<div>\n<p>O Governo de Minas concluiu a recupera\u00e7\u00e3o de mais duas rodovias no Vale do Rio Doce. S\u00e3o 25,4 quil\u00f4metros na MG-329, trecho de Caratinga a Bom Jesus do Galho, e 19,3 quil\u00f4metros na LMG-823, entre Inhapim e S\u00e3o Sebasti\u00e3o do Anta. Juntas, as melhorias somam, aproximadamente, 45 quil\u00f4metros de extens\u00e3o e trazem mais qualidade de vida das pessoas, al\u00e9m de impulsionar a economia da regi\u00e3o, vocacionada para o plantio de caf\u00e9.<\/p>\n<p>Aguardadas h\u00e1 mais de dez anos pelos mineiros, a recupera\u00e7\u00e3o de todo pavimento dos dois segmentos vai permitir o deslocamento mais seguro e confort\u00e1vel para mais de 200 mil pessoas que vivem na regi\u00e3o.<\/p>\n<figure class=\"image\" style=\"float:right\"><img loading=\"lazy\" decoding=\"async\" alt=\"\" height=\"427\" src=\"https:\/\/www.agenciaminas.mg.gov.br\/ckeditor_assets\/pictures\/21140\/content_lmg-823_14062401_der-mg.jpg\" width=\"320\"\/>&#13;<figcaption><sub><em>LMG-823 (DER-MG \/ Divulga\u00e7\u00e3o)<\/em><\/sub><\/figcaption>&#13;<br \/>\n<\/figure>\n<p>&#13;<br \/>\nOs servi\u00e7os, sob a responsabilidade do Departamento de Estradas de Rodagem de Minas Gerais (DER-MG), focaram na recupera\u00e7\u00e3o funcional e estrutural do pavimento, previstos no \u00e2mbito do Provias, maior pacote de obras rodovi\u00e1rias da \u00faltima d\u00e9cada. Iniciadas em maio do ano passado, as interven\u00e7\u00f5es receberam o investimento de R$ 18 milh\u00f5es.<\/p>\n<p>As duas rodovias integram um percurso rodovi\u00e1rio de escoamento da safra de caf\u00e9 da regi\u00e3o. Al\u00e9m disso, a MG-329 \u00e9 uma importante liga\u00e7\u00e3o com a BR-116, no munic\u00edpio de Caratinga, fazendo a conex\u00e3o com \u00e0 BR-262, pr\u00f3ximo a Rio Casca, na Zona da Mata.<\/p>\n<p><strong>Provias<\/strong><\/p>\n<p>Considerado o maior programa de recupera\u00e7\u00e3o rodovi\u00e1ria da \u00faltima d\u00e9cada, o Provias, do Governo de Minas, tem como objetivo reverter a situa\u00e7\u00e3o prec\u00e1ria em que se encontram muitas rodovias mineiras devido ao baixo investimento realizado por gest\u00f5es anteriores na manuten\u00e7\u00e3o das estradas. O programa leva mais seguran\u00e7a e investimentos para o estado.<\/p>\n<p>Dos recursos destinados ao Provias, parte \u00e9 originado do Acordo Judicial com o objetivo de reparar danos decorrentes do desastre de Brumadinho, que tirou 272 vidas e gerou uma s\u00e9rie de impactos sociais, ambientais e econ\u00f4micos na bacia do Rio Paraopeba e em todo o estado de Minas Gerais.<\/p>\n<p>No lan\u00e7amento do pacote de obras, h\u00e1 dois anos, eram 99 trechos de rodovias e\u00a0hoje s\u00e3o 142, das quais 62 est\u00e3o conclu\u00eddas, 44 em andamento e 36 a iniciar.\u00a0Os investimentos tamb\u00e9m aumentaram, passando de R$2 bilh\u00f5es para 4,5 bilh\u00f5es at\u00e9 o final do programa.<\/p>\n<\/p><\/div>\n","protected":false},"excerpt":{"rendered":"<p>O Governo de Minas concluiu a recupera\u00e7\u00e3o de mais duas rodovias no Vale do Rio&#8230;<\/p>\n","protected":false},"author":2,"featured_media":0,"comment_status":"open","ping_status":"open","sticky":false,"template":"","format":"standard","meta":{"footnotes":""},"categories":[],"tags":[],"class_list":["post-10447","post","type-post","status-publish","format-standard","hentry"],"amp_enabled":true,"_links":{"self":[{"href":"https:\/\/ipatingafc.com.br\/index.php\/wp-json\/wp\/v2\/posts\/10447","targetHints":{"allow":["GET"]}}],"collection":[{"href":"https:\/\/ipatingafc.com.br\/index.php\/wp-json\/wp\/v2\/posts"}],"about":[{"href":"https:\/\/ipatingafc.com.br\/index.php\/wp-json\/wp\/v2\/types\/post"}],"author":[{"embeddable":true,"href":"https:\/\/ipatingafc.com.br\/index.php\/wp-json\/wp\/v2\/users\/2"}],"replies":[{"embeddable":true,"href":"https:\/\/ipatingafc.com.br\/index.php\/wp-json\/wp\/v2\/comments?post=10447"}],"version-history":[{"count":0,"href":"https:\/\/ipatingafc.com.br\/index.php\/wp-json\/wp\/v2\/posts\/10447\/revisions"}],"wp:attachment":[{"href":"https:\/\/ipatingafc.com.br\/index.php\/wp-json\/wp\/v2\/media?parent=10447"}],"wp:term":[{"taxonomy":"category","embeddable":true,"href":"https:\/\/ipatingafc.com.br\/index.php\/wp-json\/wp\/v2\/categories?post=10447"},{"taxonomy":"post_tag","embeddable":true,"href":"https:\/\/ipatingafc.com.br\/index.php\/wp-json\/wp\/v2\/tags?post=10447"}],"curies":[{"name":"wp","href":"https:\/\/api.w.org\/{rel}","templated":true}]}}