{"id":10484,"date":"2024-06-17T15:48:11","date_gmt":"2024-06-17T18:48:11","guid":{"rendered":"https:\/\/ipatingafc.com.br\/index.php\/2024\/06\/17\/grande-sao-paulo-ja-emitiu-mais-de-33-mil-carteiras-da-pessoa-autista\/"},"modified":"2024-06-17T15:48:11","modified_gmt":"2024-06-17T18:48:11","slug":"grande-sao-paulo-ja-emitiu-mais-de-33-mil-carteiras-da-pessoa-autista","status":"publish","type":"post","link":"https:\/\/ipatingafc.com.br\/index.php\/2024\/06\/17\/grande-sao-paulo-ja-emitiu-mais-de-33-mil-carteiras-da-pessoa-autista\/","title":{"rendered":"Grande S\u00e3o Paulo j\u00e1 emitiu mais de 33 mil Carteiras da Pessoa Autista"},"content":{"rendered":"<p><\/p>\n<div id=\"\">&#13;<br \/>\n                                <!-- Title -->&#13;<br \/>\n                                &#13;<br \/>\n&#13;<br \/>\n                                <!-- Excerpt -->&#13;<\/p>\n<p class=\"excerpt\">Documento simplifica a identifica\u00e7\u00e3o de indiv\u00edduos autistas em servi\u00e7os p\u00fablicos e privados por todo o estado, promovendo acesso a direitos<\/p>\n<p>&#13;<br \/>\n&#13;<br \/>\n                                &#13;\n                            <\/p><\/div>\n<div id=\"\">&#13;<\/p>\n<figure id=\"attachment_5859983\" style=\"width: 100%;max-width: 2048px\" class=\"wp-caption alignnone caption-hide\"><img decoding=\"async\" loading=\"lazy\" class=\"wp-image-5859983 size-full\" src=\"https:\/\/www.saopaulo.sp.gov.br\/wp-content\/uploads\/2024\/04\/DSC_4080-tratada-2048x1910-1.jpg\" alt=\"\" width=\"2048\" height=\"1910\" srcset=\"https:\/\/www.saopaulo.sp.gov.br\/wp-content\/uploads\/2024\/04\/DSC_4080-tratada-2048x1910-1.jpg 2048w, https:\/\/www.saopaulo.sp.gov.br\/wp-content\/uploads\/2024\/04\/DSC_4080-tratada-2048x1910-1-300x280.jpg 300w, https:\/\/www.saopaulo.sp.gov.br\/wp-content\/uploads\/2024\/04\/DSC_4080-tratada-2048x1910-1-1024x955.jpg 1024w, https:\/\/www.saopaulo.sp.gov.br\/wp-content\/uploads\/2024\/04\/DSC_4080-tratada-2048x1910-1-768x716.jpg 768w, https:\/\/www.saopaulo.sp.gov.br\/wp-content\/uploads\/2024\/04\/DSC_4080-tratada-2048x1910-1-1536x1433.jpg 1536w\" sizes=\"auto, (max-width: 2048px) 100vw, 2048px\"\/><\/figure>\n<p>O Governo de S\u00e3o Paulo ultrapassou a marca de 33 mil Carteiras de Identifica\u00e7\u00e3o da Pessoa com Transtorno do Espectro Autista (CipTEA) emitidas em 39 munic\u00edpios da regi\u00e3o metropolitana de S\u00e3o Paulo at\u00e9 a primeira quinzena de junho. Nesta ter\u00e7a-feira (18), \u00e9 celebrado o Dia Mundial do Orgulho Autista.<\/p>\n<p>Em todo o estado, j\u00e1 s\u00e3o 57,3 mil emiss\u00f5es, mostrando um importante avan\u00e7o na facilita\u00e7\u00e3o do acesso aos direitos assegurados por lei \u00e0s pessoas autistas. Lan\u00e7ado h\u00e1 pouco mais de um ano, o documento simplifica a identifica\u00e7\u00e3o de indiv\u00edduos autistas em servi\u00e7os p\u00fablicos e privados por todo o estado, promovendo o acesso a direitos como atendimento e filas preferenciais.<\/p>\n<p><strong>LEIA TAMB\u00c9M:<\/strong> Autismo: Educa\u00e7\u00e3o de SP distribuir\u00e1 guia in\u00e9dito para todas as escolas estaduais<\/p>\n<p>O resultado do projeto, tanto no estado quanto na regi\u00e3o metropolitana de S\u00e3o Paulo, tem superado as expectativas iniciais. \u201cO sucesso na emiss\u00e3o da CipTEA reflete a efetividade de nossas pol\u00edticas p\u00fablicas direcionadas \u00e0s pessoas com defici\u00eancia. Al\u00e9m de ser um meio de identifica\u00e7\u00e3o, \u00e9 uma ferramenta essencial de cidadania, garantindo o reconhecimento e o respeito \u00e0s necessidades e individualidades das pessoas com TEA\u201d, destaca o secret\u00e1rio de Estado dos Direitos da Pessoa com Defici\u00eancia, Marcos da Costa.<\/p>\n<p><strong>LEIA TAMB\u00c9M<\/strong>: SP lan\u00e7a identifica\u00e7\u00e3o veicular para criar empatia com pessoas com autismo no tr\u00e2nsito<\/p>\n<p>A implementa\u00e7\u00e3o da Carteira da Pessoa Autista est\u00e1 alinhada \u00e0s diretrizes do Plano Estadual Integrado para Pessoas com Transtorno do Espectro do Autismo (PEIPTEA), em vigor desde abril de 2023 pelo decreto estadual n\u00ba 67.634, que integra uma gama de a\u00e7\u00f5es do governo estadual voltadas para a inclus\u00e3o e a autonomia das pessoas com defici\u00eancia.<\/p>\n<h2>Como obter a CipTEA online:<\/h2>\n<p>1) Acesse o site https:\/\/ciptea.sp.gov.br\/ com o login GOV.BR e clique em cadastrar novo benefici\u00e1rio;<br \/>2) Preencha os dados pessoais e endere\u00e7o da pessoa diagnosticada com TEA;<br \/>3) Preencha as informa\u00e7\u00f5es do CID, nome e CRM do m\u00e9dico, data do documento e anexe o arquivo do relat\u00f3rio m\u00e9dico em png ou jpg;<br \/>4) Preencha os dados do cuidador\/respons\u00e1vel;<br \/>5) Leia e d\u00ea ci\u00eancia ao Termo de Aceite;<br \/>6) Aguarde a an\u00e1lise e aprova\u00e7\u00e3o da CipTEA (at\u00e9 20 dias \u00fateis).<\/p>\n<h2>Como obter a CipTEA presencialmente:<\/h2>\n<p>1) Consulte a disponibilidade de postos do Poupatempo em sua regi\u00e3o;<br \/>2) Tenha em m\u00e3os os documentos pessoais e relat\u00f3rio m\u00e9dico;<br \/>3) O atendente ir\u00e1 validar os dados, com a impress\u00e3o e entrega imediata do documento.<\/p>\n<\/p><\/div>\n","protected":false},"excerpt":{"rendered":"<p>&#13; &#13; &#13; &#13; &#13; Documento simplifica a identifica\u00e7\u00e3o de indiv\u00edduos autistas em servi\u00e7os p\u00fablicos&#8230;<\/p>\n","protected":false},"author":2,"featured_media":0,"comment_status":"open","ping_status":"open","sticky":false,"template":"","format":"standard","meta":{"footnotes":""},"categories":[],"tags":[],"class_list":["post-10484","post","type-post","status-publish","format-standard","hentry"],"amp_enabled":true,"_links":{"self":[{"href":"https:\/\/ipatingafc.com.br\/index.php\/wp-json\/wp\/v2\/posts\/10484","targetHints":{"allow":["GET"]}}],"collection":[{"href":"https:\/\/ipatingafc.com.br\/index.php\/wp-json\/wp\/v2\/posts"}],"about":[{"href":"https:\/\/ipatingafc.com.br\/index.php\/wp-json\/wp\/v2\/types\/post"}],"author":[{"embeddable":true,"href":"https:\/\/ipatingafc.com.br\/index.php\/wp-json\/wp\/v2\/users\/2"}],"replies":[{"embeddable":true,"href":"https:\/\/ipatingafc.com.br\/index.php\/wp-json\/wp\/v2\/comments?post=10484"}],"version-history":[{"count":0,"href":"https:\/\/ipatingafc.com.br\/index.php\/wp-json\/wp\/v2\/posts\/10484\/revisions"}],"wp:attachment":[{"href":"https:\/\/ipatingafc.com.br\/index.php\/wp-json\/wp\/v2\/media?parent=10484"}],"wp:term":[{"taxonomy":"category","embeddable":true,"href":"https:\/\/ipatingafc.com.br\/index.php\/wp-json\/wp\/v2\/categories?post=10484"},{"taxonomy":"post_tag","embeddable":true,"href":"https:\/\/ipatingafc.com.br\/index.php\/wp-json\/wp\/v2\/tags?post=10484"}],"curies":[{"name":"wp","href":"https:\/\/api.w.org\/{rel}","templated":true}]}}