{"id":10487,"date":"2024-06-17T16:35:38","date_gmt":"2024-06-17T19:35:38","guid":{"rendered":"https:\/\/ipatingafc.com.br\/index.php\/2024\/06\/17\/gcm-detem-no-jardim-josane-irmaos-acusados-de-agredir-a-propria-mae-agencia-de-noticias\/"},"modified":"2024-06-17T16:35:38","modified_gmt":"2024-06-17T19:35:38","slug":"gcm-detem-no-jardim-josane-irmaos-acusados-de-agredir-a-propria-mae-agencia-de-noticias","status":"publish","type":"post","link":"https:\/\/ipatingafc.com.br\/index.php\/2024\/06\/17\/gcm-detem-no-jardim-josane-irmaos-acusados-de-agredir-a-propria-mae-agencia-de-noticias\/","title":{"rendered":"GCM det\u00e9m no Jardim Josane irm\u00e3os acusados de agredir a pr\u00f3pria m\u00e3e \u2013 Ag\u00eancia de Not\u00edcias"},"content":{"rendered":"<p><\/p>\n<div>\n<div class=\"col\">\n<p class=\"mt-0\">\n                        <strong><br \/>\n                            <span class=\"far fa-calendar mr-1 mt-2\"\/><br \/>\n                            17 de junho de 2024<br \/>\n                            <span class=\"far fa-clock ml-3 mt-2\"\/><br \/>\n                            16:30<br \/>\n                        <\/strong>\n                    <\/p>\n<p class=\"mb-0\">Por: <strong>Eduardo Santinon (esantinon@sorocaba.sp.gov.br)<\/strong><\/p>\n<\/p><\/div>\n<\/p><\/div>\n<div>\n<p><img loading=\"lazy\" decoding=\"async\" class=\"aligncenter wp-image-140688 size-large\" src=\"http:\/\/noticias.sorocaba.sp.gov.br\/wp-content\/uploads\/2024\/06\/noticias.sorocaba.sp.gov.br-gcm-detem-no-jardim-josane-irmaos-acusados-de-agredir-a-propria-mae-a906bb2e-13e5-4348-8e78-0d739545c0b5-1024x736.jpg\" alt=\"\" width=\"1024\" height=\"736\" srcset=\"https:\/\/noticias.sorocaba.sp.gov.br\/wp-content\/uploads\/2024\/06\/noticias.sorocaba.sp.gov.br-gcm-detem-no-jardim-josane-irmaos-acusados-de-agredir-a-propria-mae-a906bb2e-13e5-4348-8e78-0d739545c0b5-1024x736.jpg 1024w, https:\/\/noticias.sorocaba.sp.gov.br\/wp-content\/uploads\/2024\/06\/noticias.sorocaba.sp.gov.br-gcm-detem-no-jardim-josane-irmaos-acusados-de-agredir-a-propria-mae-a906bb2e-13e5-4348-8e78-0d739545c0b5-300x216.jpg 300w, https:\/\/noticias.sorocaba.sp.gov.br\/wp-content\/uploads\/2024\/06\/noticias.sorocaba.sp.gov.br-gcm-detem-no-jardim-josane-irmaos-acusados-de-agredir-a-propria-mae-a906bb2e-13e5-4348-8e78-0d739545c0b5-768x552.jpg 768w, https:\/\/noticias.sorocaba.sp.gov.br\/wp-content\/uploads\/2024\/06\/noticias.sorocaba.sp.gov.br-gcm-detem-no-jardim-josane-irmaos-acusados-de-agredir-a-propria-mae-a906bb2e-13e5-4348-8e78-0d739545c0b5.jpg 1444w\" sizes=\"auto, (max-width: 1024px) 100vw, 1024px\"\/><\/p>\n<p>\u00a0<\/p>\n<p><em><strong>Foto: GCM<\/strong><\/em><\/p>\n<p>A Guarda Civil Municipal (GCM) de Sorocaba deteve, na manh\u00e3 desta segunda-feira (17), dois irm\u00e3os acusados de agredir a pr\u00f3pria m\u00e3e, de 56 anos de idade. Um deles era foragido da Justi\u00e7a, por furto e roubo. O caso aconteceu no Jardim Josane, bairro localizado na regi\u00e3o de Aparecidinha, Zona Leste da cidade.<\/p>\n<p>Inicialmente, a GCM recebeu den\u00fancia de que um homem estaria em frente a uma escola do bairro, amea\u00e7ando funcion\u00e1rios com um peda\u00e7o de madeira, na tentativa de invadir a unidade para agredir a m\u00e3e dele. Ao chegar ao local, por volta das 7h40, a equipe da GCM avistou o suspeito, que segurava uma madeira e gritava que queria entrar para matar a m\u00e3e dele.<\/p>\n<p>Ao notar a aproxima\u00e7\u00e3o da viatura, o suspeito correu para um matagal nas proximidades e foi detido. O homem, de 25 anos de idade, confirmou que estava no local na tentativa de agredir a pr\u00f3pria m\u00e3e, por\u00e9m, n\u00e3o informou o motivo. Os guardas constataram, ainda, que o acusado havia atirado pedras sobre o muro da escola e danificou o interfone da portaria.<\/p>\n<p>Em contato com a v\u00edtima, que estava na escola, ela relatou que naquela mesma manh\u00e3, em sua resid\u00eancia, foi agredida com chutes pelo filho. O rapaz tamb\u00e9m teria agredido a sobrinha dele. A v\u00edtima e sua neta ent\u00e3o seguiram para a escola, sendo perseguidas pelo agressor, na tentativa de atac\u00e1-las novamente.<\/p>\n<p>Os guardas pediram apoio de outra equipe e foram at\u00e9 a resid\u00eancia da v\u00edtima para pegar documentos. Por\u00e9m, ela informou que seu outro filho, de 35 anos, estava no im\u00f3vel e pediu que os guardas a acompanhasse. Segundo relato da v\u00edtima, h\u00e1 tr\u00eas dias ele a teria atacado com soco e usado um fio para tentar enforc\u00e1-la.<\/p>\n<p>Ao entrar na casa, os guardas avistaram um indiv\u00edduo deitado em um colch\u00e3o. Ao deparar com a GCM, o homem levantou-se e partiu pra cima de sua m\u00e3e, sendo contido pela equipe. Na sequ\u00eancia, ele ainda tentou fugir da casa e, n\u00e3o conseguindo, inicialmente, se identificou com um nome falso.<\/p>\n<p>Os envolvidos foram apresentados na Delegacia de Defesa da Mulher (DDM) de Sorocaba, onde a autoridade de plant\u00e3o ratificou a voz de pris\u00e3o em flagrante delito dos dois acusados. O foragido tinha dois mandados de pris\u00e3o em aberto, com penas de um e quatro anos a serem cumpridas, e responder\u00e1 tamb\u00e9m por amea\u00e7a. O irm\u00e3o dele foi indiciado por dano, viol\u00eancia dom\u00e9stica e les\u00e3o corporal. A dupla foi encaminhada \u00e0 carceragem do Plant\u00e3o da Pol\u00edcia Civil, ficando \u00e0 disposi\u00e7\u00e3o da Justi\u00e7a.<\/p>\n<\/p><\/div>\n","protected":false},"excerpt":{"rendered":"<p>17 de junho de 2024 16:30 Por: Eduardo Santinon (esantinon@sorocaba.sp.gov.br) \u00a0 Foto: GCM A Guarda&#8230;<\/p>\n","protected":false},"author":2,"featured_media":0,"comment_status":"open","ping_status":"open","sticky":false,"template":"","format":"standard","meta":{"footnotes":""},"categories":[],"tags":[],"class_list":["post-10487","post","type-post","status-publish","format-standard","hentry"],"amp_enabled":true,"_links":{"self":[{"href":"https:\/\/ipatingafc.com.br\/index.php\/wp-json\/wp\/v2\/posts\/10487","targetHints":{"allow":["GET"]}}],"collection":[{"href":"https:\/\/ipatingafc.com.br\/index.php\/wp-json\/wp\/v2\/posts"}],"about":[{"href":"https:\/\/ipatingafc.com.br\/index.php\/wp-json\/wp\/v2\/types\/post"}],"author":[{"embeddable":true,"href":"https:\/\/ipatingafc.com.br\/index.php\/wp-json\/wp\/v2\/users\/2"}],"replies":[{"embeddable":true,"href":"https:\/\/ipatingafc.com.br\/index.php\/wp-json\/wp\/v2\/comments?post=10487"}],"version-history":[{"count":0,"href":"https:\/\/ipatingafc.com.br\/index.php\/wp-json\/wp\/v2\/posts\/10487\/revisions"}],"wp:attachment":[{"href":"https:\/\/ipatingafc.com.br\/index.php\/wp-json\/wp\/v2\/media?parent=10487"}],"wp:term":[{"taxonomy":"category","embeddable":true,"href":"https:\/\/ipatingafc.com.br\/index.php\/wp-json\/wp\/v2\/categories?post=10487"},{"taxonomy":"post_tag","embeddable":true,"href":"https:\/\/ipatingafc.com.br\/index.php\/wp-json\/wp\/v2\/tags?post=10487"}],"curies":[{"name":"wp","href":"https:\/\/api.w.org\/{rel}","templated":true}]}}