{"id":10550,"date":"2024-06-18T18:05:26","date_gmt":"2024-06-18T21:05:26","guid":{"rendered":"https:\/\/ipatingafc.com.br\/index.php\/2024\/06\/18\/parque-tecnologico-de-sorocaba-sedia-o-8o-encontro-regional-de-gestao-de-pessoas-agencia-de-noticias\/"},"modified":"2024-06-18T18:05:26","modified_gmt":"2024-06-18T21:05:26","slug":"parque-tecnologico-de-sorocaba-sedia-o-8o-encontro-regional-de-gestao-de-pessoas-agencia-de-noticias","status":"publish","type":"post","link":"https:\/\/ipatingafc.com.br\/index.php\/2024\/06\/18\/parque-tecnologico-de-sorocaba-sedia-o-8o-encontro-regional-de-gestao-de-pessoas-agencia-de-noticias\/","title":{"rendered":"Parque Tecnol\u00f3gico de Sorocaba sedia o 8\u00ba Encontro Regional de Gest\u00e3o de Pessoas \u2013 Ag\u00eancia de Not\u00edcias"},"content":{"rendered":"<p><\/p>\n<div>\n<div class=\"col\">\n<p class=\"mt-0\">\n                        <strong><br \/>\n                            <span class=\"far fa-calendar mr-1 mt-2\"\/><br \/>\n                            18 de junho de 2024<br \/>\n                            <span class=\"far fa-clock ml-3 mt-2\"\/><br \/>\n                            17:51<br \/>\n                        <\/strong>\n                    <\/p>\n<p class=\"mb-0\">Por: <strong>Marcelo Andrade, Rose Campos<\/strong><\/p>\n<\/p><\/div>\n<\/p><\/div>\n<div>\n<p align=\"justify\"><img loading=\"lazy\" decoding=\"async\" class=\"aligncenter wp-image-140853 size-large\" src=\"http:\/\/noticias.sorocaba.sp.gov.br\/wp-content\/uploads\/2024\/06\/noticias.sorocaba.sp.gov.br-parque-tecnologico-de-sorocaba-sedia-o-8o-encontro-regional-de-gestao-de-pessoas-pts-8-ergp-819x1024.jpg\" alt=\"\" width=\"819\" height=\"1024\" srcset=\"https:\/\/noticias.sorocaba.sp.gov.br\/wp-content\/uploads\/2024\/06\/noticias.sorocaba.sp.gov.br-parque-tecnologico-de-sorocaba-sedia-o-8o-encontro-regional-de-gestao-de-pessoas-pts-8-ergp-819x1024.jpg 819w, https:\/\/noticias.sorocaba.sp.gov.br\/wp-content\/uploads\/2024\/06\/noticias.sorocaba.sp.gov.br-parque-tecnologico-de-sorocaba-sedia-o-8o-encontro-regional-de-gestao-de-pessoas-pts-8-ergp-240x300.jpg 240w, https:\/\/noticias.sorocaba.sp.gov.br\/wp-content\/uploads\/2024\/06\/noticias.sorocaba.sp.gov.br-parque-tecnologico-de-sorocaba-sedia-o-8o-encontro-regional-de-gestao-de-pessoas-pts-8-ergp-768x960.jpg 768w, https:\/\/noticias.sorocaba.sp.gov.br\/wp-content\/uploads\/2024\/06\/noticias.sorocaba.sp.gov.br-parque-tecnologico-de-sorocaba-sedia-o-8o-encontro-regional-de-gestao-de-pessoas-pts-8-ergp.jpg 1080w\" sizes=\"auto, (max-width: 819px) 100vw, 819px\"\/><\/p>\n<p align=\"justify\"><span style=\"font-size: medium;\"><span style=\"font-family: Arial, serif;\">O Parque Tecnol\u00f3gico de Sorocaba (PTS) ser\u00e1 sede do 8\u00ba Encontro Regional de Gest\u00e3o de Pessoas (ERGP), n<\/span><span style=\"font-family: Arial, serif;\">esta <\/span><span style=\"font-family: Arial, serif;\">quarta-feira (20), a partir das 18h. O evento, organizado pela Contexto Gest\u00e3o Empresarial, empresa especialista em comportamento humano e organizacional, com apoio do PTS, \u00e9 gratuito e tem como objetivo disseminar o conhecimento para os participantes e empresas de forma din\u00e2mica, produtiva e interativa, <\/span><span style=\"font-family: Arial, serif;\">com a participa\u00e7\u00e3o de <\/span><span style=\"font-family: Arial, serif;\"> profissionais atuantes no mercado <\/span><span style=\"font-family: Arial, serif;\">que v\u00e3o <\/span><span style=\"font-family: Arial, serif;\">compartilha<\/span><span style=\"font-family: Arial, serif;\">r <\/span><span style=\"font-family: Arial, serif;\">suas pr\u00e1ticas e experi\u00eancias sobre gest\u00e3o de pessoas e estabelecer <\/span><span style=\"font-family: Arial, serif;\">um<\/span><span style=\"font-family: Arial, serif;\"> networking efetivo entre profissionais e empresas. <\/span><\/span><\/p>\n<p align=\"justify\"><span style=\"font-size: medium;\"><span style=\"font-family: Arial, serif;\">Com foco no desenvolvimento de gestores, diretores, empreendedores, empres\u00e1rios e suas equipes, o evento, segundo explica o diretor executivo da Contexto Gest\u00e3o Empresarial Paulo Paiva, <\/span><span style=\"font-family: Arial, serif;\">que \u00e9 tamb\u00e9m <\/span><span style=\"font-family: Arial, serif;\">psicanalista e educador, trar\u00e1 speakers de mercado para compartilhar <\/span><span style=\"font-family: Arial, serif;\">suas <\/span><span style=\"font-family: Arial, serif;\">experi\u00eancias de sucesso e provocar reflex\u00f5es. <\/span><\/span><\/p>\n<p align=\"justify\"><span style=\"font-size: medium;\"><span style=\"font-family: Arial, serif;\">Para a presid\u00eancia do PTS, Sorocaba <\/span><span style=\"font-family: Arial, serif;\">se destaca como <\/span><span style=\"font-family: Arial, serif;\">polo industrial, com mais de 2 mil ind\u00fastrias entre as 22 mil empresas ativas no munic\u00edpio e, por esse motivo, <\/span><span style=\"font-family: Arial, serif;\">gera demanda para toda a <\/span><span style=\"font-family: Arial, serif;\"> Regi\u00e3o Metropolitana, especialmente por causa das mudan\u00e7as mais velozes que chegam com a contemporaneidade, a tecnologia no papel de substitui\u00e7\u00e3o e prepara\u00e7\u00e3o de m\u00e3o de obra e a inova\u00e7\u00e3o aplicada <\/span><span style=\"font-family: Arial, serif;\">na <\/span><span style=\"font-family: Arial, serif;\">melhoria de resultados e otimiza\u00e7\u00e3o de recursos.<\/span><\/span><\/p>\n<p align=\"justify\"><span style=\"font-size: medium;\"><span style=\"font-family: Arial, serif;\">Paulo Paiva, idealizador do ERGP, explica que, entre os temas abordados est\u00e3o: Gest\u00e3o Pessoas, Cultura entre <\/span><span style=\"font-family: Arial, serif;\">G<\/span><span style=\"font-family: Arial, serif;\">era\u00e7\u00f5es, Recrutamento e Sele\u00e7\u00e3o, Inova\u00e7\u00e3o na Gest\u00e3o de Pessoas e Case da empresa Adimax, com pr\u00e1ticas de Desenvolvimento Humano e Organizacional. \u201cVamos trazer discuss\u00f5es sobre a forma como l\u00edderes est\u00e3o lidando com as potencialidades profissionais, diante da velocidade e possibilidades de desenvolvimento que a era da tecnologia da informa\u00e7\u00e3o e do conhecimento nos <\/span><span style=\"font-family: Arial, serif;\">apresentam<\/span><span style=\"font-family: Arial, serif;\"> em 2024\u201d, <\/span><span style=\"font-family: Arial, serif;\">ele afi<\/span><span style=\"font-family: Arial, serif;\">rma.<\/span><\/span><\/p>\n<p align=\"justify\"><span style=\"font-size: medium;\"><span style=\"font-family: Arial, serif;\">Entre os palestrantes est\u00e3o, <\/span><span style=\"font-family: Arial, serif;\">al\u00e9m de<\/span><span style=\"font-family: Arial, serif;\"> Paulo Paiva, Deusd\u00e9lia Silva, gerente corporativa de Recursos Humanos na Adimax Ind\u00fastria e Com\u00e9rcio de Alimentos \u2013 Magnus; Caroline Macedo, gerente customer service Latam Sul na Symrise Aromas e Fragr\u00e2ncias; al\u00e9m de Daniela Queir\u00f3z, <\/span><span style=\"font-family: Arial, serif;\">h<\/span><span style=\"font-family: Arial, serif;\">ead de Pessoas e CEO na Desenvolver RH.<\/span><\/span><\/p>\n<p align=\"justify\"><span style=\"font-family: Arial, serif;\"><span style=\"font-size: medium;\">As inscri\u00e7\u00f5es, gratuitas, podem ser feitas pelo link: <\/span><\/span><span style=\"color: #0563c1;\"><u><span style=\"font-family: Arial, serif;\"><span style=\"font-size: medium;\">https:\/\/www.contextogestao.com.br\/<\/span><\/span><\/u><\/span><span style=\"font-family: Arial, serif;\"><span style=\"font-size: medium;\"> .<\/span><\/span><\/p>\n<p align=\"justify\"><span style=\"font-size: medium;\"><span style=\"font-family: Arial, serif;\"><b>Servi\u00e7o<\/b><\/span><\/span><\/p>\n<p align=\"justify\"><span style=\"font-size: medium;\"><span style=\"font-family: Arial, serif;\"><b>8\u00ba Encontro Regional de Gest\u00e3o de Pessoas (ERGP)<\/b><\/span><\/span><\/p>\n<p align=\"justify\"><span style=\"font-size: medium;\"><span style=\"font-family: Arial, serif;\"><b>Data:<\/b><\/span><span style=\"font-family: Arial, serif;\"> 20 de junho<\/span><\/span><\/p>\n<p align=\"justify\"><span style=\"font-size: medium;\"><span style=\"font-family: Arial, serif;\"><b>Hor\u00e1rio:<\/b><\/span><span style=\"font-family: Arial, serif;\"> 18h \u00e0s 23h30<\/span><\/span><\/p>\n<p align=\"justify\"><span style=\"font-size: medium;\"><span style=\"font-family: Arial, serif;\"><b>Local:<\/b><\/span><span style=\"font-family: Arial, serif;\"> Parque Tecnol\u00f3gico de Sorocaba \u2013 Av. Itavuvu, 11.777, Jd. Santa Cec\u00edlia<\/span><\/span><\/p>\n<\/div>\n","protected":false},"excerpt":{"rendered":"<p>18 de junho de 2024 17:51 Por: Marcelo Andrade, Rose Campos O Parque Tecnol\u00f3gico de&#8230;<\/p>\n","protected":false},"author":2,"featured_media":0,"comment_status":"open","ping_status":"open","sticky":false,"template":"","format":"standard","meta":{"footnotes":""},"categories":[],"tags":[],"class_list":["post-10550","post","type-post","status-publish","format-standard","hentry"],"amp_enabled":true,"_links":{"self":[{"href":"https:\/\/ipatingafc.com.br\/index.php\/wp-json\/wp\/v2\/posts\/10550","targetHints":{"allow":["GET"]}}],"collection":[{"href":"https:\/\/ipatingafc.com.br\/index.php\/wp-json\/wp\/v2\/posts"}],"about":[{"href":"https:\/\/ipatingafc.com.br\/index.php\/wp-json\/wp\/v2\/types\/post"}],"author":[{"embeddable":true,"href":"https:\/\/ipatingafc.com.br\/index.php\/wp-json\/wp\/v2\/users\/2"}],"replies":[{"embeddable":true,"href":"https:\/\/ipatingafc.com.br\/index.php\/wp-json\/wp\/v2\/comments?post=10550"}],"version-history":[{"count":0,"href":"https:\/\/ipatingafc.com.br\/index.php\/wp-json\/wp\/v2\/posts\/10550\/revisions"}],"wp:attachment":[{"href":"https:\/\/ipatingafc.com.br\/index.php\/wp-json\/wp\/v2\/media?parent=10550"}],"wp:term":[{"taxonomy":"category","embeddable":true,"href":"https:\/\/ipatingafc.com.br\/index.php\/wp-json\/wp\/v2\/categories?post=10550"},{"taxonomy":"post_tag","embeddable":true,"href":"https:\/\/ipatingafc.com.br\/index.php\/wp-json\/wp\/v2\/tags?post=10550"}],"curies":[{"name":"wp","href":"https:\/\/api.w.org\/{rel}","templated":true}]}}