{"id":10567,"date":"2024-06-19T00:22:31","date_gmt":"2024-06-19T03:22:31","guid":{"rendered":"https:\/\/ipatingafc.com.br\/index.php\/2024\/06\/19\/agencia-minas-gerais-obras-de-drenagem-no-morro-da-forca-em-ouro-preto-entram-na-reta-final\/"},"modified":"2024-06-19T00:22:31","modified_gmt":"2024-06-19T03:22:31","slug":"agencia-minas-gerais-obras-de-drenagem-no-morro-da-forca-em-ouro-preto-entram-na-reta-final","status":"publish","type":"post","link":"https:\/\/ipatingafc.com.br\/index.php\/2024\/06\/19\/agencia-minas-gerais-obras-de-drenagem-no-morro-da-forca-em-ouro-preto-entram-na-reta-final\/","title":{"rendered":"Ag\u00eancia Minas Gerais | Obras de drenagem no Morro da Forca, em Ouro Preto, entram na reta final"},"content":{"rendered":"<p><\/p>\n<div>\n<p>A equipe t\u00e9cnica da Secretaria de Estado de Infraestrutura, Mobilidade e Parcerias (Seinfra) esteve, nessa segunda-feira (17\/6), em Ouro Preto, para acompanhar as obras de drenagem no Morro da Forca. A interven\u00e7\u00e3o vai dar vaz\u00e3o \u00e0 \u00e1gua pluvial que se acumula no plat\u00f4 do morro, proporcionando maior estabilidade ao terreno para execu\u00e7\u00e3o da pr\u00f3xima etapa, que consiste na conten\u00e7\u00e3o da encosta.<\/p>\n<p>\u201cHoje estamos vendo a obra praticamente conclu\u00edda, com a parte de funcionalidade implementada e que vai ter um impacto fundamental em reter as \u00e1guas no per\u00edodo de chuva, para evitar qualquer risco \u00e0 popula\u00e7\u00e3o de Ouro Preto\u201d, destacou o secret\u00e1rio de Infraestrutura, Mobilidade e Parcerias, Pedro Bruno.<\/p>\n<p>Nesta primeira etapa, est\u00e3o sendo investidos\u00a0 R$ 626 mil \u00a0de recursos do Governo de Minas. Com mais de 93% dos trabalhos conclu\u00eddos, a previs\u00e3o \u00e9 de que os servi\u00e7os sejam finalizados em julho.<\/p>\n<p><b>Encosta<\/b><\/p>\n<p>O projeto de conten\u00e7\u00e3o est\u00e1 sendo elaborado pela prefeitura. Ap\u00f3s sua finaliza\u00e7\u00e3o, o Estado licitar\u00e1 e executar\u00e1 a obra. A Seinfra e o munic\u00edpio de Ouro Preto est\u00e3o trabalhando para a obten\u00e7\u00e3o de recursos junto ao Governo Federal, para financiar a fase seguinte das obras.<\/p>\n<p>\u201cAgora vamos para a terceira etapa, que \u00e9 justamente a conten\u00e7\u00e3o desta encosta, por meio de taludes, de patamares e tamb\u00e9m com drenagem para que o morro fique estabilizado. Para isso, come\u00e7am agora as defini\u00e7\u00f5es do projeto, j\u00e1 em estudos, e o processo de abertura de licita\u00e7\u00e3o da obra\u201d, explica o prefeito \u00c2ngelo Oswaldo.<\/p>\n<p><b>Hist\u00f3rico<\/b><\/p>\n<p>Em 13 de janeiro de 2022, a encosta do Morro da Forca passou por um grande deslizamento de terra que destruiu o antigo casar\u00e3o Baeta Neves, im\u00f3vel de grande valor hist\u00f3rico datado do s\u00e9c. XVII.<\/p>\n<p>Um novo princ\u00edpio de deslizamento, no dia 7 de janeiro de 2023, fez com que a Defesa Civil interditasse a \u00e1rea. Apesar da pequena movimenta\u00e7\u00e3o de terra e do desprendimento de um bloco rochoso, a encosta n\u00e3o cedeu, mas as ruas no entorno precisaram ser interditadas.<\/p>\n<\/p><\/div>\n","protected":false},"excerpt":{"rendered":"<p>A equipe t\u00e9cnica da Secretaria de Estado de Infraestrutura, Mobilidade e Parcerias (Seinfra) esteve, nessa&#8230;<\/p>\n","protected":false},"author":2,"featured_media":0,"comment_status":"open","ping_status":"open","sticky":false,"template":"","format":"standard","meta":{"footnotes":""},"categories":[],"tags":[],"class_list":["post-10567","post","type-post","status-publish","format-standard","hentry"],"amp_enabled":true,"_links":{"self":[{"href":"https:\/\/ipatingafc.com.br\/index.php\/wp-json\/wp\/v2\/posts\/10567","targetHints":{"allow":["GET"]}}],"collection":[{"href":"https:\/\/ipatingafc.com.br\/index.php\/wp-json\/wp\/v2\/posts"}],"about":[{"href":"https:\/\/ipatingafc.com.br\/index.php\/wp-json\/wp\/v2\/types\/post"}],"author":[{"embeddable":true,"href":"https:\/\/ipatingafc.com.br\/index.php\/wp-json\/wp\/v2\/users\/2"}],"replies":[{"embeddable":true,"href":"https:\/\/ipatingafc.com.br\/index.php\/wp-json\/wp\/v2\/comments?post=10567"}],"version-history":[{"count":0,"href":"https:\/\/ipatingafc.com.br\/index.php\/wp-json\/wp\/v2\/posts\/10567\/revisions"}],"wp:attachment":[{"href":"https:\/\/ipatingafc.com.br\/index.php\/wp-json\/wp\/v2\/media?parent=10567"}],"wp:term":[{"taxonomy":"category","embeddable":true,"href":"https:\/\/ipatingafc.com.br\/index.php\/wp-json\/wp\/v2\/categories?post=10567"},{"taxonomy":"post_tag","embeddable":true,"href":"https:\/\/ipatingafc.com.br\/index.php\/wp-json\/wp\/v2\/tags?post=10567"}],"curies":[{"name":"wp","href":"https:\/\/api.w.org\/{rel}","templated":true}]}}