{"id":10602,"date":"2024-06-19T12:55:40","date_gmt":"2024-06-19T15:55:40","guid":{"rendered":"https:\/\/ipatingafc.com.br\/index.php\/2024\/06\/19\/centro-de-referencia-e-atendimento-para-imigrantes-promove-roda-de-conversa-para-celebrar-o-dia-do-refugiado-prefeitura-da-cidade-do-rio-de-janeiro\/"},"modified":"2024-06-19T12:55:40","modified_gmt":"2024-06-19T15:55:40","slug":"centro-de-referencia-e-atendimento-para-imigrantes-promove-roda-de-conversa-para-celebrar-o-dia-do-refugiado-prefeitura-da-cidade-do-rio-de-janeiro","status":"publish","type":"post","link":"https:\/\/ipatingafc.com.br\/index.php\/2024\/06\/19\/centro-de-referencia-e-atendimento-para-imigrantes-promove-roda-de-conversa-para-celebrar-o-dia-do-refugiado-prefeitura-da-cidade-do-rio-de-janeiro\/","title":{"rendered":"Centro de Refer\u00eancia e Atendimento para Imigrantes promove roda de conversa para celebrar o Dia do Refugiado &#8211; Prefeitura da Cidade do Rio de Janeiro"},"content":{"rendered":"<p><\/p>\n<div id=\"main\">\n<div class=\"wrapper-breadcrumbs\" wp_automatic_readability=\"45.622994652406\">\n<p>O Centro de Refer\u00eancia e Atendimento para Imigrantes (CRAI-Rio), sob a gest\u00e3o da Secretaria Especial de Cidadania, promover\u00e1, nesta quinta-feira (20\/6), a roda de conversa \u201cAcesso aos direitos da popula\u00e7\u00e3o refugiada e imigrante no munic\u00edpio do Rio de Janeiro\u201d, em comemora\u00e7\u00e3o ao Dia do Refugiado, celebrado em 20 de junho. O debate contar\u00e1 com Aline Thuller, representante da organiza\u00e7\u00e3o C\u00e1ritas; Dianduala Nguidi, coordenadora executiva de Direitos Humanos da Secretaria Especial de Cidadania, e Chez Kimberly, chef de cozinha congol\u00eas.\u00a0O evento se iniciar\u00e1 \u00e0s 9h, na sede do CRAI-Rio, localizado na Rua Bento Ribeiro, 86, no bairro da Gamboa, no Centro.<\/p>\n<blockquote wp_automatic_readability=\"10\">\n<p>\u2013 Refugiados que deixam sua p\u00e1tria e se deslocam pelo mundo em busca de melhores condi\u00e7\u00f5es de vida s\u00e3o pessoas que precisam de acolhimento, integra\u00e7\u00e3o e oportunidades. O CRAI-Rio \u00e9 um espa\u00e7o pioneiro no munic\u00edpio para atendimento a essa popula\u00e7\u00e3o. Debater o tema \u00e9 important\u00edssimo para dar mais visibilidade a essas quest\u00f5es t\u00e3o importantes que s\u00e3o a imigra\u00e7\u00e3o e o ref\u00fagio \u2013 afirmou o secret\u00e1rio especial de Cidadania, Leandro Pereira.<\/p>\n<\/blockquote>\n<p><strong>CRAI\u2013Rio: refer\u00eancia em acolhimento<\/strong><\/p>\n<p>Inaugurado em 7 de janeiro de 2023, o Centro de Refer\u00eancia e Atendimento para Imigrantes (CRAI\u2013Rio), localizado no pr\u00e9dio do Mercado Popular Leonel de Moura Brizola, na Gamboa, \u00e9 destinado ao apoio a imigrantes, refugiados e ap\u00e1tridas rec\u00e9m-chegados ao Rio de Janeiro. No espa\u00e7o, h\u00e1 oferta de a\u00e7\u00f5es de assist\u00eancia social, jur\u00eddica, psicol\u00f3gica, de educa\u00e7\u00e3o e desenvolvimento econ\u00f4mico. O atendimento abrange quest\u00f5es como regulariza\u00e7\u00e3o para documenta\u00e7\u00e3o e regulariza\u00e7\u00e3o migrat\u00f3ria, al\u00e9m de aulas de Portugu\u00eas e inclus\u00e3o digital.<\/p>\n<p>Desde a sua cria\u00e7\u00e3o, o CRAI-Rio j\u00e1 realizou mais de tr\u00eas mil atendimentos.<\/p>\n<p><strong>Roda de conversa<\/strong><\/p>\n<p>Tema: Acesso aos direitos da popula\u00e7\u00e3o refugiada e imigrante no munic\u00edpio do Rio de Janeiro<\/p>\n<p>Data: 20\/6<\/p>\n<p>Hor\u00e1rio: 9h<\/p>\n<p>Local: Centro de Refer\u00eancia e Atendimento para Imigrantes (CRAI-RIO)<\/p>\n<p>Endere\u00e7o: Rua Bento Ribeiro, 86, Gamboa \u2013 Centro\/Rio de Janeiro<\/p>\n<p>\u00a0<\/p>\n<p><img loading=\"lazy\" decoding=\"async\" class=\"wp-image-106578 aligncenter lazyload\" width=\"724\" src=\"https:\/\/prefeitura.rio\/wp-content\/uploads\/2024\/06\/WhatsApp-Image-2024-06-19-at-12.05.33-360x360.jpeg\" alt=\"\" height=\"724\" srcset=\"https:\/\/prefeitura.rio\/wp-content\/uploads\/2024\/06\/WhatsApp-Image-2024-06-19-at-12.05.33-360x360.jpeg 360w, https:\/\/prefeitura.rio\/wp-content\/uploads\/2024\/06\/WhatsApp-Image-2024-06-19-at-12.05.33-600x600.jpeg 600w, https:\/\/prefeitura.rio\/wp-content\/uploads\/2024\/06\/WhatsApp-Image-2024-06-19-at-12.05.33-768x768.jpeg 768w, https:\/\/prefeitura.rio\/wp-content\/uploads\/2024\/06\/WhatsApp-Image-2024-06-19-at-12.05.33-228x228.jpeg 228w, https:\/\/prefeitura.rio\/wp-content\/uploads\/2024\/06\/WhatsApp-Image-2024-06-19-at-12.05.33.jpeg 1080w\" sizes=\"auto, (max-width: 724px) 100vw, 724px\"\/><\/p>\n<p>             <!-- Compartilhe ---><\/p>\n<p>\t\t\t <!-- TAGS --><\/p>\n<section class=\"category-tags\">\n<div class=\"marcacao-category\">\n<article class=\"category-post\">\n<p>Categoria: <\/p>\n<\/article>\n<li>19 de junho de 2024<\/li><\/div>\n<article class=\"tags\">\n\t\t\t\t\tMarca\u00e7\u00f5es: CRAI debate Dia do Refugiado gamboa Roda de conversa<br \/><\/article>\n<\/section>\n<p>            <!-- Mais Not&iacute;cias --><\/p>\n<p>\t\t<!-- Conte&uacute;do SIDEBAR --><\/p><\/div>\n<\/p><\/div>\n","protected":false},"excerpt":{"rendered":"<p>O Centro de Refer\u00eancia e Atendimento para Imigrantes (CRAI-Rio), sob a gest\u00e3o da Secretaria Especial&#8230;<\/p>\n","protected":false},"author":2,"featured_media":0,"comment_status":"open","ping_status":"open","sticky":false,"template":"","format":"standard","meta":{"footnotes":""},"categories":[],"tags":[],"class_list":["post-10602","post","type-post","status-publish","format-standard","hentry"],"amp_enabled":true,"_links":{"self":[{"href":"https:\/\/ipatingafc.com.br\/index.php\/wp-json\/wp\/v2\/posts\/10602","targetHints":{"allow":["GET"]}}],"collection":[{"href":"https:\/\/ipatingafc.com.br\/index.php\/wp-json\/wp\/v2\/posts"}],"about":[{"href":"https:\/\/ipatingafc.com.br\/index.php\/wp-json\/wp\/v2\/types\/post"}],"author":[{"embeddable":true,"href":"https:\/\/ipatingafc.com.br\/index.php\/wp-json\/wp\/v2\/users\/2"}],"replies":[{"embeddable":true,"href":"https:\/\/ipatingafc.com.br\/index.php\/wp-json\/wp\/v2\/comments?post=10602"}],"version-history":[{"count":0,"href":"https:\/\/ipatingafc.com.br\/index.php\/wp-json\/wp\/v2\/posts\/10602\/revisions"}],"wp:attachment":[{"href":"https:\/\/ipatingafc.com.br\/index.php\/wp-json\/wp\/v2\/media?parent=10602"}],"wp:term":[{"taxonomy":"category","embeddable":true,"href":"https:\/\/ipatingafc.com.br\/index.php\/wp-json\/wp\/v2\/categories?post=10602"},{"taxonomy":"post_tag","embeddable":true,"href":"https:\/\/ipatingafc.com.br\/index.php\/wp-json\/wp\/v2\/tags?post=10602"}],"curies":[{"name":"wp","href":"https:\/\/api.w.org\/{rel}","templated":true}]}}