{"id":10606,"date":"2024-06-19T14:29:38","date_gmt":"2024-06-19T17:29:38","guid":{"rendered":"https:\/\/ipatingafc.com.br\/index.php\/2024\/06\/19\/agencia-minas-gerais-seplag-realiza-bate-papo-sobre-saude-e-bem-estar-para-servidores-em-teletrabalho\/"},"modified":"2024-06-19T14:29:38","modified_gmt":"2024-06-19T17:29:38","slug":"agencia-minas-gerais-seplag-realiza-bate-papo-sobre-saude-e-bem-estar-para-servidores-em-teletrabalho","status":"publish","type":"post","link":"https:\/\/ipatingafc.com.br\/index.php\/2024\/06\/19\/agencia-minas-gerais-seplag-realiza-bate-papo-sobre-saude-e-bem-estar-para-servidores-em-teletrabalho\/","title":{"rendered":"Ag\u00eancia Minas Gerais | Seplag realiza bate-papo sobre sa\u00fade e bem-estar para servidores em teletrabalho"},"content":{"rendered":"<p><\/p>\n<div>\n<p>O Programa Qualidade de Vida no Trabalho da Secretaria de Estado de Planejamento e Gest\u00e3o (Seplag-MG) promove, nesta quinta-feira (20\/6), um bate-papo on-line sobre sa\u00fade, bem-estar e qualidade de vida alinhados \u00e0 atividade f\u00edsica e \u00e0 ergonomia. A a\u00e7\u00e3o \u00e9 voltada para os servidores da Cidade Administrativa que est\u00e3o em teletrabalho.<\/p>\n<figure class=\"image\" style=\"float:left\"><img loading=\"lazy\" decoding=\"async\" alt=\"\" height=\"214\" src=\"https:\/\/www.agenciaminas.mg.gov.br\/ckeditor_assets\/pictures\/21171\/content_marcoevangelista.jpg\" width=\"320\"\/>&#13;<figcaption><em><sup>Marco Evangelista \/ Imprensa MG<\/sup><\/em><\/figcaption>&#13;<br \/>\n<\/figure>\n<p>O bate-papo ser\u00e1 transmitido pelo canal do YouTube\u00a0Desempenho e Desenvolvimento Seplag-MG, das 14h \u00e0s 15h30. Ser\u00e3o apresentados os benef\u00edcios das atividades f\u00edsicas para a sa\u00fade e para a preven\u00e7\u00e3o de doen\u00e7as, al\u00e9m dos servi\u00e7os oferecidos virtualmente pela Diretoria Central de Sa\u00fade Ocupacional (DCSO) da Seplag-MG, como pilates, escola de postura, adequa\u00e7\u00e3o de mobili\u00e1rio, gin\u00e1stica laboral e de relaxamento.\u00a0<\/p>\n<p>\u201cA iniciativa busca divulgar as diversas a\u00e7\u00f5es promovidas pela Seplag-MG visando a melhoria da qualidade de vida dos servidores, principalmente os que est\u00e3o em teletrabalho. Muitos servidores n\u00e3o conhecem essas funcionalidades, que podem contribuir efetivamente com sua sa\u00fade e com a execu\u00e7\u00e3o das atividades em home office\u201d, afirma a diretora Central de Gest\u00e3o do Desempenho e Desenvolvimento, Luciana Assun\u00e7\u00e3o.<\/p>\n<p>Acesse\u00a0<u>aqui<\/u>\u00a0para conferir a transmiss\u00e3o do bate-papo.<\/p>\n<p><b>Programa Qualidade de Vida no Trabalho<\/b><\/p>\n<p>O Programa Qualidade de Vida no Trabalho \u00e9 coordenado pela Diretoria Central de Gest\u00e3o do Desempenho e Desenvolvimento da Seplag-MG e consiste em um conjunto de a\u00e7\u00f5es implementadas para promover melhorias e inova\u00e7\u00f5es gerenciais e estruturais no ambiente de trabalho.<\/p>\n<p>O foco do programa \u00e9 proporcionar bem-estar aos servidores com a\u00e7\u00f5es alinhadas \u00e0 cultura organizacional. O programa utiliza uma metodologia educacional, inclusiva e preventiva, por meio de palestras, oficinas, eventos culturais e outras a\u00e7\u00f5es para os agentes p\u00fablicos do Governo de Minas.<\/p>\n<p>\u00a0<\/p>\n<p>\u00a0<\/p>\n<\/p><\/div>\n","protected":false},"excerpt":{"rendered":"<p>O Programa Qualidade de Vida no Trabalho da Secretaria de Estado de Planejamento e Gest\u00e3o&#8230;<\/p>\n","protected":false},"author":2,"featured_media":0,"comment_status":"open","ping_status":"open","sticky":false,"template":"","format":"standard","meta":{"footnotes":""},"categories":[],"tags":[],"class_list":["post-10606","post","type-post","status-publish","format-standard","hentry"],"amp_enabled":true,"_links":{"self":[{"href":"https:\/\/ipatingafc.com.br\/index.php\/wp-json\/wp\/v2\/posts\/10606","targetHints":{"allow":["GET"]}}],"collection":[{"href":"https:\/\/ipatingafc.com.br\/index.php\/wp-json\/wp\/v2\/posts"}],"about":[{"href":"https:\/\/ipatingafc.com.br\/index.php\/wp-json\/wp\/v2\/types\/post"}],"author":[{"embeddable":true,"href":"https:\/\/ipatingafc.com.br\/index.php\/wp-json\/wp\/v2\/users\/2"}],"replies":[{"embeddable":true,"href":"https:\/\/ipatingafc.com.br\/index.php\/wp-json\/wp\/v2\/comments?post=10606"}],"version-history":[{"count":0,"href":"https:\/\/ipatingafc.com.br\/index.php\/wp-json\/wp\/v2\/posts\/10606\/revisions"}],"wp:attachment":[{"href":"https:\/\/ipatingafc.com.br\/index.php\/wp-json\/wp\/v2\/media?parent=10606"}],"wp:term":[{"taxonomy":"category","embeddable":true,"href":"https:\/\/ipatingafc.com.br\/index.php\/wp-json\/wp\/v2\/categories?post=10606"},{"taxonomy":"post_tag","embeddable":true,"href":"https:\/\/ipatingafc.com.br\/index.php\/wp-json\/wp\/v2\/tags?post=10606"}],"curies":[{"name":"wp","href":"https:\/\/api.w.org\/{rel}","templated":true}]}}