{"id":10631,"date":"2024-06-19T23:09:49","date_gmt":"2024-06-20T02:09:49","guid":{"rendered":"https:\/\/ipatingafc.com.br\/index.php\/2024\/06\/19\/palestra-do-protocolo-nao-se-cale-combate-violencia-contra-a-mulher\/"},"modified":"2024-06-19T23:09:49","modified_gmt":"2024-06-20T02:09:49","slug":"palestra-do-protocolo-nao-se-cale-combate-violencia-contra-a-mulher","status":"publish","type":"post","link":"https:\/\/ipatingafc.com.br\/index.php\/2024\/06\/19\/palestra-do-protocolo-nao-se-cale-combate-violencia-contra-a-mulher\/","title":{"rendered":"Palestra do Protocolo N\u00e3o se Cale combate viol\u00eancia contra a mulher"},"content":{"rendered":"<p><\/p>\n<div id=\"\">&#13;<br \/>\n                                <!-- Title -->&#13;<br \/>\n                                &#13;<br \/>\n&#13;<br \/>\n                                <!-- Excerpt -->&#13;<\/p>\n<p class=\"excerpt\">Procon-SP oferece mais uma palestra com orienta\u00e7\u00f5es sobre a nova legisla\u00e7\u00e3o de enfrentamento \u00e0 viol\u00eancia contra a mulher<\/p>\n<p>&#13;<br \/>\n&#13;<br \/>\n                                &#13;\n                            <\/p><\/div>\n<div id=\"\">&#13;<\/p>\n<figure id=\"attachment_5836605\" style=\"width: 100%;max-width: 741px\" class=\"wp-caption alignnone\"><img decoding=\"async\" loading=\"lazy\" class=\" wp-image-5836605\" src=\"https:\/\/www.saopaulo.sp.gov.br\/wp-content\/uploads\/2024\/03\/Fiscalizacao-do-protocolo-nao-se-cale-procon-300x200.jpeg\" alt=\"\" width=\"741\" height=\"494\" srcset=\"https:\/\/www.saopaulo.sp.gov.br\/wp-content\/uploads\/2024\/03\/Fiscalizacao-do-protocolo-nao-se-cale-procon-300x200.jpeg 300w, https:\/\/www.saopaulo.sp.gov.br\/wp-content\/uploads\/2024\/03\/Fiscalizacao-do-protocolo-nao-se-cale-procon-1024x683.jpeg 1024w, https:\/\/www.saopaulo.sp.gov.br\/wp-content\/uploads\/2024\/03\/Fiscalizacao-do-protocolo-nao-se-cale-procon-768x512.jpeg 768w, https:\/\/www.saopaulo.sp.gov.br\/wp-content\/uploads\/2024\/03\/Fiscalizacao-do-protocolo-nao-se-cale-procon.jpeg 1440w\" sizes=\"auto, (max-width: 741px) 100vw, 741px\"\/><figcaption class=\"wp-caption-text\">O Procon-SP atua na fiscaliza\u00e7\u00e3o do cumprimento do Protocolo N\u00e3o se Cale verificando a presen\u00e7a dos cartazes obrigat\u00f3rios<\/figcaption><\/figure>\n<p>O Procon-SP oferece no pr\u00f3ximo dia 25 de junho uma nova apresenta\u00e7\u00e3o sobre o Protocolo N\u00e3o se Cale, pol\u00edtica p\u00fablica adotada pelo Governo de S\u00e3o Paulo para combater a viol\u00eancia contra a mulher em bares, baladas, restaurantes, casas de espet\u00e1culos e estabelecimentos similares.<\/p>\n<p>A palestra n\u00e3o substitui o curso de capacita\u00e7\u00e3o obrigat\u00f3rio estabelecido nas leis estaduais 17.621\/23 e 17.635\/23 e oferecido pela Secretaria de Pol\u00edticas para a Mulher do Estado de S\u00e3o Paulo. A iniciativa detalha o Protocolo e refor\u00e7a a import\u00e2ncia dos estabelecimentos estarem adequados \u00e0 legisla\u00e7\u00e3o.<\/p>\n<p>A apresenta\u00e7\u00e3o, que ser\u00e1 transmitida via plataforma Teams, \u00e9 voltada para profissionais que atuam no ramo e dar\u00e1 informa\u00e7\u00f5es sobre a nova legisla\u00e7\u00e3o, seus objetivos e diretrizes.<\/p>\n<p>O Procon-SP atua na fiscaliza\u00e7\u00e3o do cumprimento do Protocolo N\u00e3o se Cale, verificando a presen\u00e7a dos cartazes obrigat\u00f3rios que sinalizam que o estabelecimento est\u00e1 preparado para atender situa\u00e7\u00f5es de amea\u00e7a. A presen\u00e7a de funcion\u00e1rios capacitados no curso espec\u00edfico oferecido pela Secretaria de Pol\u00edticas para a Mulher e que o habilita a identificar e prestar aux\u00edlio para mulheres em situa\u00e7\u00e3o de risco ainda recebe apenas orienta\u00e7\u00e3o, j\u00e1 que a adequa\u00e7\u00e3o ainda est\u00e1 dentro do novo prazo concedido para o treinamento.<\/p>\n<h2>N\u00e3o se Cale faz parte do Movimento SP por Todas<\/h2>\n<p>A a\u00e7\u00e3o integra o movimento S\u00e3o Paulo por Todas, promovido pelo Governo de SP para ampliar a visibilidade das pol\u00edticas p\u00fablicas do estado para mulheres, bem como a rede de prote\u00e7\u00e3o, acolhimento e autonomia profissional e financeira para elas.<\/p>\n<p>Siga o canal \u201cGoverno de S\u00e3o Paulo\u201d no WhatsApp:<br \/>https:\/\/bit.ly\/govspnozap<\/p>\n<\/p><\/div>\n","protected":false},"excerpt":{"rendered":"<p>&#13; &#13; &#13; &#13; &#13; Procon-SP oferece mais uma palestra com orienta\u00e7\u00f5es sobre a nova&#8230;<\/p>\n","protected":false},"author":2,"featured_media":0,"comment_status":"open","ping_status":"open","sticky":false,"template":"","format":"standard","meta":{"footnotes":""},"categories":[],"tags":[],"class_list":["post-10631","post","type-post","status-publish","format-standard","hentry"],"amp_enabled":true,"_links":{"self":[{"href":"https:\/\/ipatingafc.com.br\/index.php\/wp-json\/wp\/v2\/posts\/10631","targetHints":{"allow":["GET"]}}],"collection":[{"href":"https:\/\/ipatingafc.com.br\/index.php\/wp-json\/wp\/v2\/posts"}],"about":[{"href":"https:\/\/ipatingafc.com.br\/index.php\/wp-json\/wp\/v2\/types\/post"}],"author":[{"embeddable":true,"href":"https:\/\/ipatingafc.com.br\/index.php\/wp-json\/wp\/v2\/users\/2"}],"replies":[{"embeddable":true,"href":"https:\/\/ipatingafc.com.br\/index.php\/wp-json\/wp\/v2\/comments?post=10631"}],"version-history":[{"count":0,"href":"https:\/\/ipatingafc.com.br\/index.php\/wp-json\/wp\/v2\/posts\/10631\/revisions"}],"wp:attachment":[{"href":"https:\/\/ipatingafc.com.br\/index.php\/wp-json\/wp\/v2\/media?parent=10631"}],"wp:term":[{"taxonomy":"category","embeddable":true,"href":"https:\/\/ipatingafc.com.br\/index.php\/wp-json\/wp\/v2\/categories?post=10631"},{"taxonomy":"post_tag","embeddable":true,"href":"https:\/\/ipatingafc.com.br\/index.php\/wp-json\/wp\/v2\/tags?post=10631"}],"curies":[{"name":"wp","href":"https:\/\/api.w.org\/{rel}","templated":true}]}}