{"id":10826,"date":"2024-06-23T05:47:05","date_gmt":"2024-06-23T08:47:05","guid":{"rendered":"https:\/\/ipatingafc.com.br\/index.php\/2024\/06\/23\/agencia-minas-gerais-opera-devocao-celebra-as-origens-do-povo-mineiro-a-partir-de-uma-historia-de-fe-promessa-e-milagre\/"},"modified":"2024-06-23T05:47:05","modified_gmt":"2024-06-23T08:47:05","slug":"agencia-minas-gerais-opera-devocao-celebra-as-origens-do-povo-mineiro-a-partir-de-uma-historia-de-fe-promessa-e-milagre","status":"publish","type":"post","link":"https:\/\/ipatingafc.com.br\/index.php\/2024\/06\/23\/agencia-minas-gerais-opera-devocao-celebra-as-origens-do-povo-mineiro-a-partir-de-uma-historia-de-fe-promessa-e-milagre\/","title":{"rendered":"Ag\u00eancia Minas Gerais | \u00d3pera \u201cDevo\u00e7\u00e3o\u201d celebra as origens do povo mineiro a partir de uma hist\u00f3ria de f\u00e9, promessa e milagre"},"content":{"rendered":"<p><\/p>\n<div>\n<section class=\"news-related \/ col-md-4 col-lg-3 \/ margin-md-bottom-2 margin-left-1 \/ pull-right \/ hidden-xs hidden-sm\">\n<header>\n<p class=\"text-title-section \/ margin-bottom-1\">Relacionadas<\/p>\n<\/header>\n<p>\t\t\t\t\t\t\t<main><\/p>\n<hr class=\"row margin-md-bottom-2\"\/>\n\t\t\t\t\t\t\t<\/main><br \/>\n\t\t\t\t\t\t<\/section>\n<p>O Santu\u00e1rio do Bom Jesus de Matosinhos, reconhecido como uma das obras-primas do barroco e Patrim\u00f4nio Cultural da Humanidade, ser\u00e1 cen\u00e1rio da pr\u00e9-estreia da \u00f3pera \u201cDevo\u00e7\u00e3o\u201d, no dia 13\/7, \u00e0s 17h30, em Congonhas, na regi\u00e3o Central de Minas.<\/p>\n<p>Encomendada pela Funda\u00e7\u00e3o Cl\u00f3vis Salgado (FCS), a produ\u00e7\u00e3o, que abre a temporada de \u00f3peras da casa, ter\u00e1 dois atos e estrear\u00e1 no dia 19\/7, com r\u00e9citas tamb\u00e9m nos dias 20, 22 e 23\/7, \u00e0s 20h, no Grande Teatro Cemig Pal\u00e1cio das Artes.<\/p>\n<p>A m\u00fasica \u00e9 composta por Jo\u00e3o Guilherme Ripper, o libreto \u00e9 assinado por Andr\u00e9 Cardoso, a dire\u00e7\u00e3o musical \u00e9 de Ligia Amadio e a concep\u00e7\u00e3o e dire\u00e7\u00e3o c\u00eanicas ficam a cargo de\u00a0 Ronaldo Zero.<\/p>\n<p>Participam da montagem a Orquestra Sinf\u00f4nica e o Coral L\u00edrico de Minas Gerais, a Cia de Dan\u00e7a Pal\u00e1cio das Artes e o Coral Cidade dos Profetas.<\/p>\n<p>Ao todo, mais de 500 pessoas est\u00e3o envolvidas nesse espet\u00e1culo, cujo argumento foi proposto pelo secret\u00e1rio de Estado de Cultura e Turismo de Minas Gerais, Le\u00f4nidas de Oliveira, e pelo presidente da Funda\u00e7\u00e3o Cl\u00f3vis Salgado, S\u00e9rgio Rodrigo Reis.<\/p>\n<p>O processo de concep\u00e7\u00e3o e pesquisa para o libreto envolveu membros da Academia Congonhense de Letras e Artes, bem como o trabalho do escritor Domingos Teodoro Costa, autor de \u201cCongonhas: Da F\u00e9 de Feliciano \u00e0 Genialidade de Aleijadinho\u201d.<\/p>\n<p>A \u00f3pera revisita a trajet\u00f3ria do imigrante portugu\u00eas Feliciano Mendes, no s\u00e9culo 18, para abordar temas importantes como a f\u00e9, a devo\u00e7\u00e3o, a promessa e o milagre que se encontram na base da forma\u00e7\u00e3o do povo mineiro e brasileiro.<\/p>\n<p>S\u00e9rgio Rodrigo Reis explica que ideia de promover a pr\u00e9-estreia em Congonhas se d\u00e1 justamente por ali ter se tornado o epicentro da devo\u00e7\u00e3o ao Bom Jesus de Matosinhos.\u00a0<\/p>\n<p>\u201cCongonhas \u00e9 onde essa manifesta\u00e7\u00e3o encontrou seu apogeu, quando Feliciano Mendes sai do norte de Portugal e, antes de embarcar, vai ao santu\u00e1rio da cidade de Matosinhos, dedicado ao Bom Jesus, e pede a prote\u00e7\u00e3o. E ele vem com essa f\u00e9 em busca do desconhecido\u201d, conta o presidente da FCS.<\/p>\n<p>\u201cQuando chega aqui em terras mineiras, onde hoje \u00e9 a cidade de Congonhas, descobre ouro, fica muito rico, mas tamb\u00e9m adquire uma enfermidade, uma esp\u00e9cie de tuberculose, e fica muito doente. Sem esperan\u00e7a de cura na medicina tradicional, ele faz um voto, uma promessa ao santo de devo\u00e7\u00e3o, ao Bom Jesus da cidade de Matosinhos, que se ele se curasse, dedicaria o resto da vida a formar essa devo\u00e7\u00e3o aqui tamb\u00e9m em terras mineiras\u201d, detalha.<\/p>\n<p>\u00a0<\/p>\n<p style=\"text-align:center\"><img loading=\"lazy\" decoding=\"async\" alt=\"\" height=\"531\" src=\"https:\/\/www.agenciaminas.mg.gov.br\/ckeditor_assets\/pictures\/21183\/content_whatsapp_image_2024-06-21_at_12_46_38.jpeg\" width=\"800\"\/><br \/>&#13;<br \/>\n<sub><em>Acervo Secult<\/em><\/sub><\/p>\n<p>&#13;<br \/>\nA diretora geral do espet\u00e1culo, Cl\u00e1udia Malta, observa que essa narrativa evidencia aspectos essenciais, relacionados \u00e0 pr\u00f3pria mineiridade.<\/p>\n<p>\u201cNesse trabalho, nos deparamos com elementos que est\u00e3o na forma\u00e7\u00e3o do povo mineiro, o que se relaciona tamb\u00e9m \u00e0 pr\u00f3pria cultura do povo brasileiro, a partir do sincretismo, dessa s\u00edntese cultural t\u00e3o presente em Minas Gerais. A cultura do nosso estado representa a s\u00edntese do Brasil, e tudo isso est\u00e1 presente na \u00f3pera como uma grande homenagem ao povo mineiro e \u00e0s origens do nosso pa\u00eds\u201d, ressalta.<\/p>\n<p>Durante o processo de constru\u00e7\u00e3o da \u00f3pera, que est\u00e1 em produ\u00e7\u00e3o h\u00e1 cerca de um ano, foram feitas visitas a Congonhas, onde, h\u00e1 mais de 240 anos, acontece o Jubileu. Essa \u00e9 uma das principais devo\u00e7\u00f5es dentre as 30 dedicadas ao Bom Jesus de Matosinhos em Minas Gerais.<\/p>\n<p>\u201cFomos conhecer o Jubileu e, naquele momento, n\u00f3s t\u00ednhamos uma primeira ideia que acabou se transformando. N\u00f3s vimos a oportunidade de trazer esse personagem, o Feliciano Mendes, para o trabalho. L\u00e1, eu pude conhecer a hist\u00f3ria dele mais a fundo, vivenciando ali em loco, com as pessoas, e fiquei encantando com toda a hist\u00f3ria de transforma\u00e7\u00e3o dele, a cura e o que ele mobilizou em agradecimento pelo milagre alcan\u00e7ado\u201d, conta o diretor c\u00eanico Ronaldo Zero.<\/p>\n<p>\u201c\u00c9 muito interessante perceber como a hist\u00f3ria dele reverberou na cidade, que acabou virando n\u00e3o s\u00f3 um polo religioso, mas cultural com as obras de artistas representativos do barroco, como Aleijadinho\u201d, completa o diretor c\u00eanico.<\/p>\n<p><strong>Cen\u00e1rio<\/strong><\/p>\n<p>Para construir o cen\u00e1rio de \u201cDevo\u00e7\u00e3o\u201d, Ronaldo Zero relata que buscou refer\u00eancias na \u00f3pera barroca, na qual a f\u00e1bula d\u00e1 o tom da narrativa.<\/p>\n<p>\u201cPropomos contar essa hist\u00f3ria n\u00e3o a partir de um olhar documental. Portanto, ela ser\u00e1 encenada como uma f\u00e1bula. N\u00f3s voltamos para o s\u00e9culo 18, para o per\u00edodo da \u00f3pera barroca, quando os espet\u00e1culos eram encenados a partir de pain\u00e9is pintados e com estruturas que subiam e desciam diante da plateia. N\u00f3s estamos trazendo esse universo do teatro encenado para esse trabalho\u201d, detalha o diretor c\u00eanico.<\/p>\n<p><strong>Figurino<\/strong><\/p>\n<p>As roupas tamb\u00e9m se baseiam no s\u00e9culo 18. Parte do acervo da Funda\u00e7\u00e3o Cl\u00f3vis Salgado foi revisitado, mas outras pe\u00e7as novas tamb\u00e9m foram desenvolvidas.<\/p>\n<p>\u201cEsse aspecto da f\u00e1bula tamb\u00e9m se reflete nos figurinos, na luz, na coreografia. Em tudo isso h\u00e1 uma identidade real, mas com uma leve satura\u00e7\u00e3o da fantasia\u201d, pontua Zero.<\/p>\n<p><strong>Grande espet\u00e1culo<\/strong><\/p>\n<p>Na pr\u00e9-estreia, que ser\u00e1 realizada no Santu\u00e1rio do Bom Jesus de Matosinhos, haver\u00e1 a participa\u00e7\u00e3o do Coral Cidade dos Profetas, que participa das principais comemora\u00e7\u00f5es nas igrejas de Congonhas. O grupo com 40 vozes ir\u00e1 se unir ao Coral L\u00edrico de Minas Gerais, atualmente com cerca de 70 integrantes.<\/p>\n<p>\u201cAl\u00e9m disso, n\u00f3s teremos mais de 70 m\u00fasicos da Orquestra Sinf\u00f4nica de Minas Gerais, 17 bailarinos, os pr\u00f3prios solistas, v\u00e1rios figurantes e algumas surpresas nesta \u00f3pera, que \u00e9 uma grande homenagem ao povo mineiro, ao povo brasileiro, \u00e0 nossa cultura e \u00e0 import\u00e2ncia dela na forma\u00e7\u00e3o cultural brasileira\u201d, conclui a diretora geral, Cl\u00e1udia Malta.<\/p>\n<\/p><\/div>\n","protected":false},"excerpt":{"rendered":"<p>Relacionadas O Santu\u00e1rio do Bom Jesus de Matosinhos, reconhecido como uma das obras-primas do barroco&#8230;<\/p>\n","protected":false},"author":2,"featured_media":0,"comment_status":"open","ping_status":"open","sticky":false,"template":"","format":"standard","meta":{"footnotes":""},"categories":[],"tags":[],"class_list":["post-10826","post","type-post","status-publish","format-standard","hentry"],"amp_enabled":true,"_links":{"self":[{"href":"https:\/\/ipatingafc.com.br\/index.php\/wp-json\/wp\/v2\/posts\/10826","targetHints":{"allow":["GET"]}}],"collection":[{"href":"https:\/\/ipatingafc.com.br\/index.php\/wp-json\/wp\/v2\/posts"}],"about":[{"href":"https:\/\/ipatingafc.com.br\/index.php\/wp-json\/wp\/v2\/types\/post"}],"author":[{"embeddable":true,"href":"https:\/\/ipatingafc.com.br\/index.php\/wp-json\/wp\/v2\/users\/2"}],"replies":[{"embeddable":true,"href":"https:\/\/ipatingafc.com.br\/index.php\/wp-json\/wp\/v2\/comments?post=10826"}],"version-history":[{"count":0,"href":"https:\/\/ipatingafc.com.br\/index.php\/wp-json\/wp\/v2\/posts\/10826\/revisions"}],"wp:attachment":[{"href":"https:\/\/ipatingafc.com.br\/index.php\/wp-json\/wp\/v2\/media?parent=10826"}],"wp:term":[{"taxonomy":"category","embeddable":true,"href":"https:\/\/ipatingafc.com.br\/index.php\/wp-json\/wp\/v2\/categories?post=10826"},{"taxonomy":"post_tag","embeddable":true,"href":"https:\/\/ipatingafc.com.br\/index.php\/wp-json\/wp\/v2\/tags?post=10826"}],"curies":[{"name":"wp","href":"https:\/\/api.w.org\/{rel}","templated":true}]}}