{"id":10878,"date":"2024-06-24T04:41:25","date_gmt":"2024-06-24T07:41:25","guid":{"rendered":"https:\/\/ipatingafc.com.br\/index.php\/2024\/06\/24\/governo-antecipa-r-282-milhoes-para-atencao-basica-em-saude-no-vale-do-paraiba\/"},"modified":"2024-06-24T04:41:25","modified_gmt":"2024-06-24T07:41:25","slug":"governo-antecipa-r-282-milhoes-para-atencao-basica-em-saude-no-vale-do-paraiba","status":"publish","type":"post","link":"https:\/\/ipatingafc.com.br\/index.php\/2024\/06\/24\/governo-antecipa-r-282-milhoes-para-atencao-basica-em-saude-no-vale-do-paraiba\/","title":{"rendered":"Governo antecipa R$ 28,2 milh\u00f5es para aten\u00e7\u00e3o b\u00e1sica em sa\u00fade no Vale do Para\u00edba"},"content":{"rendered":"<p><\/p>\n<div id=\"\">&#13;<br \/>\n                                <!-- Title -->&#13;<br \/>\n                                &#13;<br \/>\n&#13;<br \/>\n                                <!-- Excerpt -->&#13;<\/p>\n<p class=\"excerpt\">Recursos s\u00e3o provenientes do programa IGM SUS Paulista e o repasse foi imediato e em parcela \u00fanica<\/p>\n<p>&#13;<br \/>\n&#13;<br \/>\n                                &#13;\n                            <\/p><\/div>\n<div id=\"\">&#13;<\/p>\n<p>O governador Tarc\u00edsio de Freitas anunciou nesta sexta-feira (21), em evento no Pal\u00e1cio dos Bandeirantes, em S\u00e3o Paulo, a antecipa\u00e7\u00e3o do pagamento de R$ 412 milh\u00f5es do programa IGM SUS Paulista \u2013 Incentivo \u00e0 Gest\u00e3o Municipal. Para o Vale do Para\u00edba ser\u00e3o liberados R$ 28,2 milh\u00f5es.<\/p>\n<p>\u201cEstamos celebrando mais uma libera\u00e7\u00e3o de recursos. Um dinheiro que vai para a aten\u00e7\u00e3o b\u00e1sica atrav\u00e9s do IGM SUS Paulista. Esse ano est\u00e1 sendo um ano de muita press\u00e3o, tivemos a da dengue, que pressionou l\u00e1 atr\u00e1s e a gente antecipou recursos. E agora estamos antecipando da tabela fixa R$ 412 milh\u00f5es\u201d, afirmou o governador. \u201cE observe, o dinheiro j\u00e1 est\u00e1 na conta. E n\u00f3s vamos manter os demais investimentos em outras \u00e1reas, e vamos seguir trabalhando em coopera\u00e7\u00e3o com os munic\u00edpios\u201d, acrescentou Tarc\u00edsio.<\/p>\n<p>A cerim\u00f4nia que autorizou o repasse ocorreu no Pal\u00e1cio dos Bandeirantes e reuniu os secret\u00e1rios Eleuses Paiva (Sa\u00fade), Arthur Lima (Casa Civil) e Gilberto Kassab (Governo e Rela\u00e7\u00f5es Institucionais), al\u00e9m do presidente da Assembleia Legislativa do Estado de S\u00e3o Paulo, Andr\u00e9 do Prado, parlamentares estaduais, municipais, prefeitos, diretores e gestores municipais da \u00e1rea de sa\u00fade, entre outras autoridades.<\/p>\n<p>Em fevereiro deste ano, o governo de S\u00e3o Paulo j\u00e1 havia antecipado R$ 205 milh\u00f5es do IGM SUS Paulista, previsto originalmente para maio, para apoiar o trabalho das cidades paulistas no combate \u00e0s arboviroses urbanas, especialmente a dengue.<\/p>\n<p>\u201cVivemos no pa\u00eds e no mundo um grande desafio econ\u00f4mico, e \u00e9 justamente devido \u00e0 preocupa\u00e7\u00e3o do governo Tarc\u00edsio de manter a sustentabilidade nos munic\u00edpios, principalmente no que tange \u00e0 aten\u00e7\u00e3o em sa\u00fade, que n\u00f3s estamos anunciando mais esse importante recurso para investimento na aten\u00e7\u00e3o b\u00e1sica \u201d, refor\u00e7ou o secret\u00e1rio de Estado da Sa\u00fade, Eleuses Paiva.<\/p>\n<p><strong>IGM SUS Paulista<\/strong><\/p>\n<p>O IGM SUS Paulista \u00e9 um programa de incentivo criado pela gest\u00e3o Tarc\u00edsio de Freitas para elevar os repasses estaduais aos munic\u00edpios para servi\u00e7os p\u00fablicos de sa\u00fade com o compromisso de as prefeituras cumprirem indicadores assistenciais importantes, como cobertura vacinal, preven\u00e7\u00e3o da mortalidade infantil, controle de c\u00e2ncer de colo de \u00fatero, pr\u00e9-natal, controle de hipertens\u00e3o e diabetes, al\u00e9m de controle de arboviroses urbanas.<\/p>\n<p>Impulsionado pelo projeto de regionaliza\u00e7\u00e3o da Sa\u00fade no Estado, o IGM SUS Paulista tamb\u00e9m eleva os repasses estaduais para a sa\u00fade dos munic\u00edpios paulistas em rela\u00e7\u00e3o aos anos anteriores, passando de R$ 4 per capita para valores que v\u00e3o de R$ 15 a R$ 40, e otimiza a aten\u00e7\u00e3o b\u00e1sica ao dar maior suporte financeiro para as regi\u00f5es se estruturarem e organizarem suas demandas.<\/p>\n<p>A oferta de recursos aos munic\u00edpios foi definida conforme crit\u00e9rios de vulnerabilidade social, popula\u00e7\u00e3o e cobertura de estrat\u00e9gia de sa\u00fade da fam\u00edlia. O programa tamb\u00e9m amplia a transpar\u00eancia na aplica\u00e7\u00e3o de recursos, j\u00e1 que se baseia em crit\u00e9rios espec\u00edficos e mensur\u00e1veis para a transfer\u00eancia de verba a cada munic\u00edpio.<\/p>\n<p><strong>Fotos:<\/strong><br \/><img loading=\"lazy\" decoding=\"async\" src=\"https:\/\/live.staticflickr.com\/65535\/53806922595_31baa512cc_n.jpg\" width=\"800\" height=\"600\" alt=\"Assinatura de Autorizo do Repasse Antecipado para Incentivo \u00e0 Sa\u00fade dos Munic\u00edpios Paulistas\"\/><\/p>\n<p><strong>\u00c1udios:<\/strong><br \/>Discurso do governador<br \/><iframe loading=\"lazy\" title=\"Discurso: Gov. Tarc\u00edsio de Freitas - Repasse antecipado para incentivo \u00e0 sa\u00fade - 21.06.24 by Governo do Estado de S\u00e3o Paulo\" width=\"587\" height=\"330\" scrolling=\"no\" frameborder=\"no\" src=\"https:\/\/w.soundcloud.com\/player\/?visual=true&amp;url=https%3A%2F%2Fapi.soundcloud.com%2Ftracks%2F1853746224&amp;show_artwork=true&amp;maxheight=330&amp;maxwidth=587\"><\/iframe><br \/>Discurso do secret\u00e1rio da Sa\u00fade<br \/><iframe loading=\"lazy\" title=\"Discurso: Sec. Eleuses Paiva (sa\u00fade) - Repasse antecipado para incentivo \u00e0 sa\u00fade - 21.06.24 by Governo do Estado de S\u00e3o Paulo\" width=\"587\" height=\"330\" scrolling=\"no\" frameborder=\"no\" src=\"https:\/\/w.soundcloud.com\/player\/?visual=true&amp;url=https%3A%2F%2Fapi.soundcloud.com%2Ftracks%2F1853717793&amp;show_artwork=true&amp;maxheight=330&amp;maxwidth=587\"><\/iframe><\/p>\n<p><strong>V\u00eddeo:<\/strong> https:\/\/we.tl\/t-OUZTZlTUEO<\/p>\n<\/p><\/div>\n","protected":false},"excerpt":{"rendered":"<p>&#13; &#13; &#13; &#13; &#13; Recursos s\u00e3o provenientes do programa IGM SUS Paulista e o&#8230;<\/p>\n","protected":false},"author":2,"featured_media":0,"comment_status":"open","ping_status":"open","sticky":false,"template":"","format":"standard","meta":{"footnotes":""},"categories":[],"tags":[],"class_list":["post-10878","post","type-post","status-publish","format-standard","hentry"],"amp_enabled":true,"_links":{"self":[{"href":"https:\/\/ipatingafc.com.br\/index.php\/wp-json\/wp\/v2\/posts\/10878","targetHints":{"allow":["GET"]}}],"collection":[{"href":"https:\/\/ipatingafc.com.br\/index.php\/wp-json\/wp\/v2\/posts"}],"about":[{"href":"https:\/\/ipatingafc.com.br\/index.php\/wp-json\/wp\/v2\/types\/post"}],"author":[{"embeddable":true,"href":"https:\/\/ipatingafc.com.br\/index.php\/wp-json\/wp\/v2\/users\/2"}],"replies":[{"embeddable":true,"href":"https:\/\/ipatingafc.com.br\/index.php\/wp-json\/wp\/v2\/comments?post=10878"}],"version-history":[{"count":0,"href":"https:\/\/ipatingafc.com.br\/index.php\/wp-json\/wp\/v2\/posts\/10878\/revisions"}],"wp:attachment":[{"href":"https:\/\/ipatingafc.com.br\/index.php\/wp-json\/wp\/v2\/media?parent=10878"}],"wp:term":[{"taxonomy":"category","embeddable":true,"href":"https:\/\/ipatingafc.com.br\/index.php\/wp-json\/wp\/v2\/categories?post=10878"},{"taxonomy":"post_tag","embeddable":true,"href":"https:\/\/ipatingafc.com.br\/index.php\/wp-json\/wp\/v2\/tags?post=10878"}],"curies":[{"name":"wp","href":"https:\/\/api.w.org\/{rel}","templated":true}]}}