{"id":10916,"date":"2024-06-24T22:46:59","date_gmt":"2024-06-25T01:46:59","guid":{"rendered":"https:\/\/ipatingafc.com.br\/index.php\/2024\/06\/24\/desestatizacao-da-sabesp-vai-levar-saneamento-para-todos-diz-tarcisio-nos-eua\/"},"modified":"2024-06-24T22:46:59","modified_gmt":"2024-06-25T01:46:59","slug":"desestatizacao-da-sabesp-vai-levar-saneamento-para-todos-diz-tarcisio-nos-eua","status":"publish","type":"post","link":"https:\/\/ipatingafc.com.br\/index.php\/2024\/06\/24\/desestatizacao-da-sabesp-vai-levar-saneamento-para-todos-diz-tarcisio-nos-eua\/","title":{"rendered":"&#8216;Desestatiza\u00e7\u00e3o da Sabesp vai levar saneamento para todos&#8217;, diz Tarc\u00edsio nos EUA"},"content":{"rendered":"<p><\/p>\n<div id=\"\">&#13;<br \/>\n                                <!-- Title -->&#13;<br \/>\n                                &#13;<br \/>\n&#13;<br \/>\n                                <!-- Excerpt -->&#13;<\/p>\n<p class=\"excerpt\">Em agenda no exterior, governador Tarc\u00edsio de Freitas apresenta projeto de desestatiza\u00e7\u00e3o da Sabesp a investidores e destaca os benef\u00edcios<\/p>\n<p>&#13;<br \/>\n&#13;<br \/>\n                                &#13;\n                            <\/p><\/div>\n<div id=\"\">&#13;<\/p>\n<figure id=\"attachment_5906896\" style=\"width: 100%;max-width: 772px\" class=\"wp-caption alignnone\"><img decoding=\"async\" loading=\"lazy\" class=\"wp-image-5906896\" src=\"https:\/\/www.saopaulo.sp.gov.br\/wp-content\/uploads\/2024\/06\/road-show-desestatizacao-sabesp-300x200.jpg\" alt=\"Governador olhando para frente\" width=\"772\" height=\"515\" srcset=\"https:\/\/www.saopaulo.sp.gov.br\/wp-content\/uploads\/2024\/06\/road-show-desestatizacao-sabesp-300x200.jpg 300w, https:\/\/www.saopaulo.sp.gov.br\/wp-content\/uploads\/2024\/06\/road-show-desestatizacao-sabesp-1024x683.jpg 1024w, https:\/\/www.saopaulo.sp.gov.br\/wp-content\/uploads\/2024\/06\/road-show-desestatizacao-sabesp-768x512.jpg 768w, https:\/\/www.saopaulo.sp.gov.br\/wp-content\/uploads\/2024\/06\/road-show-desestatizacao-sabesp-1536x1024.jpg 1536w, https:\/\/www.saopaulo.sp.gov.br\/wp-content\/uploads\/2024\/06\/road-show-desestatizacao-sabesp.jpg 2048w\" sizes=\"auto, (max-width: 772px) 100vw, 772px\"\/><figcaption class=\"wp-caption-text\">Governador apresentou projeto da Sabesp nos EUA<\/figcaption><\/figure>\n<p>O governador Tarc\u00edsio de Freitas iniciou nesta segunda-feira (24), em Nova York (EUA), a miss\u00e3o internacional do governo paulista para apresentar a executivos de grupos e fundos globais o modelo de desestatiza\u00e7\u00e3o da Sabesp. A oferta p\u00fablica, que \u00e9 dividida em duas etapas, come\u00e7ou hoje e segue at\u00e9 sexta-feira (28) para selecionar os investidores de refer\u00eancia, que apresentar\u00e3o propostas de pre\u00e7o por 15% da companhia.<\/p>\n<p>Durante as reuni\u00f5es, a comitiva paulista destacou os benef\u00edcios da desestatiza\u00e7\u00e3o para a popula\u00e7\u00e3o de S\u00e3o Paulo. \u201cQueremos construir o legado da universaliza\u00e7\u00e3o do saneamento, aumentando a disponibilidade h\u00eddrica e levando mais sa\u00fade para todos\u201d, afirmou o governador Tarc\u00edsio de Freitas. Segundo ele, todo o processo permitir\u00e1 ampliar e antecipar investimentos no setor. \u201cTudo tem sido feito com muita responsabilidade e transpar\u00eancia. A desestatiza\u00e7\u00e3o vai levar saneamento para todos, mais r\u00e1pido, melhor e mais barato\u201d, enfatizou.<\/p>\n<p>Tarc\u00edsio participou de uma s\u00e9rie de encontros com executivos e representantes de empresas e fundos de investimentos voltados para infraestrutura e saneamento. Nesta ter\u00e7a-feira (25), o governador ter\u00e1 mais uma reuni\u00e3o com investidores americanos e, em seguida, segue para a Europa, onde, no dia 1\u00ba de julho, em Londres, iniciar\u00e1 a etapa europeia de detalhamento da opera\u00e7\u00e3o da Sabesp.<\/p>\n<p>Os demais membros da delega\u00e7\u00e3o paulista, incluindo o secret\u00e1rio de Parcerias e Investimentos, Rafael Benini, e o presidente da Sabesp, Andr\u00e9 Salcedo, permanecem nos Estados Unidos at\u00e9 o final da semana para mais compromissos com investidores em Nova York e, posteriormente, em Boston.<\/p>\n<h2>Bookbuilding<\/h2>\n<p>Com a defini\u00e7\u00e3o dos dois investidores de refer\u00eancia, se inicia a fase de bookbuilding, de 1 a 15 de julho, quando ser\u00e3o oferecidos 17% das a\u00e7\u00f5es da Sabesp. Neste per\u00edodo, os investidores aptos a operar no mercado de a\u00e7\u00f5es, inclusive pessoas f\u00edsicas, poder\u00e3o apresentar ordens nos dois books abertos, por meio de suas corretoras.<\/p>\n<p>A oferta p\u00fablica de a\u00e7\u00f5es est\u00e1 sendo conduzida pelos bancos coordenadores: BTG Pactual, Bank of America, Citi, UBS e Ita\u00fa BBA. N\u00e3o haver\u00e1 oferta prim\u00e1ria, o que significa que apenas a\u00e7\u00f5es que hoje s\u00e3o do Governo de S\u00e3o Paulo ser\u00e3o ofertadas.<\/p>\n<p>Agenda em Lisboa<br \/>Antes da miss\u00e3o em Londres, Tarc\u00edsio tamb\u00e9m ir\u00e1 a Portugal para apresentar oportunidades de investimentos no estado. Al\u00e9m da desestatiza\u00e7\u00e3o da Sabesp, o governador vai detalhar todo o portf\u00f3lio do Programa de Parcerias de Investimentos do Estado de S\u00e3o Paulo (PPI-SP) a grupos privados internacionais em Lisboa.<\/p>\n<p>Atualmente, s\u00e3o 24 projetos qualificados em quatro eixos estruturais \u2013 \u00e1gua e energia, mobilidade, rodovias e social. A expectativa da gest\u00e3o estadual \u00e9 promover mais 44 leil\u00f5es at\u00e9 o final de 2026, mobilizando grupos globais interessados em investir em ativos estaduais. O secret\u00e1rio-chefe da Casa Civil do governo paulista, Arthur Lima, tamb\u00e9m vai participar dos encontros na capital portuguesa.<\/p>\n<p>Ainda em Portugal, Tarc\u00edsio se junta a outras autoridades brasileiras para participar do 12\u00ba F\u00f3rum Jur\u00eddico de Lisboa. O evento acontece na pr\u00f3xima quarta-feira, com debates e palestras com a participa\u00e7\u00e3o de ministros do Supremo Tribunal Federal.<\/p>\n<\/p><\/div>\n","protected":false},"excerpt":{"rendered":"<p>&#13; &#13; &#13; &#13; &#13; Em agenda no exterior, governador Tarc\u00edsio de Freitas apresenta projeto&#8230;<\/p>\n","protected":false},"author":2,"featured_media":0,"comment_status":"open","ping_status":"open","sticky":false,"template":"","format":"standard","meta":{"footnotes":""},"categories":[],"tags":[],"class_list":["post-10916","post","type-post","status-publish","format-standard","hentry"],"amp_enabled":true,"_links":{"self":[{"href":"https:\/\/ipatingafc.com.br\/index.php\/wp-json\/wp\/v2\/posts\/10916","targetHints":{"allow":["GET"]}}],"collection":[{"href":"https:\/\/ipatingafc.com.br\/index.php\/wp-json\/wp\/v2\/posts"}],"about":[{"href":"https:\/\/ipatingafc.com.br\/index.php\/wp-json\/wp\/v2\/types\/post"}],"author":[{"embeddable":true,"href":"https:\/\/ipatingafc.com.br\/index.php\/wp-json\/wp\/v2\/users\/2"}],"replies":[{"embeddable":true,"href":"https:\/\/ipatingafc.com.br\/index.php\/wp-json\/wp\/v2\/comments?post=10916"}],"version-history":[{"count":0,"href":"https:\/\/ipatingafc.com.br\/index.php\/wp-json\/wp\/v2\/posts\/10916\/revisions"}],"wp:attachment":[{"href":"https:\/\/ipatingafc.com.br\/index.php\/wp-json\/wp\/v2\/media?parent=10916"}],"wp:term":[{"taxonomy":"category","embeddable":true,"href":"https:\/\/ipatingafc.com.br\/index.php\/wp-json\/wp\/v2\/categories?post=10916"},{"taxonomy":"post_tag","embeddable":true,"href":"https:\/\/ipatingafc.com.br\/index.php\/wp-json\/wp\/v2\/tags?post=10916"}],"curies":[{"name":"wp","href":"https:\/\/api.w.org\/{rel}","templated":true}]}}