{"id":10934,"date":"2024-06-25T05:06:14","date_gmt":"2024-06-25T08:06:14","guid":{"rendered":"https:\/\/ipatingafc.com.br\/index.php\/2024\/06\/25\/pm-que-auxiliou-em-parto-de-emergencia-em-osasco\/"},"modified":"2024-06-25T05:06:14","modified_gmt":"2024-06-25T08:06:14","slug":"pm-que-auxiliou-em-parto-de-emergencia-em-osasco","status":"publish","type":"post","link":"https:\/\/ipatingafc.com.br\/index.php\/2024\/06\/25\/pm-que-auxiliou-em-parto-de-emergencia-em-osasco\/","title":{"rendered":"PM que auxiliou em parto de emerg\u00eancia em Osasco"},"content":{"rendered":"<p><\/p>\n<div id=\"\">&#13;<br \/>\n                                <!-- Title -->&#13;<br \/>\n                                &#13;<br \/>\n&#13;<br \/>\n                                <!-- Excerpt -->&#13;<\/p>\n<p class=\"excerpt\">A equipe de policiais, que chegou em instantes, foi acionada por meio do Centro de Opera\u00e7\u00f5es da Pol\u00edcia Militar (Copom)<\/p>\n<p>&#13;<br \/>\n&#13;<br \/>\n                                &#13;\n                            <\/p><\/div>\n<div id=\"\">&#13;<\/p>\n<figure id=\"attachment_5906751\" style=\"width: 100%;max-width: 740px\" class=\"wp-caption alignnone\"><img decoding=\"async\" loading=\"lazy\" class=\" wp-image-5906751\" src=\"https:\/\/www.saopaulo.sp.gov.br\/wp-content\/uploads\/2024\/06\/00055256-300x173.jpeg\" alt=\"\" width=\"740\" height=\"427\" srcset=\"https:\/\/www.saopaulo.sp.gov.br\/wp-content\/uploads\/2024\/06\/00055256-300x173.jpeg 300w, https:\/\/www.saopaulo.sp.gov.br\/wp-content\/uploads\/2024\/06\/00055256-1024x591.jpeg 1024w, https:\/\/www.saopaulo.sp.gov.br\/wp-content\/uploads\/2024\/06\/00055256-768x444.jpeg 768w, https:\/\/www.saopaulo.sp.gov.br\/wp-content\/uploads\/2024\/06\/00055256.jpeg 1200w\" sizes=\"auto, (max-width: 740px) 100vw, 740px\"\/><figcaption class=\"wp-caption-text\">A equipe auxiliou no parto para que a beb\u00ea nascesse sem complica\u00e7\u00f5es<\/figcaption><\/figure>\n<p>O \u00faltimo domingo (23) ficar\u00e1 marcado na mem\u00f3ria da fam\u00edlia Alves e de dois policiais militares que auxiliaram no parto de Maila. A crian\u00e7a nasceu durante uma emerg\u00eancia no bairro Industrial Anhanguera, em Osasco.<\/p>\n<p><strong>LEIA TAMB\u00c9M:<\/strong> \u201cSensa\u00e7\u00e3o de extrema alegria\u201d, diz PM que auxiliou em parto na zona sul de SP<\/p>\n<p>Os policiais do 14\u00ba Batalh\u00e3o de Pol\u00edcia Militar Metropolitano estavam de plant\u00e3o quando receberam o chamado para socorro do Centro de Opera\u00e7\u00f5es da PM (Copom). Uma amiga da m\u00e3e ligou para o 190 pedindo ajuda, informando que a mulher estava em trabalho de parto.<\/p>\n<p>Em instantes, a equipe estava no endere\u00e7o. Os policiais encontraram a m\u00e3e no ch\u00e3o da rua, j\u00e1 em trabalho de parto, e, ent\u00e3o, ligaram para o Servi\u00e7o de Atendimento M\u00f3vel de Urg\u00eancia (Samu). Os policiais iniciaram os procedimentos de emerg\u00eancia.<\/p>\n<p>A equipe paramentada auxiliou a m\u00e3e para que a beb\u00ea nascesse sem complica\u00e7\u00f5es. Momentos depois, o choro da rec\u00e9m-nascida ecoou baixo e Maila Alves veio ao mundo.<\/p>\n<p>O cabo Filipe Pereira foi um dos respons\u00e1veis pelo parto. \u201cChegamos em menos de cinco minutos. O tempo foi essencial para que o nascimento acontecesse em seguran\u00e7a\u201d, disse. \u201cA beb\u00ea nasceu em nossas m\u00e3os\u201d, completou o PM.<\/p>\n<p><strong>LEIA TAMB\u00c9M:<\/strong> SP investe 400% a mais para incentivar partos normais no SUS<\/p>\n<p>Esse foi o primeiro parto realizado pelo cabo, que est\u00e1 na corpora\u00e7\u00e3o h\u00e1 cinco anos. \u201cFiquei muito satisfeito em poder ajudar.\u201d<\/p>\n<p>Com a chegada do resgate, os policiais acompanharam a m\u00e3e e a filha \u00e0 Maternidade Amador Aguiar para receber os cuidados necess\u00e1rios de p\u00f3s-parto.<\/p>\n<p>Siga o canal \u201cGoverno de S\u00e3o Paulo\u201d no WhatsApp:<br \/>https:\/\/bit.ly\/govspnozap<\/p>\n<\/p><\/div>\n","protected":false},"excerpt":{"rendered":"<p>&#13; &#13; &#13; &#13; &#13; A equipe de policiais, que chegou em instantes, foi acionada&#8230;<\/p>\n","protected":false},"author":2,"featured_media":0,"comment_status":"open","ping_status":"open","sticky":false,"template":"","format":"standard","meta":{"footnotes":""},"categories":[],"tags":[],"class_list":["post-10934","post","type-post","status-publish","format-standard","hentry"],"amp_enabled":true,"_links":{"self":[{"href":"https:\/\/ipatingafc.com.br\/index.php\/wp-json\/wp\/v2\/posts\/10934","targetHints":{"allow":["GET"]}}],"collection":[{"href":"https:\/\/ipatingafc.com.br\/index.php\/wp-json\/wp\/v2\/posts"}],"about":[{"href":"https:\/\/ipatingafc.com.br\/index.php\/wp-json\/wp\/v2\/types\/post"}],"author":[{"embeddable":true,"href":"https:\/\/ipatingafc.com.br\/index.php\/wp-json\/wp\/v2\/users\/2"}],"replies":[{"embeddable":true,"href":"https:\/\/ipatingafc.com.br\/index.php\/wp-json\/wp\/v2\/comments?post=10934"}],"version-history":[{"count":0,"href":"https:\/\/ipatingafc.com.br\/index.php\/wp-json\/wp\/v2\/posts\/10934\/revisions"}],"wp:attachment":[{"href":"https:\/\/ipatingafc.com.br\/index.php\/wp-json\/wp\/v2\/media?parent=10934"}],"wp:term":[{"taxonomy":"category","embeddable":true,"href":"https:\/\/ipatingafc.com.br\/index.php\/wp-json\/wp\/v2\/categories?post=10934"},{"taxonomy":"post_tag","embeddable":true,"href":"https:\/\/ipatingafc.com.br\/index.php\/wp-json\/wp\/v2\/tags?post=10934"}],"curies":[{"name":"wp","href":"https:\/\/api.w.org\/{rel}","templated":true}]}}