{"id":10936,"date":"2024-06-25T05:54:15","date_gmt":"2024-06-25T08:54:15","guid":{"rendered":"https:\/\/ipatingafc.com.br\/index.php\/2024\/06\/25\/prefeitura-de-sorocaba-oferece-cursos-de-ferias-gratuitos-nos-parques-no-mes-de-julho-agencia-de-noticias\/"},"modified":"2024-06-25T05:54:15","modified_gmt":"2024-06-25T08:54:15","slug":"prefeitura-de-sorocaba-oferece-cursos-de-ferias-gratuitos-nos-parques-no-mes-de-julho-agencia-de-noticias","status":"publish","type":"post","link":"https:\/\/ipatingafc.com.br\/index.php\/2024\/06\/25\/prefeitura-de-sorocaba-oferece-cursos-de-ferias-gratuitos-nos-parques-no-mes-de-julho-agencia-de-noticias\/","title":{"rendered":"Prefeitura de Sorocaba oferece cursos de f\u00e9rias gratuitos nos parques no m\u00eas de julho \u2013 Ag\u00eancia de Not\u00edcias"},"content":{"rendered":"<p><\/p>\n<div wp_automatic_readability=\"414.77044334975\">\n<p align=\"center\"><img loading=\"lazy\" decoding=\"async\" class=\"aligncenter wp-image-129367 size-large\" src=\"http:\/\/noticias.sorocaba.sp.gov.br\/wp-content\/uploads\/2024\/03\/noticias.sorocaba.sp.gov.br-curso-de-ferias-do-jardim-botanico-de-sorocaba-tem-inicio-com-programacao-voltada-aos-cuidados-com-a-terra-mini16-1024x768.jpeg\" alt=\"\" width=\"1024\" height=\"768\" srcset=\"https:\/\/noticias.sorocaba.sp.gov.br\/wp-content\/uploads\/2024\/03\/noticias.sorocaba.sp.gov.br-curso-de-ferias-do-jardim-botanico-de-sorocaba-tem-inicio-com-programacao-voltada-aos-cuidados-com-a-terra-mini16-1024x768.jpeg 1024w, https:\/\/noticias.sorocaba.sp.gov.br\/wp-content\/uploads\/2024\/03\/noticias.sorocaba.sp.gov.br-curso-de-ferias-do-jardim-botanico-de-sorocaba-tem-inicio-com-programacao-voltada-aos-cuidados-com-a-terra-mini16-300x225.jpeg 300w, https:\/\/noticias.sorocaba.sp.gov.br\/wp-content\/uploads\/2024\/03\/noticias.sorocaba.sp.gov.br-curso-de-ferias-do-jardim-botanico-de-sorocaba-tem-inicio-com-programacao-voltada-aos-cuidados-com-a-terra-mini16-768x576.jpeg 768w, https:\/\/noticias.sorocaba.sp.gov.br\/wp-content\/uploads\/2024\/03\/noticias.sorocaba.sp.gov.br-curso-de-ferias-do-jardim-botanico-de-sorocaba-tem-inicio-com-programacao-voltada-aos-cuidados-com-a-terra-mini16.jpeg 1600w\" sizes=\"auto, (max-width: 1024px) 100vw, 1024px\"\/><\/p>\n<p style=\"text-align: left;\" align=\"center\">Pais e filhos j\u00e1 podem se preparar para a programa\u00e7\u00e3o gratuita de f\u00e9rias, que ocorrer\u00e1, no m\u00eas de julho, em quatro parques de Sorocaba: Zool\u00f3gico Municipal \u201cQuinzinho de Barros\u201d, Biquinha, \u00c1gua Vermelha \u201cJo\u00e3o C\u00e2ncio Pereira\u201d e Jardim Bot\u00e2nico \u201cIrm\u00e3os Villas-B\u00f4as\u201d.<\/p>\n<p>As atividades s\u00e3o promovidas pela Prefeitura de Sorocaba, por meio da Secretaria do Meio Ambiente, Prote\u00e7\u00e3o e Bem-Estar Animal (Sema), com o objetivo de aproveitar esta \u00e9poca de recesso escolar para ensinar crian\u00e7as e seus familiares um pouco mais sobre meio ambiente, al\u00e9m de promover a conex\u00e3o deles com a natureza e o lazer ao ar livre.<\/p>\n<p>Cada parque ter\u00e1 uma programa\u00e7\u00e3o voltada a uma determinada faixa et\u00e1ria, com temas e propostas diferentes, e per\u00edodos espec\u00edficos. A ideia da Sema \u00e9 proporcionar a todos um lazer educativo em contato com a natureza, estimulando uma inf\u00e2ncia saud\u00e1vel, por meio de atividades l\u00fadicas que despertem para o protagonismo e o cuidado com o meio ambiente.<\/p>\n<p>Mais informa\u00e7\u00f5es podem ser obtidas de segunda a sexta-feira, das 8h \u00e0s 16h, pelo e-mail: sema@sorocaba.sp.gov.br ou pelo telefone: (15) 3219-2280.<\/p>\n<p><strong>Jardim Bot\u00e2nico<\/strong><\/p>\n<p>O Jardim Bot\u00e2nico \u201cIrm\u00e3os Villas-B\u00f4as\u201d preparou uma programa\u00e7\u00e3o especial do \u201cF\u00e9rias no Jardim\u201d, voltada a crian\u00e7as de 10 a 12 anos, de 4 a 6 de julho, das 8h \u00e0s 12h. Os pais ou respons\u00e1veis devem fazer a inscri\u00e7\u00e3o, a partir das 9h desta quarta-feira (26), pelo link: https:\/\/tinyurl.com\/cursoferiasnojardim.<\/p>\n<p>O objetivo da a\u00e7\u00e3o, que tem como tema \u201cIrm\u00e3os Villas-B\u00f4as e os povos ind\u00edgenas, os guardi\u00f5es da natureza\u201d, \u00e9 proporcionar o contato com a natureza, por meio de oficinas educativas e brincadeiras, e ensinar conceitos importantes para o desenvolvimento de uma consci\u00eancia cr\u00edtica sobre a import\u00e2ncia da conserva\u00e7\u00e3o da biodiversidade.<\/p>\n<p>Nesta edi\u00e7\u00e3o, o \u201cF\u00e9rias no Jardim\u201d contar\u00e1 aos participantes a hist\u00f3ria dos irm\u00e3os Villas-B\u00f4as, importantes sertanistas e indigenistas brasileiros, her\u00f3is na defesa dos povos ind\u00edgenas e respons\u00e1veis pela cria\u00e7\u00e3o da primeira reserva ind\u00edgena do Brasil, o Territ\u00f3rio Ind\u00edgena do Xingu, maior reserva brasileira que abriga hoje 16 povos ind\u00edgenas.<\/p>\n<p>Al\u00e9m de conhecer essa hist\u00f3ria, os participantes ter\u00e3o a oportunidade de aprender um pouco sobre alguns elementos da cultura ind\u00edgena e sobre a import\u00e2ncia desses povos para a conserva\u00e7\u00e3o da biodiversidade, refletindo sobre as nossas diferen\u00e7as culturais e sobre como nosso modo de vida impacta a natureza.<\/p>\n<p>A cada dia, ser\u00e3o realizadas diferentes atividades. No dia 4 de julho (quinta-feira), a Sema apresentar\u00e1 os irm\u00e3os Villas-B\u00f4as e vai oferecer oficina com argila, minitear e brincadeira com arco e flecha. No dia 5 de julho (sexta-feira), ter\u00e1 oficina de tintas naturais, artesanato com mi\u00e7angas de papel e sementes e uma trilha em um fragmento de vegeta\u00e7\u00e3o natural. J\u00e1 no dia 6 de julho (s\u00e1bado), as crian\u00e7as participar\u00e3o de um bate-papo sobre biodiversidade, far\u00e3o a observa\u00e7\u00e3o de insetos e uma oficina de identifica\u00e7\u00e3o de plantas.<\/p>\n<p>De acordo com a Sema, ser\u00e3o oferecidas 30 vagas, que ser\u00e3o preenchidas por ordem de inscri\u00e7\u00e3o. Mais informa\u00e7\u00f5es podem ser obtidas pelo e-mail: jardimbotanico@sorocaba.sp.gov.br. O Jardim Bot\u00e2nico fica na Rua Miguel Montoro Lozano, 340, no Jardim Dois Cora\u00e7\u00f5es, e funciona de ter\u00e7a a domingo, das 9h \u00e0s 17h. A entrada \u00e9 gratuita.<\/p>\n<p><strong>Zool\u00f3gico Municipal<\/strong><\/p>\n<p>O Parque Zool\u00f3gico Municipal \u201cQuinzinho de Barros\u201d sediar\u00e1, de 16 a 19 de julho, das 8h \u00e0s 12h, o curso de f\u00e9rias \u201cAnimazoo\u201d, voltado a crian\u00e7as e adolescentes, de 6 a 15 anos. As inscri\u00e7\u00f5es dever\u00e3o ser feitas neste s\u00e1bado (29), das 9h \u00e0s 12h, na Secretaria do Meio Ambiente, Prote\u00e7\u00e3o e Bem-Estar Animal, localizada na Rua Santa Maria, 197, na Vila Hort\u00eancia. As vagas s\u00e3o limitadas e ser\u00e3o preenchidas por ordem de chegada.<\/p>\n<p>Com o tema \u201cOs animais do passado e os animais de agora\u201d, esse curso tem como objetivo possibilitar que as crian\u00e7as e adolescentes vivenciem uma experi\u00eancia diferente no zool\u00f3gico, com a jun\u00e7\u00e3o entre o universo da anima\u00e7\u00e3o \u201cA Era do Gelo\u201d e o dia a dia do zoo.<\/p>\n<p>Repleta de divers\u00e3o, a programa\u00e7\u00e3o vai abordar a Terra quando ainda era um surpreendente mundo pr\u00e9-hist\u00f3rico com os enormes animais que a habitavam e hoje est\u00e3o extintos. A partir da\u00ed ser\u00e1 feito um paralelo com os animais que existem atualmente e os danos que o homem est\u00e1 causando ao planeta.<\/p>\n<p>A programa\u00e7\u00e3o ocorrer\u00e1 nos dias 16 e 17 de julho para crian\u00e7as de 6 a 10 anos e, nos dias 18 e 19 de julho, para crian\u00e7as e adolescentes, entre 11 e 15 anos. Mais uma vez, esta edi\u00e7\u00e3o do \u201cAnimazoo\u201d contar\u00e1 com atividades l\u00fadicas e o tradicional jogo final.<\/p>\n<p>A participa\u00e7\u00e3o \u00e9 gratuita e a inscri\u00e7\u00e3o deve ser feita presencialmente, sendo que a ocupa\u00e7\u00e3o das vagas se dar\u00e1 mediante ordem de chegada para a realiza\u00e7\u00e3o da inscri\u00e7\u00e3o. Os pais ou respons\u00e1veis dever\u00e3o apresentar, no momento da inscri\u00e7\u00e3o, uma c\u00f3pia do RG ou Certid\u00e3o de Nascimento da crian\u00e7a ou adolescente.<\/p>\n<p><strong>Mais atividades no Zool\u00f3gico Municipal de Sorocaba<\/strong><\/p>\n<p>A programa\u00e7\u00e3o educativa de f\u00e9rias do Zool\u00f3gico Municipal ainda contar\u00e1 com mais tr\u00eas atividades especiais: Conhecendo o Museu de Zoologia, Conhecendo os Bastidores do Zoo e Conhecendo os animais idosos do Zoo.<\/p>\n<p>Nos dias 12 e 26 de julho (sexta-feira), das 14h30 \u00e0s 16h30, e no dia 20 de julho (s\u00e1bado), das 9h30 \u00e0s 12h30, quem for ao Zool\u00f3gico Municipal de Sorocaba poder\u00e1 entrar no Museu de Zoologia e conhecer mais de perto seu acervo, composto por pe\u00e7as biol\u00f3gicas e animais taxidermizados (\u201cempalhados\u201d). A atividade tem como objetivo despertar a curiosidade sobre os animais e permitir aos visitantes perceberem que cada animal tem caracter\u00edsticas \u00fanicas, de modo a sensibiliz\u00e1-los para a conserva\u00e7\u00e3o da biodiversidade.<\/p>\n<p>O Museu de Zoologia do Zoo de Sorocaba, inaugurado em 1988, conta com cerca de mil pe\u00e7as, como os famosos animais taxidermizados (popularmente conhecidos como \u201cempalhados\u201d), al\u00e9m de cr\u00e2nios, esqueletos, animais conservados em \u00e1lcool, penas, ovos, bicos, entre outros.<\/p>\n<p>Durante a visita, as pessoas ver\u00e3o de perto algumas pe\u00e7as bastante curiosas ou raras, como o enorme cr\u00e2nio de hipop\u00f3tamo (que muitos visitantes acham ser de um dinossauro), o pequeno tamandua\u00ed taxidermizado (que \u00e9 a menor esp\u00e9cie de tamandu\u00e1 existente) e a famosa barata gigante (que na verdade \u00e9 um crust\u00e1ceo, ou seja, parente do camar\u00e3o).<\/p>\n<p>Para a visita ao Museu de Zoologia, n\u00e3o h\u00e1 necessidade de inscri\u00e7\u00e3o, bastando estar presente no dia, hor\u00e1rio e local. Ser\u00e1 permitida a entrada de 20 pessoas, por vez, e a participa\u00e7\u00e3o ser\u00e1 por ordem de chegada. A dura\u00e7\u00e3o da visita \u00e9 de cerca de 20 minutos.<\/p>\n<p>J\u00e1 na atividade Conhecendo os animais idosos do Zoo, que ocorrer\u00e1 nos dias 13 e 27 de julho (s\u00e1bado), o p\u00fablico que visitar o zool\u00f3gico poder\u00e1 ver como \u00e9 o tratamento carinhoso e especial que os animais do \u201cQuinzinho de Barros\u201d recebem. O intuito \u00e9 tornar o p\u00fablico mais pr\u00f3ximo do Zoo, gerando uma identifica\u00e7\u00e3o com os animais e sensibilizando para a prote\u00e7\u00e3o da natureza.<\/p>\n<p>Os animais que est\u00e3o na natureza, geralmente, vivem menos tempo do que aqueles que est\u00e3o sob cuidados humanos nos zool\u00f3gicos. Isso porque os animais dos Zoos est\u00e3o livre de predadores, possuem abrigo, passam por cuidados m\u00e9dicos frequentes e recebem uma alimenta\u00e7\u00e3o de qualidade e balanceada.<\/p>\n<p>No Zoo de Sorocaba, os visitantes ter\u00e3o a oportunidade de conhecer mais sobre o macaco mandril, o hipop\u00f3tamo e o elefante, que podem ser considerados \u201cidosos\u201d, porque sua idade est\u00e1 pr\u00f3xima ou, at\u00e9 mesmo, supera o tempo de vida que \u00e9 estimado para outros indiv\u00edduos da mesma esp\u00e9cie.<\/p>\n<p>A atividade ocorrer\u00e1 em frente aos recintos das esp\u00e9cies em hor\u00e1rios diferentes: \u00e0s 10h, o p\u00fablico poder\u00e1 ver o elefante; \u00e0s 10h30, os hipop\u00f3tamos; e \u00e0s 11h, o macaco mandril. Para participar da atividade, o mun\u00edcipe tem que estar presente no dia e hor\u00e1rio, em frente ao recinto de cada esp\u00e9cie, sem necessidade de inscri\u00e7\u00e3o pr\u00e9via.<\/p>\n<p>Por fim, na atividade Conhecendo os Bastidores do Zoo, que ocorrer\u00e1 no dia 20 de julho, \u00e0s 10h30 e \u00e0s 11h30, os visitantes do zoo ter\u00e3o a oportunidade de conhecer um pouco do funcionamento interno do parque, por meio de uma visita monitorada especial.<\/p>\n<p>O objetivo \u00e9 apresentar ao p\u00fablico um pouco mais sobre o zool\u00f3gico e o importante trabalho desenvolvido de conserva\u00e7\u00e3o, pesquisa, bem-estar animal, educa\u00e7\u00e3o ambiental e lazer, que s\u00e3o as cinco fun\u00e7\u00f5es de um zool\u00f3gico moderno.<\/p>\n<p>L\u00e1, eles conhecer\u00e3o o Setor de Nutri\u00e7\u00e3o, respons\u00e1vel por elaborar e garantir que os animais recebam uma alimenta\u00e7\u00e3o balanceada e de acordo com suas necessidades, e o Setor de Biologia e Veterin\u00e1ria, respons\u00e1vel por garantir a sa\u00fade e o bem-estar dos animais do Zoo.<\/p>\n<p>As pessoas interessadas em participar devem estar presentes no dia e hor\u00e1rio, em frente ao recinto das antas. Ser\u00e1 permitida a entrada de 20 pessoas, por vez, e a participa\u00e7\u00e3o ser\u00e1 por ordem de chegada.<\/p>\n<p>O Parque Zool\u00f3gico Municipal est\u00e1 localizado na Rua Theodoro Kaisel, 883, na Vila Hort\u00eancia, e \u00e9 aberto de ter\u00e7a a domingo, das 9h \u00e0s 17h, sendo que a bilheteria funciona at\u00e9 as 16h. Os ingressos custam R$ 8, para pessoas de 12 a 59 anos; e R$ 4, para crian\u00e7as de 6 a 11 anos, al\u00e9m de estudantes dos ensinos Fundamental, M\u00e9dio, T\u00e9cnico ou Superior, reconhecidos pelo MEC, mediante comprova\u00e7\u00e3o de matr\u00edcula ou carteira estudantil dentro do prazo de validade. Crian\u00e7as at\u00e9 5 anos, idosos acima de 60 anos completos e pessoa com defici\u00eancia, garantindo-se tamb\u00e9m ao seu acompanhante, quando necess\u00e1rio e quando comprovada essa condi\u00e7\u00e3o, s\u00e3o isentos de pagamento do ingresso.<\/p>\n<p><strong>Parque da Biquinha<\/strong><\/p>\n<p>No Parque da Biquinha, crian\u00e7as de 8 a 10 anos e seus familiares poder\u00e3o participar da programa\u00e7\u00e3o \u201cUm dia de aventura no parque\u201d, no dia 12 de julho, das 9h \u00e0s 13h, e no dia 13 de julho, das 9h \u00e0s 12h, com diferentes atividades l\u00fadicas, como oficinas, trilhas e jogos cooperativos com o tema \u201cConhecendo os Anf\u00edbios\u201d.<\/p>\n<p>A ideia da Sema \u00e9 envolver pais e familiares nas atividades, para que o conceito de lazer saud\u00e1vel seja incorporado nas fam\u00edlias, proporcionando sensibiliza\u00e7\u00e3o e poss\u00edveis mudan\u00e7as de h\u00e1bitos nesse per\u00edodo de f\u00e9rias escolares das crian\u00e7as, que normalmente acabam indo somente a locais fechados. A programa\u00e7\u00e3o tamb\u00e9m visa proporcionar as crian\u00e7as um lazer educativo, estimulando uma inf\u00e2ncia saud\u00e1vel, por meio de atividades l\u00fadicas que despertam para o protagonismo juvenil e o cuidado com o meio ambiente.<\/p>\n<p>Durante o curso de f\u00e9rias, as crian\u00e7as ter\u00e3o a oportunidade de conhecer e aprender sobre a diversidade dos anf\u00edbios, diferenciar as esp\u00e9cies, desmistificar lendas e cren\u00e7as, reconhecendo assim o importante papel ecol\u00f3gico desses pequenos animais nas florestas e, principalmente, nas \u00e1reas urbanas.<\/p>\n<p>Os anf\u00edbios desempenham a fun\u00e7\u00e3o de manuten\u00e7\u00e3o dos ecossistemas saud\u00e1veis, porque s\u00e3o indicadores da qualidade ambiental, pois s\u00e3o muito sens\u00edveis as mudan\u00e7as no ambiente. Os sapos, r\u00e3s e pererecas (anf\u00edbios anuros) controlarem as popula\u00e7\u00f5es de insetos, como por exemplo o mosquito (<em>Aedes aegypti<\/em>) que transmite a dengue nas \u00e1reas urbanas, uma vez que eles se alimentam deles.<\/p>\n<p>A programa\u00e7\u00e3o tamb\u00e9m contar\u00e1 com uma tarefa social de arrecada\u00e7\u00e3o de materiais de higiene infantis (shampoo, sabonetes, escovas, pasta de dentes, entre outros), que ser\u00e3o destinadas a entidades cadastradas junto ao Fundo de Solidariedade Social (FSS) de Sorocaba.<\/p>\n<p>As inscri\u00e7\u00f5es dever\u00e3o ser feitas por um respons\u00e1vel no dia 1 de julho (segunda-feira), das 8h \u00e0s 12h, no pr\u00f3prio Parque da Biquinha, com um documento da crian\u00e7a. Ser\u00e3o disponibilizadas 40 vagas, que ser\u00e3o preenchidas por ordem de chegada. O Parque da Biquinha est\u00e1 localizado na Avenida Comendador Pereira In\u00e1cio, 1.112, no Jardim Em\u00edlia.<\/p>\n<p><strong>Parque da \u00c1gua Vermelha<\/strong><\/p>\n<p>Por fim, de 24 a 26 de julho, das 8h \u00e0s 12h30, a Sema e o Servi\u00e7o Aut\u00f4nomo de \u00c1gua e Esgoto (Saae) realizar\u00e3o o curso de f\u00e9rias \u201cAquagito\u201d, com o tema \u201cReconnect j\u00e1!\u201d, voltado a crian\u00e7as de 6 a 8 anos, que contar\u00e1 com oficinas, trilhas, brincadeiras, jogos, entre outras atividades especiais.<\/p>\n<p>Com apoio da Casa Tapad\u00ea: Yoga para Crian\u00e7as e Hape Consci\u00eancia Funcional: Kung Fu para Crian\u00e7as, o curso de f\u00e9rias tem como intuito proporcionar \u00e0s crian\u00e7as a conex\u00e3o com a natureza e com a sua biodiversidade de elementos, considerando elas mesma como parte integrante.<\/p>\n<p>A conex\u00e3o com a natureza durante a inf\u00e2ncia \u00e9 essencial para o desenvolvimento saud\u00e1vel, considerando os aspectos que o envolvem, sendo eles intelectual, emocional, social, espiritual e f\u00edsico. Estudos indicam que, quando esse contato \u00e9 insuficiente, os impactos v\u00e3o da obesidade infantil \u00e0 depress\u00e3o.<\/p>\n<p>Os pais ou respons\u00e1veis dever\u00e3o inscrever as crian\u00e7as, nos dias 3 e 4 de julho, das 8h30 \u00e0s 12h, no Parque da \u00c1gua Vermelha, com um documento da crian\u00e7a. Ser\u00e3o oferecidas 40 vagas, que ser\u00e3o preenchidas por ordem de chegada. O Parque da \u00c1gua Vermelha est\u00e1 localizado na Rua Rom\u00e2nia, 150, no Jardim Europa.<\/p>\n<p><!-- Root element of PhotoSwipe. Must have class pswp. --><\/p><\/div>\n","protected":false},"excerpt":{"rendered":"<p>Pais e filhos j\u00e1 podem se preparar para a programa\u00e7\u00e3o gratuita de f\u00e9rias, que ocorrer\u00e1,&#8230;<\/p>\n","protected":false},"author":2,"featured_media":0,"comment_status":"open","ping_status":"open","sticky":false,"template":"","format":"standard","meta":{"footnotes":""},"categories":[],"tags":[],"class_list":["post-10936","post","type-post","status-publish","format-standard","hentry"],"amp_enabled":true,"_links":{"self":[{"href":"https:\/\/ipatingafc.com.br\/index.php\/wp-json\/wp\/v2\/posts\/10936","targetHints":{"allow":["GET"]}}],"collection":[{"href":"https:\/\/ipatingafc.com.br\/index.php\/wp-json\/wp\/v2\/posts"}],"about":[{"href":"https:\/\/ipatingafc.com.br\/index.php\/wp-json\/wp\/v2\/types\/post"}],"author":[{"embeddable":true,"href":"https:\/\/ipatingafc.com.br\/index.php\/wp-json\/wp\/v2\/users\/2"}],"replies":[{"embeddable":true,"href":"https:\/\/ipatingafc.com.br\/index.php\/wp-json\/wp\/v2\/comments?post=10936"}],"version-history":[{"count":0,"href":"https:\/\/ipatingafc.com.br\/index.php\/wp-json\/wp\/v2\/posts\/10936\/revisions"}],"wp:attachment":[{"href":"https:\/\/ipatingafc.com.br\/index.php\/wp-json\/wp\/v2\/media?parent=10936"}],"wp:term":[{"taxonomy":"category","embeddable":true,"href":"https:\/\/ipatingafc.com.br\/index.php\/wp-json\/wp\/v2\/categories?post=10936"},{"taxonomy":"post_tag","embeddable":true,"href":"https:\/\/ipatingafc.com.br\/index.php\/wp-json\/wp\/v2\/tags?post=10936"}],"curies":[{"name":"wp","href":"https:\/\/api.w.org\/{rel}","templated":true}]}}