{"id":10961,"date":"2024-06-25T15:20:47","date_gmt":"2024-06-25T18:20:47","guid":{"rendered":"https:\/\/ipatingafc.com.br\/index.php\/2024\/06\/25\/agencia-minas-gerais-secretaria-de-planejamento-e-gestao-destaca-resultados-em-transformacao-digital-e-melhorias-no-atendimento-ao-cidadao\/"},"modified":"2024-06-25T15:20:47","modified_gmt":"2024-06-25T18:20:47","slug":"agencia-minas-gerais-secretaria-de-planejamento-e-gestao-destaca-resultados-em-transformacao-digital-e-melhorias-no-atendimento-ao-cidadao","status":"publish","type":"post","link":"https:\/\/ipatingafc.com.br\/index.php\/2024\/06\/25\/agencia-minas-gerais-secretaria-de-planejamento-e-gestao-destaca-resultados-em-transformacao-digital-e-melhorias-no-atendimento-ao-cidadao\/","title":{"rendered":"Ag\u00eancia Minas Gerais | Secret\u00e1ria de Planejamento e Gest\u00e3o destaca resultados em transforma\u00e7\u00e3o digital e melhorias no atendimento ao cidad\u00e3o"},"content":{"rendered":"<p><\/p>\n<div>\n<p>A Secretaria de Estado de Planejamento e Gest\u00e3o (Seplag-MG) apresentou um balan\u00e7o das a\u00e7\u00f5es e resultados da pasta, nesta segunda-feira (24\/6), durante a audi\u00eancia do Assembleia Fiscaliza, promovida pela Assembleia Legislativa de Minas Gerais (ALMG).<\/p>\n<p>As informa\u00e7\u00f5es foram prestadas pela secret\u00e1ria Camila Neves, considerando o per\u00edodo de 1\/6\/2023 a 31\/5\/2024.<\/p>\n<p>A secret\u00e1ria salientou aos deputados de que forma a Seplag-MG tem atuado para o Governo de Minas aprimorar os servi\u00e7os prestados aos mineiros, trabalhando cada vez mais para garantir uma entrega de qualidade, menos burocr\u00e1tica e com acesso mais f\u00e1cil para a popula\u00e7\u00e3o, por meio da simplifica\u00e7\u00e3o e digitaliza\u00e7\u00e3o de processos.<\/p>\n<p>Ela tamb\u00e9m assinalou es esfor\u00e7os da secretaria para melhorar a qualidade dos gastos, nas compras p\u00fablicas e log\u00edstica, as a\u00e7\u00f5es de valoriza\u00e7\u00e3o dos servidores, al\u00e9m do empenho na repara\u00e7\u00e3o necess\u00e1ria em raz\u00e3o dos desastres de Brumadinho e Mariana,.<\/p>\n<p>\u201cA Seplag-MG \u00e9 uma secretaria extensa. Gra\u00e7as \u00e0 reforma administrativa do ano passado, aprovada por essa casa, hoje a pasta tem nove \u00e1reas subordinadas ao planejamento e gest\u00e3o e mais os comit\u00eas que cuidam dos desastres de Mariana e de Brumadinho\u201d, explicou Camila Neves.<\/p>\n<p><strong>Transforma\u00e7\u00e3o Digital<\/strong><\/p>\n<p>Um dos primeiros dados apresentados foi sobre transforma\u00e7\u00e3o digital e atendimento ao cidad\u00e3o, com a\u00e7\u00f5es que facilitaram o acesso a servi\u00e7os, proporcionando mais cidadania. O programa Al\u00f4, Minas!, que leva telefonia m\u00f3vel e internet a localidades sem cobertura, completou 150 antenas ativadas na Fase I, e iniciou sua Fase II.<\/p>\n<p>Foram inauguradas mais cinco Unidades de Atendimento Integrado (UAI) em Minas Gerais, chegando a 47 UAIs, que levam os servi\u00e7os p\u00fablicos para mais perto da popula\u00e7\u00e3o. Outra expans\u00e3o foi na digitaliza\u00e7\u00e3o de servi\u00e7os e atendimentos, com 81% das etapas de servi\u00e7os sendo realizadas digitalmente.<\/p>\n<p>Minas tamb\u00e9m foi o estado que mais emitiu a nova Carteira de Identidade Nacional, com mais de 840 mil documentos expedidos.<\/p>\n<p><strong>Tr\u00e2nsito<\/strong><\/p>\n<p>A secret\u00e1ria Camila Neves aproveitou o Assembleia Fiscaliza para anunciar que j\u00e1 est\u00e1 dispon\u00edvel um servi\u00e7o on-line de Alvar\u00e1 de Libera\u00e7\u00e3o, para propriet\u00e1rios de ve\u00edculos que foram removidos para p\u00e1tios credenciados em Belo Horizonte, em fun\u00e7\u00e3o de infra\u00e7\u00f5es administrativas.<\/p>\n<p>A novidade da Coordenadoria Estadual de Gest\u00e3o de Tr\u00e2nsito de Minas Gerais (CET-MG) ir\u00e1 facilitar ainda mais a vida do cidad\u00e3o.<\/p>\n<p>Outro destaque foi o resultado de cadastro das Empresas Credenciadas de Vistoria (ECVs). At\u00e9 maio de 2024, foram mais de 1.300 ECVs credenciadas e 820 mil vistorias realizadas, com 93% dos munic\u00edpios mineiros atendidos. A iniciativa trouxe transpar\u00eancia, melhorou a fiscaliza\u00e7\u00e3o e contemplou todas as regi\u00f5es de Minas Gerais.<\/p>\n<p>Camila tamb\u00e9m apresentou os impactos positivos que a incorpora\u00e7\u00e3o da gest\u00e3o de tr\u00e2nsito pela Seplag-MG trouxe para Minas Gerais. A medida proporcionou a libera\u00e7\u00e3o de 588 policiais civis para atividades fim, garantindo mais seguran\u00e7a para os cidad\u00e3os, assim como a digitaliza\u00e7\u00e3o de 350 servi\u00e7os de tr\u00e2nsito, que levaram praticidade e agilidade para a vida das pessoas.<\/p>\n<p><strong>Gest\u00e3o de pessoas e compras p\u00fablicas<\/strong><\/p>\n<p>A Seplag-MG pagou a bonifica\u00e7\u00e3o de f\u00e9rias-pr\u00eamio para 1.287 servidores em 2024, totalizando R$ 46,7 milh\u00f5es. Al\u00e9m disso, foram 7.414 novos servidores nomeados apenas neste ano para v\u00e1rios \u00f3rg\u00e3os p\u00fablicos.<\/p>\n<p>O Transforma Minas, programa de sele\u00e7\u00e3o, desenvolvimento e engajamento de lideran\u00e7as do Poder Executivo, j\u00e1 nomeou 457 novos servidores, entre 2019 e 2024.<\/p>\n<p>Outro destaque que a Seplag-MG apresentou \u00e0 ALMG foi o projeto de Centraliza\u00e7\u00e3o das Compras P\u00fablicas, que reduz os custos dos processos de compras, ao padronizar a\u00e7\u00f5es e criar uma equipe especializada no tema de contrata\u00e7\u00f5es p\u00fablicas.<\/p>\n<p>Uma das iniciativas j\u00e1 adotadas \u00e9 a compra central de medicamentos para todo o estado, reduzindo tempo de execu\u00e7\u00e3o e garantindo mais efici\u00eancia para os processos.<\/p>\n<p>A Seplag-MG tamb\u00e9m realizou laudos de avalia\u00e7\u00e3o em 32 im\u00f3veis estaduais, incrementando cerca de R$ 106 milh\u00f5es no valor dos ativos imobili\u00e1rios do Estado. A secretaria tamb\u00e9m participou ativamente de 56 Projetos de Lei para destinar im\u00f3veis estaduais ociosos aos munic\u00edpios que mais necessitam, visando a promo\u00e7\u00e3o do bem-estar da popula\u00e7\u00e3o.<\/p>\n<p><strong>Estrat\u00e9gia e Inova\u00e7\u00e3o<\/strong><\/p>\n<p>A secret\u00e1ria tamb\u00e9m apresentou dois projetos do Laborat\u00f3rio de Inova\u00e7\u00e3o de Minas Gerais (LAB.mg), coordenado pela Seplag-MG e pela Funda\u00e7\u00e3o Jo\u00e3o Pinheiro (FJP). O LAB.mg busca simplificar e modernizar ainda mais os servi\u00e7os p\u00fablicos, tornando as pol\u00edticas p\u00fablicas mais eficientes.<\/p>\n<p>Entre as a\u00e7\u00f5es est\u00e1 o Automatiza.MG, que vem capacitando servidores e automatizando sistemas, para reduzir o tempo de tarefas e liberar os servidores para outras atividades. J\u00e1 a Linguagem Simples teve uma resolu\u00e7\u00e3o conjunta publicada para implementar e incentivar o uso de linguagens mais acess\u00edveis e compress\u00edveis para os cidad\u00e3os mineiros.<\/p>\n<p><strong>Brumadinho e Mariana<\/strong><\/p>\n<p>As a\u00e7\u00f5es da Seplag-MG nos comit\u00eas buscam a repara\u00e7\u00e3o justa dos danos causados pelos rompimentos das barragens, a fiscaliza\u00e7\u00e3o rigorosa das medidas de repara\u00e7\u00e3o e a compensa\u00e7\u00e3o para os atingidos e para a sociedade.<\/p>\n<p>O Comit\u00ea Brumadinho iniciou 18 novos projetos e repassou mais de 160 milh\u00f5es para prefeituras dos munic\u00edpios atingidos investirem nas \u00e1reas de sa\u00fade, transporte e infraestrutura. Um total de R$ 2 bilh\u00f5es foram repassados desde agosto de 2023, sendo R$ 732 milh\u00f5es somente para Brumadinho.<\/p>\n<p>Nove projetos foram conclu\u00eddos pelo comit\u00ea no per\u00edodo, sendo oito em 2024, como aquisi\u00e7\u00e3o de maquin\u00e1rios rurais, estrutura\u00e7\u00e3o de salas de urg\u00eancia, doa\u00e7\u00e3o de kits feira, entrega de equipamentos de sa\u00fade diversos, aquisi\u00e7\u00e3o de ve\u00edculos para as frotas municipais, entre outras. Outro destaque foi a entrega da Biof\u00e1brica Wolbachia, com recursos do acordo de repara\u00e7\u00e3o.<\/p>\n<p>Pelo Comit\u00ea Rio Doce, houve a retomada das obras do Hospital Regional de Governador Valadares e a continua\u00e7\u00e3o da revitaliza\u00e7\u00e3o do Parque Rio Doce e da Estrada de Marli\u00e9ria.<\/p>\n<p><strong>\u00d3rg\u00e3os vinculados<\/strong><\/p>\n<p>A apresenta\u00e7\u00e3o tamb\u00e9m trouxe dados e informa\u00e7\u00f5es sobre as entidades vinculadas \u00e0 Seplag-MG: Instituto de Previd\u00eancia dos Servidores do Estado de Minas Gerais (Ipsemg), Companhia de Tecnologia da Informa\u00e7\u00e3o do Estado de Minas Gerais (Prodemge), FJP e Instituto de Metrologia e Qualidade do Estado (Ipem).<\/p>\n<\/p><\/div>\n","protected":false},"excerpt":{"rendered":"<p>A Secretaria de Estado de Planejamento e Gest\u00e3o (Seplag-MG) apresentou um balan\u00e7o das a\u00e7\u00f5es e&#8230;<\/p>\n","protected":false},"author":2,"featured_media":0,"comment_status":"open","ping_status":"open","sticky":false,"template":"","format":"standard","meta":{"footnotes":""},"categories":[],"tags":[],"class_list":["post-10961","post","type-post","status-publish","format-standard","hentry"],"amp_enabled":true,"_links":{"self":[{"href":"https:\/\/ipatingafc.com.br\/index.php\/wp-json\/wp\/v2\/posts\/10961","targetHints":{"allow":["GET"]}}],"collection":[{"href":"https:\/\/ipatingafc.com.br\/index.php\/wp-json\/wp\/v2\/posts"}],"about":[{"href":"https:\/\/ipatingafc.com.br\/index.php\/wp-json\/wp\/v2\/types\/post"}],"author":[{"embeddable":true,"href":"https:\/\/ipatingafc.com.br\/index.php\/wp-json\/wp\/v2\/users\/2"}],"replies":[{"embeddable":true,"href":"https:\/\/ipatingafc.com.br\/index.php\/wp-json\/wp\/v2\/comments?post=10961"}],"version-history":[{"count":0,"href":"https:\/\/ipatingafc.com.br\/index.php\/wp-json\/wp\/v2\/posts\/10961\/revisions"}],"wp:attachment":[{"href":"https:\/\/ipatingafc.com.br\/index.php\/wp-json\/wp\/v2\/media?parent=10961"}],"wp:term":[{"taxonomy":"category","embeddable":true,"href":"https:\/\/ipatingafc.com.br\/index.php\/wp-json\/wp\/v2\/categories?post=10961"},{"taxonomy":"post_tag","embeddable":true,"href":"https:\/\/ipatingafc.com.br\/index.php\/wp-json\/wp\/v2\/tags?post=10961"}],"curies":[{"name":"wp","href":"https:\/\/api.w.org\/{rel}","templated":true}]}}