{"id":11082,"date":"2024-06-27T10:37:11","date_gmt":"2024-06-27T13:37:11","guid":{"rendered":"https:\/\/ipatingafc.com.br\/index.php\/2024\/06\/27\/produtores-gauchos-viajam-para-sp-a-convite-da-secretaria-de-agricultura\/"},"modified":"2024-06-27T10:37:11","modified_gmt":"2024-06-27T13:37:11","slug":"produtores-gauchos-viajam-para-sp-a-convite-da-secretaria-de-agricultura","status":"publish","type":"post","link":"https:\/\/ipatingafc.com.br\/index.php\/2024\/06\/27\/produtores-gauchos-viajam-para-sp-a-convite-da-secretaria-de-agricultura\/","title":{"rendered":"produtores ga\u00fachos viajam para SP a convite da Secretaria de Agricultura"},"content":{"rendered":"<p><img decoding=\"async\" src=\"https:\/\/www.saopaulo.sp.gov.br\/wp-content\/uploads\/2024\/06\/gauchos-sp-1.jpg\" \/><\/p>\n<div id=\"\">&#13;<\/p>\n<p><iframe loading=\"lazy\" title=\"Ajuda ao RS: grupo de agricultores ga\u00fachos viaja a SP para comercializar produtos by Governo do Estado de S\u00e3o Paulo\" width=\"587\" height=\"330\" scrolling=\"no\" frameborder=\"no\" src=\"https:\/\/w.soundcloud.com\/player\/?visual=true&amp;url=https%3A%2F%2Fapi.soundcloud.com%2Ftracks%2F1857282528&amp;show_artwork=true&amp;maxheight=330&amp;maxwidth=587\"><\/iframe><\/p>\n<p><span style=\"font-weight: 400;\">Um grupo de agricultores familiares partiu do Rio Grande do Sul com tr\u00eas toneladas de produtos artesanais para serem comercializados na capital paulista, a convite da Secretaria de Agricultura e Abastecimento de S\u00e3o Paulo e apoio da Associa\u00e7\u00e3o Ga\u00facha de Laticinistas e Latic\u00ednios (AGL).<\/span><\/p>\n<p><span style=\"font-weight: 400;\">Os produtos ga\u00fachos \u2013 queijos, doces de leite, mel, cacha\u00e7as, vinhos e espumantes, ser\u00e3o expostos em dois eventos esta semana: Global Agribusiness Festival (GAFFFF), nos dias 27 e 28 de junho, e no Arrai\u00e1 da Vila, nos dias 29 e 30 de junho. Esta a\u00e7\u00e3o faz parte do Projeto Agro SP Solid\u00e1rio, que busca apoiar os agricultores do Rio Grande do Sul.<\/span><\/p>\n<p><span style=\"font-weight: 400;\">Vale lembrar, que em maio, a SAA <\/span><span style=\"font-weight: 400;\">autorizou a entrada e a venda de produtos de origem animal do Rio Grande do Sul<\/span><span style=\"font-weight: 400;\"> no Estado, e que antes n\u00e3o podiam ser comercializados fora do RS, possibilitando a a\u00e7\u00e3o de ajuda aos produtores ga\u00fachos prejudicados pela trag\u00e9dia clim\u00e1tica ocorrida no in\u00edcio do m\u00eas de maio, que matou 177 pessoas e deixou mais de 600 mil desabrigados.<\/span><\/p>\n<p><span style=\"font-weight: 400;\">Desde ent\u00e3o, as feiras no Rio Grande do Sul, que s\u00e3o o principal canal de vendas dos agricultores familiares, foram canceladas. \u201cNossos produtos iam estragar sem ter pra quem vender. \u00cdamos fechar as portas. Estamos muito gratos por todo o apoio do governo paulista, S\u00e3o Paulo nos abra\u00e7ou\u201d, afirma Igor Valsoler, produtor de queijos no munic\u00edpio ga\u00facho de J\u00f3ia.<\/span><\/p>\n<p><span style=\"font-weight: 400;\">Valsoler faz parte do grupo de 13 produtores que saiu do Rio Grande do Sul com destino \u00e0 capital paulista. \u201cAl\u00e9m de organizar o espa\u00e7o para comercializar seus produtos nesses grandes eventos, providenciamos hospedagem e translado para os produtores\u201d, ressalta Jos\u00e9 Carlos de Faria Jr., coordenador das C\u00e2maras Setoriais e Tem\u00e1ticas da SAA.<\/span><\/p>\n<h2>GAFFFF\u00a02024<\/h2>\n<p><span style=\"font-weight: 400;\">O Global Agribusiness Festival (GAFFFF), maior festival de cultura agro do mundo, acontece nos dias 27 e 28 de junho no Allianz Parque, na capital paulista. O evento contar\u00e1 tamb\u00e9m com a <\/span><span style=\"font-weight: 400;\">participa\u00e7\u00e3o de produtores artesanais do Estado de S\u00e3o Paulo<\/span><span style=\"font-weight: 400;\">. O objetivo da parceria entre a SAA e o GAFFFF \u00e9 gerar visibilidade e rentabilidade aos produtores ga\u00fachos, contribuindo com a reestrutura\u00e7\u00e3o comercial dos empreendedores afetados pela trag\u00e9dia clim\u00e1tica.\u2028A a\u00e7\u00e3o \u00e9 fruto da formaliza\u00e7\u00e3o de protocolo de inten\u00e7\u00f5es entre a Secretaria Estadual e a organiza\u00e7\u00e3o do evento, importante festival de cultura, m\u00fasica e gastronomia.<\/span><\/p>\n<h2>ARRAI\u00c1 DA VILA<\/h2>\n<p><span style=\"font-weight: 400;\">Os produtos artesanais do Sul e de S\u00e3o Paulo tamb\u00e9m ser\u00e3o comercializados nos dias 29 e 30 de junho, no Arrai\u00e1 da Vila, no Instituto Biol\u00f3gico (IB-Apta), na capital paulista, com o apoio da Secretaria da Agricultura e Abastecimento do Estado de S\u00e3o Paulo.<\/span><\/p>\n<p><span style=\"font-weight: 400;\">Ser\u00e1 a 32\u00aa edi\u00e7\u00e3o do Instituto Biol\u00f3gico de Portas Abertas, e contar\u00e1 com comidas t\u00edpicas, com duas pra\u00e7as de alimenta\u00e7\u00e3o, e quadrilha para todas as idades. Os shows ao vivo come\u00e7am \u00e0s 16h com o Trio Maraj\u00f3 e, \u00e0s 19h, chega o Trio Soriano, sucesso em outras edi\u00e7\u00f5es da festa. Tamb\u00e9m ter\u00e1 espa\u00e7o para as crian\u00e7as, com os famosos brinqued\u00f5es. A entrada \u00e9 1 Kg de alimento n\u00e3o perec\u00edvel que ser\u00e1 doado ao Fundo Social de S\u00e3o Paulo.<\/span><\/p>\n<p><span style=\"font-weight: 400;\">A Secretaria de Agricultura e Abastecimento de S\u00e3o Paulo, atrav\u00e9s de suas coordenadorias, institutos de pesquisa e entidades do setor, tem mobilizado o agro paulista para oferecer suporte \u00e0s comunidades rurais e urbanas do Rio Grande do Sul. At\u00e9 o momento, foram enviados 700 mil litros de \u00e1gua e 800 toneladas de mantimentos, al\u00e9m do envio de t\u00e9cnicos das Coordenadorias de Defesa Agropecu\u00e1ria (CDA), Assist\u00eancia T\u00e9cnica Integral (CATI) e Institutos de Pesquisa (APTA) para dar assist\u00eancia aos produtores locais. \u201cAs ajudas n\u00e3o v\u00e3o parar. Estamos colaborando para a reconstru\u00e7\u00e3o do Rio Grande do Sul e os agricultores ga\u00fachos podem contar com o nosso apoio\u201d, afirma Guilherme Piai, secret\u00e1rio de Agricultura de SP.<\/span><\/p>\n<p>Siga o canal \u201cGoverno de S\u00e3o Paulo\u201d no WhatsApp:<br \/>https:\/\/bit.ly\/govspnozap<\/p>\n<\/p><\/div>\n","protected":false},"excerpt":{"rendered":"<p>&#13; Um grupo de agricultores familiares partiu do Rio Grande do Sul com tr\u00eas toneladas&#8230;<\/p>\n","protected":false},"author":2,"featured_media":0,"comment_status":"open","ping_status":"open","sticky":false,"template":"","format":"standard","meta":{"footnotes":""},"categories":[],"tags":[],"class_list":["post-11082","post","type-post","status-publish","format-standard","hentry"],"amp_enabled":true,"_links":{"self":[{"href":"https:\/\/ipatingafc.com.br\/index.php\/wp-json\/wp\/v2\/posts\/11082","targetHints":{"allow":["GET"]}}],"collection":[{"href":"https:\/\/ipatingafc.com.br\/index.php\/wp-json\/wp\/v2\/posts"}],"about":[{"href":"https:\/\/ipatingafc.com.br\/index.php\/wp-json\/wp\/v2\/types\/post"}],"author":[{"embeddable":true,"href":"https:\/\/ipatingafc.com.br\/index.php\/wp-json\/wp\/v2\/users\/2"}],"replies":[{"embeddable":true,"href":"https:\/\/ipatingafc.com.br\/index.php\/wp-json\/wp\/v2\/comments?post=11082"}],"version-history":[{"count":0,"href":"https:\/\/ipatingafc.com.br\/index.php\/wp-json\/wp\/v2\/posts\/11082\/revisions"}],"wp:attachment":[{"href":"https:\/\/ipatingafc.com.br\/index.php\/wp-json\/wp\/v2\/media?parent=11082"}],"wp:term":[{"taxonomy":"category","embeddable":true,"href":"https:\/\/ipatingafc.com.br\/index.php\/wp-json\/wp\/v2\/categories?post=11082"},{"taxonomy":"post_tag","embeddable":true,"href":"https:\/\/ipatingafc.com.br\/index.php\/wp-json\/wp\/v2\/tags?post=11082"}],"curies":[{"name":"wp","href":"https:\/\/api.w.org\/{rel}","templated":true}]}}