{"id":11085,"date":"2024-06-27T11:24:11","date_gmt":"2024-06-27T14:24:11","guid":{"rendered":"https:\/\/ipatingafc.com.br\/index.php\/2024\/06\/27\/clube-ecologico-da-melhor-idade-roda-viva-retoma-programacao-gratuita-no-parque-da-biquinha-no-dia-13-de-agosto-agencia-de-noticias\/"},"modified":"2024-06-27T11:24:11","modified_gmt":"2024-06-27T14:24:11","slug":"clube-ecologico-da-melhor-idade-roda-viva-retoma-programacao-gratuita-no-parque-da-biquinha-no-dia-13-de-agosto-agencia-de-noticias","status":"publish","type":"post","link":"https:\/\/ipatingafc.com.br\/index.php\/2024\/06\/27\/clube-ecologico-da-melhor-idade-roda-viva-retoma-programacao-gratuita-no-parque-da-biquinha-no-dia-13-de-agosto-agencia-de-noticias\/","title":{"rendered":"Clube Ecol\u00f3gico da Melhor Idade \u201cRoda Viva\u201d retoma programa\u00e7\u00e3o gratuita no Parque da Biquinha no dia 13 de agosto \u2013 Ag\u00eancia de Not\u00edcias"},"content":{"rendered":"<p><\/p>\n<div>\n<div class=\"col\">\n<p class=\"mt-0\">\n                        <strong><br \/>\n                            <span class=\"far fa-calendar mr-1 mt-2\"\/><br \/>\n                            27 de junho de 2024<br \/>\n                            <span class=\"far fa-clock ml-3 mt-2\"\/><br \/>\n                            10:22<br \/>\n                        <\/strong>\n                    <\/p>\n<p class=\"mb-0\">Por: <strong>Mariana Campos<\/strong><\/p>\n<\/p><\/div>\n<\/p><\/div>\n<div>\n<p><img loading=\"lazy\" decoding=\"async\" class=\"aligncenter wp-image-133407 size-large\" src=\"http:\/\/noticias.sorocaba.sp.gov.br\/wp-content\/uploads\/2024\/03\/noticias.sorocaba.sp.gov.br-ciclo-da-agua-e-tratado-no-encontro-do-clube-ecologico-roda-viva-no-parque-da-biquinha-5-768x1024.jpeg\" alt=\"\" width=\"768\" height=\"1024\" srcset=\"https:\/\/noticias.sorocaba.sp.gov.br\/wp-content\/uploads\/2024\/03\/noticias.sorocaba.sp.gov.br-ciclo-da-agua-e-tratado-no-encontro-do-clube-ecologico-roda-viva-no-parque-da-biquinha-5-768x1024.jpeg 768w, https:\/\/noticias.sorocaba.sp.gov.br\/wp-content\/uploads\/2024\/03\/noticias.sorocaba.sp.gov.br-ciclo-da-agua-e-tratado-no-encontro-do-clube-ecologico-roda-viva-no-parque-da-biquinha-5-225x300.jpeg 225w, https:\/\/noticias.sorocaba.sp.gov.br\/wp-content\/uploads\/2024\/03\/noticias.sorocaba.sp.gov.br-ciclo-da-agua-e-tratado-no-encontro-do-clube-ecologico-roda-viva-no-parque-da-biquinha-5.jpeg 960w\" sizes=\"auto, (max-width: 768px) 100vw, 768px\"\/><\/p>\n<p>\u00a0<\/p>\n<p>A Prefeitura de Sorocaba, por meio da Secretaria do Meio Ambiente, Prote\u00e7\u00e3o e Bem-Estar Animal (Sema), retomar\u00e1, no dia 13 de agosto, das 9h \u00e0s 11h30, a programa\u00e7\u00e3o gratuita do Clube Ecol\u00f3gico da Melhor Idade \u201cRoda Viva\u201d, no Parque da Biquinha. As atividades s\u00e3o voltadas a pessoas acima de 60 anos.<\/p>\n<p>Criado h\u00e1 mais de 12 anos, o projeto de Educa\u00e7\u00e3o Ambiental da Sema tem como objetivo oferecer um lazer educativo em contato com a natureza para a terceira idade, estimulando o cuidado com o meio ambiente e a qualidade de vida dos participantes.<\/p>\n<p>Os encontros do \u201cRoda Viva\u201d ocorrem, semanalmente, \u00e0s ter\u00e7as-feiras, das 9h \u00e0s 11h30, no Parque da Biquinha. A cada semana, a equipe da Sema prepara atividades variadas adequadas ao p\u00fablico-alvo, como oficinas de arte e artesanato, cultivo de canteiros e hortas, observa\u00e7\u00e3o de aves, jogos cooperativos, atividades l\u00fadicas, m\u00fasica, dan\u00e7a circular, entre outras.<\/p>\n<p>Os interessados em fazer parte do grupo devem se inscrever, a partir de 1 de agosto, de segunda a sexta-feira, das 8h \u00e0s 17h, pelo telefone: (15) 3224-1997, ou diretamente no Parque da Biquinha, localizado na Avenida Comendador Pereira In\u00e1cio, 1.112, no Jardim Em\u00edlia, no dia 13 de agosto, quando a programa\u00e7\u00e3o ser\u00e1 retomada. As vagas s\u00e3o limitadas.<\/p>\n<\/p><\/div>\n","protected":false},"excerpt":{"rendered":"<p>27 de junho de 2024 10:22 Por: Mariana Campos \u00a0 A Prefeitura de Sorocaba, por&#8230;<\/p>\n","protected":false},"author":2,"featured_media":0,"comment_status":"open","ping_status":"open","sticky":false,"template":"","format":"standard","meta":{"footnotes":""},"categories":[],"tags":[],"class_list":["post-11085","post","type-post","status-publish","format-standard","hentry"],"amp_enabled":true,"_links":{"self":[{"href":"https:\/\/ipatingafc.com.br\/index.php\/wp-json\/wp\/v2\/posts\/11085","targetHints":{"allow":["GET"]}}],"collection":[{"href":"https:\/\/ipatingafc.com.br\/index.php\/wp-json\/wp\/v2\/posts"}],"about":[{"href":"https:\/\/ipatingafc.com.br\/index.php\/wp-json\/wp\/v2\/types\/post"}],"author":[{"embeddable":true,"href":"https:\/\/ipatingafc.com.br\/index.php\/wp-json\/wp\/v2\/users\/2"}],"replies":[{"embeddable":true,"href":"https:\/\/ipatingafc.com.br\/index.php\/wp-json\/wp\/v2\/comments?post=11085"}],"version-history":[{"count":0,"href":"https:\/\/ipatingafc.com.br\/index.php\/wp-json\/wp\/v2\/posts\/11085\/revisions"}],"wp:attachment":[{"href":"https:\/\/ipatingafc.com.br\/index.php\/wp-json\/wp\/v2\/media?parent=11085"}],"wp:term":[{"taxonomy":"category","embeddable":true,"href":"https:\/\/ipatingafc.com.br\/index.php\/wp-json\/wp\/v2\/categories?post=11085"},{"taxonomy":"post_tag","embeddable":true,"href":"https:\/\/ipatingafc.com.br\/index.php\/wp-json\/wp\/v2\/tags?post=11085"}],"curies":[{"name":"wp","href":"https:\/\/api.w.org\/{rel}","templated":true}]}}