{"id":11089,"date":"2024-06-27T12:58:34","date_gmt":"2024-06-27T15:58:34","guid":{"rendered":"https:\/\/ipatingafc.com.br\/index.php\/2024\/06\/27\/qualifica-na-praca-sera-realizado-nesta-sexta-feira-28-prefeitura-estancia-turistica-guaratingueta\/"},"modified":"2024-06-27T12:58:34","modified_gmt":"2024-06-27T15:58:34","slug":"qualifica-na-praca-sera-realizado-nesta-sexta-feira-28-prefeitura-estancia-turistica-guaratingueta","status":"publish","type":"post","link":"https:\/\/ipatingafc.com.br\/index.php\/2024\/06\/27\/qualifica-na-praca-sera-realizado-nesta-sexta-feira-28-prefeitura-estancia-turistica-guaratingueta\/","title":{"rendered":"\u201cQualifica na Pra\u00e7a\u201d ser\u00e1 realizado nesta sexta-feira (28) \u2013 Prefeitura Est\u00e2ncia Tur\u00edstica Guaratinguet\u00e1"},"content":{"rendered":"<p><\/p>\n<div>\n<p>27\/06\/2024<\/p>\n<p>O Qualifica Guar\u00e1, em parceria com o SENAI, realizar\u00e1 o \u201cQualifica na Pra\u00e7a\u201d nesta sexta-feira (28) . A a\u00e7\u00e3o ser\u00e1 realizada na Pra\u00e7a Conselheiro Rodrigues Alves, das 9h \u00e0s 13h.<\/p>\n<p>O evento contar\u00e1 com a apresenta\u00e7\u00e3o dos cursos ofertados pelo Qualifica Guar\u00e1 e tamb\u00e9m ser\u00e3o oferecidos diversos servi\u00e7os realizados pelos alunos dos cursos \u00e0 popula\u00e7\u00e3o.<\/p>\n<p>Venha participar e conhecer mais sobre o Qualifica Guar\u00e1!<\/p>\n<\/p><\/div>\n","protected":false},"excerpt":{"rendered":"<p>27\/06\/2024 O Qualifica Guar\u00e1, em parceria com o SENAI, realizar\u00e1 o \u201cQualifica na Pra\u00e7a\u201d nesta&#8230;<\/p>\n","protected":false},"author":2,"featured_media":0,"comment_status":"open","ping_status":"open","sticky":false,"template":"","format":"standard","meta":{"footnotes":""},"categories":[],"tags":[],"class_list":["post-11089","post","type-post","status-publish","format-standard","hentry"],"amp_enabled":true,"_links":{"self":[{"href":"https:\/\/ipatingafc.com.br\/index.php\/wp-json\/wp\/v2\/posts\/11089","targetHints":{"allow":["GET"]}}],"collection":[{"href":"https:\/\/ipatingafc.com.br\/index.php\/wp-json\/wp\/v2\/posts"}],"about":[{"href":"https:\/\/ipatingafc.com.br\/index.php\/wp-json\/wp\/v2\/types\/post"}],"author":[{"embeddable":true,"href":"https:\/\/ipatingafc.com.br\/index.php\/wp-json\/wp\/v2\/users\/2"}],"replies":[{"embeddable":true,"href":"https:\/\/ipatingafc.com.br\/index.php\/wp-json\/wp\/v2\/comments?post=11089"}],"version-history":[{"count":0,"href":"https:\/\/ipatingafc.com.br\/index.php\/wp-json\/wp\/v2\/posts\/11089\/revisions"}],"wp:attachment":[{"href":"https:\/\/ipatingafc.com.br\/index.php\/wp-json\/wp\/v2\/media?parent=11089"}],"wp:term":[{"taxonomy":"category","embeddable":true,"href":"https:\/\/ipatingafc.com.br\/index.php\/wp-json\/wp\/v2\/categories?post=11089"},{"taxonomy":"post_tag","embeddable":true,"href":"https:\/\/ipatingafc.com.br\/index.php\/wp-json\/wp\/v2\/tags?post=11089"}],"curies":[{"name":"wp","href":"https:\/\/api.w.org\/{rel}","templated":true}]}}