{"id":11220,"date":"2024-06-29T13:13:51","date_gmt":"2024-06-29T16:13:51","guid":{"rendered":"https:\/\/ipatingafc.com.br\/index.php\/2024\/06\/29\/agencia-minas-gerais-governador-encerra-serie-de-compromissos-no-norte-de-minas-na-expomontes\/"},"modified":"2024-06-29T13:13:51","modified_gmt":"2024-06-29T16:13:51","slug":"agencia-minas-gerais-governador-encerra-serie-de-compromissos-no-norte-de-minas-na-expomontes","status":"publish","type":"post","link":"https:\/\/ipatingafc.com.br\/index.php\/2024\/06\/29\/agencia-minas-gerais-governador-encerra-serie-de-compromissos-no-norte-de-minas-na-expomontes\/","title":{"rendered":"Ag\u00eancia Minas Gerais | Governador encerra s\u00e9rie de compromissos no Norte de Minas na Expomontes\u00a0"},"content":{"rendered":"<p><\/p>\n<div>\n<section class=\"news-related \/ col-md-4 col-lg-3 \/ margin-md-bottom-2 margin-left-1 \/ pull-right \/ hidden-xs hidden-sm\">\n<header>\n<p class=\"text-title-section \/ margin-bottom-1\">Relacionadas<\/p>\n<\/header>\n<p>\t\t\t\t\t\t\t<main><\/p>\n<hr class=\"row margin-md-bottom-2\"\/>\n\t\t\t\t\t\t\t<\/main><br \/>\n\t\t\t\t\t\t<\/section>\n<p>Montes Claros, no Norte de Minas, recebe, at\u00e9 7\/7, no Parque de Exposi\u00e7\u00f5es Jo\u00e3o Alencar Athayde, a 50\u00aa edi\u00e7\u00e3o da Expomontes, uma das maiores feiras agropecu\u00e1rias do pa\u00eds.\u00a0<\/p>\n<p>O evento re\u00fane produtores rurais, expositores, empres\u00e1rios e visitantes de todo o Brasil, promovendo neg\u00f3cios, inova\u00e7\u00e3o e desenvolvimento para o setor agropecu\u00e1rio.\u00a0<\/p>\n<p>A expectativa \u00e9 a de que a feira movimente R$ 400 milh\u00f5es em neg\u00f3cios e atraia 400 mil visitantes at\u00e9 o domingo da semana que vem.\u00a0<\/p>\n<p>O governador Romeu Zema encerrou agenda de dois dias no Norte do estado no evento, que tamb\u00e9m contou com a presen\u00e7a do vice-governador<br \/>&#13;<br \/>\nProfessor Mateus, entre outras autoridades locais, estaduais e federais, na solenidade de abertura, na sexta-feira (28\/6).\u00a0<\/p>\n<p>A feira traz programa\u00e7\u00e3o diversificada, com exposi\u00e7\u00f5es de animais, competi\u00e7\u00f5es, palestras, workshops e shows musicais. Al\u00e9m de impulsionar o agroneg\u00f3cio, o evento tem como objetivo fomentar o turismo e a cultura da regi\u00e3o, gerar emprego e renda para os mineiros. O governador destacou a import\u00e2ncia da feira para o setor e para o desenvolvimento econ\u00f4mico da regi\u00e3o.\u00a0<\/p>\n<p>\u201cEsta \u00e9 uma feira muito importante, considerada uma das maiores de Minas e tamb\u00e9m do Brasil. Os organizadores est\u00e3o de parab\u00e9ns pela realiza\u00e7\u00e3o deste evento, que contribui muito com a economia mineira em v\u00e1rios aspectos. \u00c9 oportunidade que os produtores t\u00eam de se encontrar, de se inteirar sobre as tecnologias mais modernas\u201d, disse o governador.<\/p>\n<p>Romeu Zema acrescentou ainda que o Governo de Minas tem procurado apoiar esses eventos, j\u00e1 que o turismo \u00e9 um fator de fundamental import\u00e2ncia para o crescimento da economia mineira.\u00a0<br \/>&#13;<br \/>\n\u00a0<\/p>\n<table align=\"center\" border=\"0\" cellpadding=\"1\" cellspacing=\"1\" style=\"width: 100%;\">&#13;<\/p>\n<tbody>&#13;<\/p>\n<tr>&#13;<\/p>\n<td colspan=\"5\" style=\"text-align: center; vertical-align: middle;\">&#13;<\/p>\n<p style=\"text-align:center\"><img decoding=\"async\" alt=\"\" height=\"10\" src=\"https:\/\/www.agenciaminas.mg.gov.br\/ckeditor_assets\/pictures\/20949\/content_2_olho_topo.jpg\"\/><\/p>\n<p>&#13;\n\t\t\t<\/td>\n<p>&#13;<br \/>\n\t\t<\/tr>\n<p>&#13;<\/p>\n<tr>&#13;<\/p>\n<td style=\"text-align: center; vertical-align: middle;\">\u00a0<\/td>\n<p>&#13;<\/p>\n<td colspan=\"3\" rowspan=\"3\" style=\"text-align: center; vertical-align: middle;\">&#13;<br \/>\n\t\t\t&#13;\n\t\t\t<\/td>\n<p>&#13;<\/p>\n<td style=\"text-align: center; vertical-align: middle;\">\u00a0<\/td>\n<p>&#13;<br \/>\n\t\t<\/tr>\n<p>&#13;<\/p>\n<tr>&#13;<\/p>\n<td style=\"text-align: center; vertical-align: middle;\">\u00a0<\/td>\n<p>&#13;<\/p>\n<td style=\"text-align: center; vertical-align: middle;\">\u00a0<\/td>\n<p>&#13;<br \/>\n\t\t<\/tr>\n<p>&#13;<\/p>\n<tr>&#13;<\/p>\n<td style=\"text-align: center; vertical-align: middle;\">\u00a0<\/td>\n<p>&#13;<\/p>\n<td style=\"text-align: center; vertical-align: middle;\">\u00a0<\/td>\n<p>&#13;<br \/>\n\t\t<\/tr>\n<p>&#13;<\/p>\n<tr>&#13;<\/p>\n<td colspan=\"5\" style=\"text-align: center; vertical-align: middle;\">&#13;<\/p>\n<p style=\"text-align:center\"><img decoding=\"async\" alt=\"\" height=\"10\" src=\"https:\/\/www.agenciaminas.mg.gov.br\/ckeditor_assets\/pictures\/20950\/content_2_olho_inferior.jpg\"\/><\/p>\n<p>&#13;\n\t\t\t<\/td>\n<p>&#13;<br \/>\n\t\t<\/tr>\n<p>&#13;<br \/>\n\t<\/tbody>\n<p>&#13;<br \/>\n<\/table>\n<p>O vice-governador Professor Mateus tamb\u00e9m afirmou a for\u00e7a do setor produtivo no estado.\u00a0<\/p>\n<p>\u201cO agroneg\u00f3cio segue batendo recordes desde o primeiro ano da nossa gest\u00e3o no Governo de Minas. Trata-se do setor que mais cresce na economia. Exposi\u00e7\u00f5es como essa, em uma regi\u00e3o que sempre teve a pecu\u00e1ria muito forte, ajudam no crescimento da fruticultura e da agricultura\u201d.<\/p>\n<p>\u00a0<\/p>\n<table align=\"center\" border=\"0\" cellpadding=\"1\" cellspacing=\"1\" style=\"width: 100%;\">&#13;<\/p>\n<tbody>&#13;<\/p>\n<tr>&#13;<\/p>\n<td colspan=\"5\" style=\"text-align: center; vertical-align: middle;\">&#13;<\/p>\n<p style=\"text-align:center\"><img decoding=\"async\" alt=\"\" height=\"10\" src=\"https:\/\/www.agenciaminas.mg.gov.br\/ckeditor_assets\/pictures\/20949\/content_2_olho_topo.jpg\"\/><\/p>\n<p>&#13;\n\t\t\t<\/td>\n<p>&#13;<br \/>\n\t\t<\/tr>\n<p>&#13;<\/p>\n<tr>&#13;<\/p>\n<td style=\"text-align: center; vertical-align: middle;\">\u00a0<\/td>\n<p>&#13;<\/p>\n<td colspan=\"3\" rowspan=\"3\" style=\"text-align: center; vertical-align: middle;\">&#13;<br \/>\n\t\t\t&#13;\n\t\t\t<\/td>\n<p>&#13;<\/p>\n<td style=\"text-align: center; vertical-align: middle;\">\u00a0<\/td>\n<p>&#13;<br \/>\n\t\t<\/tr>\n<p>&#13;<\/p>\n<tr>&#13;<\/p>\n<td style=\"text-align: center; vertical-align: middle;\">\u00a0<\/td>\n<p>&#13;<\/p>\n<td style=\"text-align: center; vertical-align: middle;\">\u00a0<\/td>\n<p>&#13;<br \/>\n\t\t<\/tr>\n<p>&#13;<\/p>\n<tr>&#13;<\/p>\n<td style=\"text-align: center; vertical-align: middle;\">\u00a0<\/td>\n<p>&#13;<\/p>\n<td style=\"text-align: center; vertical-align: middle;\">\u00a0<\/td>\n<p>&#13;<br \/>\n\t\t<\/tr>\n<p>&#13;<\/p>\n<tr>&#13;<\/p>\n<td colspan=\"5\" style=\"text-align: center; vertical-align: middle;\">&#13;<\/p>\n<p style=\"text-align:center\"><img decoding=\"async\" alt=\"\" height=\"10\" src=\"https:\/\/www.agenciaminas.mg.gov.br\/ckeditor_assets\/pictures\/20950\/content_2_olho_inferior.jpg\"\/><\/p>\n<p>&#13;\n\t\t\t<\/td>\n<p>&#13;<br \/>\n\t\t<\/tr>\n<p>&#13;<br \/>\n\t<\/tbody>\n<p>&#13;<br \/>\n<\/table>\n<p>&#13;<br \/>\nEm 2024, a Sociedade Rural de Montes Claros, que promove o evento, completa 80 anos.\u00a0<\/p>\n<p>Para o presidente Jos\u00e9 Henrique Veloso, a exposi\u00e7\u00e3o agropecu\u00e1ria tamb\u00e9m contribui para o fortalecimento da economia local.\u00a0<\/p>\n<p>\u201c\u00c9 uma ocasi\u00e3o para a valoriza\u00e7\u00e3o dos produtores rurais e seus produtos, incentivando a agricultura familiar e a sustentabilidade no campo. Haver\u00e1 provas equestres, exposi\u00e7\u00f5es de animais de diferentes ra\u00e7as, leil\u00f5es e muito mais\u201d.<\/p>\n<p><strong>Mirabela\u00a0<\/strong><\/p>\n<p>Mais cedo, o governador esteve na cidade de Mirabela, onde se reuniu com a popula\u00e7\u00e3o e com lideran\u00e7as locais.<\/p>\n<p>No munic\u00edpio, o chefe do executivo estadual apresentou as principais entregas realizadas pela atual gest\u00e3o nas \u00e1reas de Sa\u00fade, Educa\u00e7\u00e3o, Infraestrutura e Desenvolvimento Econ\u00f4mico no estado.<\/p>\n<\/p><\/div>\n","protected":false},"excerpt":{"rendered":"<p>Relacionadas Montes Claros, no Norte de Minas, recebe, at\u00e9 7\/7, no Parque de Exposi\u00e7\u00f5es Jo\u00e3o&#8230;<\/p>\n","protected":false},"author":2,"featured_media":0,"comment_status":"open","ping_status":"open","sticky":false,"template":"","format":"standard","meta":{"footnotes":""},"categories":[],"tags":[],"class_list":["post-11220","post","type-post","status-publish","format-standard","hentry"],"amp_enabled":true,"_links":{"self":[{"href":"https:\/\/ipatingafc.com.br\/index.php\/wp-json\/wp\/v2\/posts\/11220","targetHints":{"allow":["GET"]}}],"collection":[{"href":"https:\/\/ipatingafc.com.br\/index.php\/wp-json\/wp\/v2\/posts"}],"about":[{"href":"https:\/\/ipatingafc.com.br\/index.php\/wp-json\/wp\/v2\/types\/post"}],"author":[{"embeddable":true,"href":"https:\/\/ipatingafc.com.br\/index.php\/wp-json\/wp\/v2\/users\/2"}],"replies":[{"embeddable":true,"href":"https:\/\/ipatingafc.com.br\/index.php\/wp-json\/wp\/v2\/comments?post=11220"}],"version-history":[{"count":0,"href":"https:\/\/ipatingafc.com.br\/index.php\/wp-json\/wp\/v2\/posts\/11220\/revisions"}],"wp:attachment":[{"href":"https:\/\/ipatingafc.com.br\/index.php\/wp-json\/wp\/v2\/media?parent=11220"}],"wp:term":[{"taxonomy":"category","embeddable":true,"href":"https:\/\/ipatingafc.com.br\/index.php\/wp-json\/wp\/v2\/categories?post=11220"},{"taxonomy":"post_tag","embeddable":true,"href":"https:\/\/ipatingafc.com.br\/index.php\/wp-json\/wp\/v2\/tags?post=11220"}],"curies":[{"name":"wp","href":"https:\/\/api.w.org\/{rel}","templated":true}]}}