{"id":11222,"date":"2024-06-29T14:00:47","date_gmt":"2024-06-29T17:00:47","guid":{"rendered":"https:\/\/ipatingafc.com.br\/index.php\/2024\/06\/29\/olimpiada-de-matematica-aluno-prestes-a-desistir-da-escola-retoma-estudos-e-leva-ouro\/"},"modified":"2024-06-29T14:00:47","modified_gmt":"2024-06-29T17:00:47","slug":"olimpiada-de-matematica-aluno-prestes-a-desistir-da-escola-retoma-estudos-e-leva-ouro","status":"publish","type":"post","link":"https:\/\/ipatingafc.com.br\/index.php\/2024\/06\/29\/olimpiada-de-matematica-aluno-prestes-a-desistir-da-escola-retoma-estudos-e-leva-ouro\/","title":{"rendered":"Olimp\u00edada de Matem\u00e1tica: aluno prestes a desistir da escola retoma estudos e leva ouro"},"content":{"rendered":"<p><\/p>\n<div id=\"\">&#13;<\/p>\n<figure id=\"attachment_5909892\" style=\"width: 100%;max-width: 1024px\" class=\"wp-caption alignnone\"><img decoding=\"async\" loading=\"lazy\" class=\"wp-image-5909892 size-large\" src=\"https:\/\/www.saopaulo.sp.gov.br\/wp-content\/uploads\/2024\/06\/53819703310_4a0294225d_k-1024x683.jpg\" alt=\"\" width=\"1024\" height=\"683\" srcset=\"https:\/\/www.saopaulo.sp.gov.br\/wp-content\/uploads\/2024\/06\/53819703310_4a0294225d_k-1024x683.jpg 1024w, https:\/\/www.saopaulo.sp.gov.br\/wp-content\/uploads\/2024\/06\/53819703310_4a0294225d_k-300x200.jpg 300w, https:\/\/www.saopaulo.sp.gov.br\/wp-content\/uploads\/2024\/06\/53819703310_4a0294225d_k-768x512.jpg 768w, https:\/\/www.saopaulo.sp.gov.br\/wp-content\/uploads\/2024\/06\/53819703310_4a0294225d_k-1536x1024.jpg 1536w, https:\/\/www.saopaulo.sp.gov.br\/wp-content\/uploads\/2024\/06\/53819703310_4a0294225d_k.jpg 2048w\" sizes=\"auto, (max-width: 1024px) 100vw, 1024px\"\/><figcaption class=\"wp-caption-text\">Alex Cremonesi e seu tutor, Marcos Ribeiro Serafim<\/figcaption><\/figure>\n<p><span style=\"font-weight: 400;\">Em 2023, Alex Cremonesi, de 18 anos, chegou a ter 40% de faltas no segundo bimestre e colecionava notas baixas no boletim. O estudante, um dos alunos \u201cresgatados\u201d por meio do programa de Busca Ativa da Secretaria da Educa\u00e7\u00e3o do Estado de S\u00e3o Paulo (Seduc-SP), passou por uma transforma\u00e7\u00e3o dentro e fora da escola coroada, nesta sexta-feira (28), com a premia\u00e7\u00e3o com uma das medalhas de ouro da 1\u00aa Olimp\u00edada de Matem\u00e1tica das Escolas Estaduais (Omasp).<\/span><\/p>\n<p><span style=\"font-weight: 400;\">Alex est\u00e1 matriculado na 3\u00aa s\u00e9rie do Ensino M\u00e9dio da Escola Estadual Professor Josu\u00e9 Benedicto Mendes, em Osasco, e conta que, no p\u00f3s-pandemia, perdeu a motiva\u00e7\u00e3o pelos estudos, n\u00e3o tinha interesse em ir \u00e0 escola e estava mais fechado para as rela\u00e7\u00f5es com colegas e professores, al\u00e9m de enfrentar alguns desafios dentro de casa.<\/span><\/p>\n<p><span style=\"font-weight: 400;\">\u201cA pandemia me deixou mais quieto e na minha. Na volta para a escola, eu n\u00e3o tinha interesse nas aulas, me sentia desmotivado. Passei a valorizar cada vez menos estar na escola e, por um tempo, decidi trabalhar, chegava em casa cansado e n\u00e3o queria vir para a escola. Foi a\u00ed que tive esses recordes de falta\u201d, conta Alex.<\/span><\/p>\n<p><span style=\"font-weight: 400;\">Em todas as escolas estaduais, o trabalho de Busca Ativa deve ser feito pela equipe gestora, com o apoio de professores, que est\u00e3o mais pr\u00f3ximos dos estudantes no dia a dia. Na escola Josu\u00e9, esse trabalho \u00e9 feito pelos professores tutores \u2014 um figura dentro das unidades de per\u00edodo integral que acompanham os estudantes da idealiza\u00e7\u00e3o de sonhos e projetos de vida para o futuro.<\/span><\/p>\n<p><span style=\"font-weight: 400;\">\u201cAqui na escola, quem mais me apoiou nessa volta foi o professor Marcos, o meu tutor. Foi um processo muito importante. A maior ajuda que ele me deu foi ter um papo bom e conversar comigo n\u00e3o apenas como um professor, mas como um colega\u201d, reconhece o estudante.<\/span><\/p>\n<figure id=\"attachment_5909894\" style=\"width: 100%;max-width: 1024px\" class=\"wp-caption alignnone\"><img decoding=\"async\" loading=\"lazy\" class=\"wp-image-5909894 size-large\" src=\"https:\/\/www.saopaulo.sp.gov.br\/wp-content\/uploads\/2024\/06\/53819505038_025c22b57f_k-1024x683.jpg\" alt=\"\" width=\"1024\" height=\"683\" srcset=\"https:\/\/www.saopaulo.sp.gov.br\/wp-content\/uploads\/2024\/06\/53819505038_025c22b57f_k-1024x683.jpg 1024w, https:\/\/www.saopaulo.sp.gov.br\/wp-content\/uploads\/2024\/06\/53819505038_025c22b57f_k-300x200.jpg 300w, https:\/\/www.saopaulo.sp.gov.br\/wp-content\/uploads\/2024\/06\/53819505038_025c22b57f_k-768x512.jpg 768w, https:\/\/www.saopaulo.sp.gov.br\/wp-content\/uploads\/2024\/06\/53819505038_025c22b57f_k-1536x1024.jpg 1536w, https:\/\/www.saopaulo.sp.gov.br\/wp-content\/uploads\/2024\/06\/53819505038_025c22b57f_k.jpg 2048w\" sizes=\"auto, (max-width: 1024px) 100vw, 1024px\"\/><figcaption class=\"wp-caption-text\">Alex Cremonesi est\u00e1 matriculado na 3\u00aa s\u00e9rie do Ensino M\u00e9dio da Escola Estadual Professor Josu\u00e9 Benedicto Mendes<\/figcaption><\/figure>\n<p><span style=\"font-weight: 400;\">Em 2023, o \u00edndice de presen\u00e7a de Alex chegou a apenas 60% no segundo bimestre \u2014 per\u00edodo anterior \u00e0s a\u00e7\u00f5es de Busca Ativa do Estado. Os primeiros resultados come\u00e7aram a surgir ainda no ano passado, com o aumento do \u00edndice de presen\u00e7a de Alex para 78% no \u00faltimo bimestre.\u00a0<\/span><\/p>\n<p><span style=\"font-weight: 400;\">Em 2024, os resultados do processo de Busca Ativa s\u00e3o ainda mais impressionantes para o aluno: 91% de presen\u00e7a no primeiro bimestre e 100% no segundo. As notas do boletim j\u00e1 come\u00e7aram a subir e a maior surpresa chegou com a conquista da medalha de ouro na Omasp.\u00a0<\/span><\/p>\n<p><span style=\"font-weight: 400;\">\u201cEu n\u00e3o acreditava que seria poss\u00edvel ter um desempenho em matem\u00e1tica melhor do que alunos que se dedicam h\u00e1 anos e que j\u00e1 venceram outros concursos aqui na escola. Se vissem minhas notas no ano passado n\u00e3o imaginariam a minha medalha de ouro de matem\u00e1tica\u201d, reflete Alex.<\/span><\/p>\n<p><span style=\"font-weight: 400;\">As mudan\u00e7as dentro de sala de aula refletiram na vida pessoal do estudante. \u201cMeus pais se preocupavam muito com as minhas notas e com as minhas faltas e toda essa retomada melhorou as coisas at\u00e9 dentro de casa. Meus pais comprovaram isso quando come\u00e7aram a ver as minhas notas e passaram a confiar mais em mim, me deixam sair mais com meus amigos. Tamb\u00e9m estou criando mais amizades, que permanecer\u00e3o ap\u00f3s a escola.\u201d<\/span><\/p>\n<p><span style=\"font-weight: 400;\">No meio de suas conquistas, Alex lembra de colegas que abandonaram a escola nos anos anteriores. \u201cAlguns amigos meus deixaram de frequentar a escola nos \u00faltimos anos e priorizaram o trabalho. Eu gostaria de dizer a eles que a escola \u00e9 importante e que eles podem ter um futuro melhor, uma boa forma\u00e7\u00e3o, melhores condi\u00e7\u00f5es de trabalho e sal\u00e1rio\u201d, conta o estudante que j\u00e1 almeja uma vaga na universidade na \u00e1rea de tecnologia, por meio do Prov\u00e3o Paulista, outra a\u00e7\u00e3o da Educa\u00e7\u00e3o que tem, entre seus objetivos, a perman\u00eancia de estudantes no Ensino M\u00e9dio.<\/span><\/p>\n<figure id=\"attachment_5909897\" style=\"width: 100%;max-width: 1024px\" class=\"wp-caption alignnone\"><img decoding=\"async\" loading=\"lazy\" class=\"wp-image-5909897 size-large\" src=\"https:\/\/www.saopaulo.sp.gov.br\/wp-content\/uploads\/2024\/06\/53819505063_5de84d55f6_k-1024x683.jpg\" alt=\"\" width=\"1024\" height=\"683\" srcset=\"https:\/\/www.saopaulo.sp.gov.br\/wp-content\/uploads\/2024\/06\/53819505063_5de84d55f6_k-1024x683.jpg 1024w, https:\/\/www.saopaulo.sp.gov.br\/wp-content\/uploads\/2024\/06\/53819505063_5de84d55f6_k-300x200.jpg 300w, https:\/\/www.saopaulo.sp.gov.br\/wp-content\/uploads\/2024\/06\/53819505063_5de84d55f6_k-768x512.jpg 768w, https:\/\/www.saopaulo.sp.gov.br\/wp-content\/uploads\/2024\/06\/53819505063_5de84d55f6_k-1536x1024.jpg 1536w, https:\/\/www.saopaulo.sp.gov.br\/wp-content\/uploads\/2024\/06\/53819505063_5de84d55f6_k.jpg 2048w\" sizes=\"auto, (max-width: 1024px) 100vw, 1024px\"\/><figcaption class=\"wp-caption-text\">Em 2023, Alex Cremonesi, de 18 anos, chegou a ter 40% de faltas no segundo bimestre<\/figcaption><\/figure>\n<h2><b>\u2018N\u00e3o h\u00e1 melhor lugar no mundo para o estudante do que a escola\u2019<\/b><\/h2>\n<p><span style=\"font-weight: 400;\">Marcos Ribeiro Serafim, o tutor de Alex, leciona l\u00edngua inglesa e prepara\u00e7\u00e3o para o vestibular, e \u00e9 apenas um dos profissionais da escola Josu\u00e9 que atua no processo de Busca Ativa e resgate de estudantes. Ex-aluno da mesma unidade de ensino, ele voltou \u00e0 escola como professor em 2021.<\/span><\/p>\n<p><span style=\"font-weight: 400;\">\u201cO trabalho de Busca Ativa tamb\u00e9m me transformou como professor, porque me sinto mais pr\u00f3ximo dos estudantes. Tem sido um trabalho muito gratificante, porque estou me abrindo mais e esses resultados s\u00e3o tamb\u00e9m um reconhecimento do meu trabalho\u201d, come\u00e7a.<\/span><\/p>\n<p><span style=\"font-weight: 400;\">O professor valoriza, ainda, o fato de morar pr\u00f3ximo \u00e0 escola. \u201cMoro no mesmo bairro da escola, no mesmo bairro do Alex, e essa boa rela\u00e7\u00e3o ultrapassou os muros da unidade. Porque, se um deles faltar \u00e0 escola por mais de um dia, provavelmente vou me encontrar com ele ou com um amigo andando pelo bairro, e perguntarei sobre ele. \u00c9 o in\u00edcio desse projeto de resgate para a volta \u00e0 escola. N\u00e3o h\u00e1 lugar melhor no mundo para o estudante do que a escola\u201d.<\/span><\/p>\n<h2><b>Busca A<\/b><b>tiva<\/b><\/h2>\n<p><span style=\"font-weight: 400;\">Na rede estadual de ensino, as a\u00e7\u00f5es de \u201cBusca Ativa\u201d passam a ser obrigat\u00f3rias a partir de tr\u00eas faltas consecutivas e n\u00e3o justificadas. Uma resolu\u00e7\u00e3o da Seduc-SP estabelece o acompanhamento individualizado com a atualiza\u00e7\u00e3o cadastral bimestral dos alunos e acompanhamento di\u00e1rio da frequ\u00eancia pela unidade escolar e diretoria de ensino, o contato e a notifica\u00e7\u00e3o de pais ou respons\u00e1veis.\u00a0\u00a0<\/span><\/p>\n<p><span style=\"font-weight: 400;\">Os alunos com frequ\u00eancia irregular e n\u00famero excessivo de aus\u00eancias t\u00eam garantidas possibilidades de recupera\u00e7\u00e3o da aprendizagem e de conte\u00fado.<\/span><\/p>\n<h2><b>10,6 mil medalhistas na Neo Qu\u00edmica Arena<\/b><\/h2>\n<p><span style=\"font-weight: 400;\">Em todo o estado de S\u00e3o Paulo, a Omasp premiar\u00e1 127 mil estudantes com medalhas de ouro, prata e bronze, em 450 cerim\u00f4nias espalhadas pelas 91 diretorias regionais de ensino. No maior evento, a Educa\u00e7\u00e3o re\u00fane todos os 10,6 mil medalhistas das escolas estaduais da zona leste, seus professores e familiares na Neo Qu\u00edmica Arena, o est\u00e1dio do Corinthians, a partir das 10h deste domingo (30).\u00a0<\/span><\/p>\n<\/p><\/div>\n","protected":false},"excerpt":{"rendered":"<p>&#13; Alex Cremonesi e seu tutor, Marcos Ribeiro Serafim Em 2023, Alex Cremonesi, de 18&#8230;<\/p>\n","protected":false},"author":2,"featured_media":0,"comment_status":"open","ping_status":"open","sticky":false,"template":"","format":"standard","meta":{"footnotes":""},"categories":[],"tags":[],"class_list":["post-11222","post","type-post","status-publish","format-standard","hentry"],"amp_enabled":true,"_links":{"self":[{"href":"https:\/\/ipatingafc.com.br\/index.php\/wp-json\/wp\/v2\/posts\/11222","targetHints":{"allow":["GET"]}}],"collection":[{"href":"https:\/\/ipatingafc.com.br\/index.php\/wp-json\/wp\/v2\/posts"}],"about":[{"href":"https:\/\/ipatingafc.com.br\/index.php\/wp-json\/wp\/v2\/types\/post"}],"author":[{"embeddable":true,"href":"https:\/\/ipatingafc.com.br\/index.php\/wp-json\/wp\/v2\/users\/2"}],"replies":[{"embeddable":true,"href":"https:\/\/ipatingafc.com.br\/index.php\/wp-json\/wp\/v2\/comments?post=11222"}],"version-history":[{"count":0,"href":"https:\/\/ipatingafc.com.br\/index.php\/wp-json\/wp\/v2\/posts\/11222\/revisions"}],"wp:attachment":[{"href":"https:\/\/ipatingafc.com.br\/index.php\/wp-json\/wp\/v2\/media?parent=11222"}],"wp:term":[{"taxonomy":"category","embeddable":true,"href":"https:\/\/ipatingafc.com.br\/index.php\/wp-json\/wp\/v2\/categories?post=11222"},{"taxonomy":"post_tag","embeddable":true,"href":"https:\/\/ipatingafc.com.br\/index.php\/wp-json\/wp\/v2\/tags?post=11222"}],"curies":[{"name":"wp","href":"https:\/\/api.w.org\/{rel}","templated":true}]}}