{"id":11226,"date":"2024-06-29T15:36:43","date_gmt":"2024-06-29T18:36:43","guid":{"rendered":"https:\/\/ipatingafc.com.br\/index.php\/2024\/06\/29\/galpao-das-artes-urbanas-comemora-22-anos-com-exposicao-de-getulio-damado-prefeitura-da-cidade-do-rio-de-janeiro\/"},"modified":"2024-06-29T15:36:43","modified_gmt":"2024-06-29T18:36:43","slug":"galpao-das-artes-urbanas-comemora-22-anos-com-exposicao-de-getulio-damado-prefeitura-da-cidade-do-rio-de-janeiro","status":"publish","type":"post","link":"https:\/\/ipatingafc.com.br\/index.php\/2024\/06\/29\/galpao-das-artes-urbanas-comemora-22-anos-com-exposicao-de-getulio-damado-prefeitura-da-cidade-do-rio-de-janeiro\/","title":{"rendered":"Galp\u00e3o das Artes Urbanas comemora 22 anos com exposi\u00e7\u00e3o de Get\u00falio Damado &#8211; Prefeitura da Cidade do Rio de Janeiro"},"content":{"rendered":"<p><\/p>\n<div wp_automatic_readability=\"116.74019607843\">\n<div class=\"image-post\" wp_automatic_readability=\"35\">\n                     <img loading=\"lazy\" decoding=\"async\" width=\"1199\" height=\"1105\" srcset=\"https:\/\/prefeitura.rio\/wp-content\/uploads\/2024\/06\/WhatsApp-Image-2024-06-19-at-11.39.13-1.jpeg 1199w, https:\/\/prefeitura.rio\/wp-content\/uploads\/2024\/06\/WhatsApp-Image-2024-06-19-at-11.39.13-1-360x332.jpeg 360w, https:\/\/prefeitura.rio\/wp-content\/uploads\/2024\/06\/WhatsApp-Image-2024-06-19-at-11.39.13-1-600x553.jpeg 600w, https:\/\/prefeitura.rio\/wp-content\/uploads\/2024\/06\/WhatsApp-Image-2024-06-19-at-11.39.13-1-768x708.jpeg 768w\" src=\"https:\/\/prefeitura.rio\/wp-content\/uploads\/2024\/06\/WhatsApp-Image-2024-06-19-at-11.39.13-1.jpeg\" class=\"attachment-post-thumbnail size-post-thumbnail wp-post-image lazyload\" alt=\"\" sizes=\"auto, (max-width: 1199px) 100vw, 1199px\"\/>Um dos destaques \u00e9 o bondinho de madeira pintado de amarelo, com cora\u00e7\u00f5es vermelhos, s\u00edmbolo do bairro &#8211; Divulga\u00e7\u00e3o                  <\/div>\n<p>Em comemora\u00e7\u00e3o aos seus 22 anos de exist\u00eancia, o Galp\u00e3o das Artes Urbanas da Comlurb apresenta a exposi\u00e7\u00e3o Chamego Bonzol\u00e2ndia, do artista Get\u00falio Damado, com abertura na segunda-feira (1\/7), \u00e0s 11h. Damado, conhecido como artista s\u00edmbolo de Santa Teresa, vai expor suas esculturas, pinturas e brinquedos artesanais feitos com materiais reaproveitados, com destaque para a cria\u00e7\u00e3o do bondinho de madeira pintado de amarelo, com cora\u00e7\u00f5es vermelhos, s\u00edmbolo do bairro.<\/p>\n<p>Com curadoria de Bianca Branco, a exposi\u00e7\u00e3o homenageia, tamb\u00e9m, os 40 anos de carreira de Damado em seu Ateli\u00ea Chamego Bonzol\u00e2ndia, espa\u00e7o a c\u00e9u aberto no cora\u00e7\u00e3o de Santa Teresa, onde Get\u00falio e seu filho Victor produzem obras utilizando tudo que foi descartado, grande parte doado pelos moradores. Embalagens pl\u00e1sticas, ventiladores, secadores, celulares, c\u00e2meras fotogr\u00e1ficas, tampas de garrafa, carret\u00e9is, abajures, pregos, chuveiros velhos, madeiras catadas nas ruas, se transformam em variadas pe\u00e7as, como bonecos, figuras de santo e personagens bem-humorados, com nomes que o criador inventa.<\/p>\n<p>Sua fama j\u00e1 transp\u00f4s fronteiras e suas obras j\u00e1 chegaram \u00e0 Alemanha e a v\u00e1rios locais do Rio de Janeiro, entre eles, o Museu do Folclore, no Catete, e o Museu Nacional de Belas Artes, na Cinel\u00e2ndia. O artista tamb\u00e9m tem trabalhos expostos no Pavilh\u00e3o das Culturas Brasileiras, no Parque Ibirapuera, em S\u00e3o Paulo, al\u00e9m de estar sempre presente no Arte de Portas Abertas, em Santa Teresa. O artes\u00e3o fez sucesso quando se apresentou no Programa do J\u00f4 e foi at\u00e9 enredo de uma Escola de Samba do bairro, \u201cGet\u00falio Damado, o Rei do Bonde\u201d. Pelos 40 anos de cria\u00e7\u00e3o, ser\u00e3o apresentadas 40 obras que, mais uma vez, revelam um verdadeiro Upcycled art, ao converter os res\u00edduos, com originalidade, bom humor e consci\u00eancia ambiental, em arte sustent\u00e1vel.<\/p>\n<p>A mostra poder\u00e1 ser visitada na Galeria II do Galp\u00e3o at\u00e9 5 de setembro, de segunda a sexta-feira, das 9h \u00e0s 17 h.<\/p>\n<p><strong>Perfil de Get\u00falio Damado<\/strong><\/p>\n<p>Nascido em Espera Feliz, Minas Gerais, em 2 de maio de 1955, Get\u00falio Damado, mora no Rio h\u00e1 60 anos, dos quais 40 em Santa Teresa, onde instalou seu ateli\u00ea ao ar livre na Rua Santa Alexandrina, em frente \u00e0 delegacia e \u00e0 ger\u00eancia da Comlurb. A estrutura do ateli\u00ea, onde s\u00e3o feitas e expostas as pe\u00e7as para observa\u00e7\u00e3o e venda, tem o formato de um bonde. Pai e filho, sempre conectados com o p\u00fablico, h\u00e1 muito fazem parte do bairro, produzindo, diariamente, as mais variadas obras, sendo as mais procuradas a r\u00e9plica do bondinho e o cora\u00e7\u00e3o de madeira com a mensagem \u201cO amor \u00e9 lindo e de gra\u00e7a\u201d.<\/p>\n<p>Com sua arte, Get\u00falio criou sozinho seus tr\u00eas filhos e ainda participa dos cuidados com os quatro netos. Mas, at\u00e9 chegar aqui, passou por momentos dif\u00edceis, desde que sua m\u00e3e, Virgilina Paix\u00e3o, abandonou o lar, deixando-o, ainda menino, com o pai. Ao perder o pai, aos 16 anos, resolveu vir para o Rio e, para sobreviver, trabalhou em feira, vendeu livros velhos achados no lixo num ferro-velho popular perto da Central do Brasil, teve carro\u00e7a de pipoca, foi empregado em supermercado, at\u00e9 que abriu uma barraca de doce em Santa Teresa que, depois foi marcenaria e, hoje, \u00e9 a Bonzol\u00e2ndia. Sempre fazendo suas pe\u00e7as criativas com descartes que ganhava ou catava na rua.<\/p>\n<blockquote wp_automatic_readability=\"8\">\n<p>\u2013 Eu comecei a pegar as coisas que encontrava na rua e montava pequenas geringon\u00e7as. Comecei a fazer o bondinho de madeira pintado de amarelo e com cora\u00e7\u00f5es vermelhos. Ele era assim quando cheguei no bairro. Meus bonecos surgiram para complementar. Eu fazia as coisas e deixava aqui. Algumas pessoas foram se interessando e compraram \u2013 lembrou o artista.<\/p>\n<\/blockquote>\n<p>\u00a0<\/p>\n<p><strong>Servi\u00e7o<\/strong><\/p>\n<p>Exposi\u00e7\u00e3o: Chamego Bonzol\u00e2ndia:\u00a040 anos de arte do lixo<br \/>Visita\u00e7\u00e3o: 1\/7 a 5\/9 \u2013 de segunda a sexta-feira \u2013 das 9h \u00e0s 17h<br \/>Local: Galp\u00e3o das Artes Urbanas da Comlurb<br \/>Endere\u00e7o: Rua Padre Leonel Franca, s\/n\u00ba \u2013 G\u00e1vea (sob o Viaduto Lagoa-Barra, em frente ao Terminal Rodovi\u00e1rio da G\u00e1vea)<br \/>Entrada: Gratuita<br \/>Contatos:\u00a0galpaodasartes@gmail.com<\/p>\n<p>             <!-- Compartilhe ---><\/p>\n<p>\t\t\t <!-- TAGS --><\/p>\n<section class=\"category-tags\">\n<div class=\"marcacao-category\">\n<article class=\"category-post\">\n<p>Categoria: <\/p>\n<\/article>\n<li>28 de junho de 2024<\/li><\/div>\n<article class=\"tags\">\n\t\t\t\t\tMarca\u00e7\u00f5es: Comlurb Exposi\u00e7\u00e3o Galp\u00e3o das artes urbanas materiais reaproveitados<br \/><\/article>\n<\/section>\n<p>            <!-- Mais Not&iacute;cias --><\/p>\n<p>\t\t<!-- Conte&uacute;do SIDEBAR --><\/p><\/div>\n","protected":false},"excerpt":{"rendered":"<p>Um dos destaques \u00e9 o bondinho de madeira pintado de amarelo, com cora\u00e7\u00f5es vermelhos, s\u00edmbolo&#8230;<\/p>\n","protected":false},"author":2,"featured_media":0,"comment_status":"open","ping_status":"open","sticky":false,"template":"","format":"standard","meta":{"footnotes":""},"categories":[],"tags":[],"class_list":["post-11226","post","type-post","status-publish","format-standard","hentry"],"amp_enabled":true,"_links":{"self":[{"href":"https:\/\/ipatingafc.com.br\/index.php\/wp-json\/wp\/v2\/posts\/11226","targetHints":{"allow":["GET"]}}],"collection":[{"href":"https:\/\/ipatingafc.com.br\/index.php\/wp-json\/wp\/v2\/posts"}],"about":[{"href":"https:\/\/ipatingafc.com.br\/index.php\/wp-json\/wp\/v2\/types\/post"}],"author":[{"embeddable":true,"href":"https:\/\/ipatingafc.com.br\/index.php\/wp-json\/wp\/v2\/users\/2"}],"replies":[{"embeddable":true,"href":"https:\/\/ipatingafc.com.br\/index.php\/wp-json\/wp\/v2\/comments?post=11226"}],"version-history":[{"count":0,"href":"https:\/\/ipatingafc.com.br\/index.php\/wp-json\/wp\/v2\/posts\/11226\/revisions"}],"wp:attachment":[{"href":"https:\/\/ipatingafc.com.br\/index.php\/wp-json\/wp\/v2\/media?parent=11226"}],"wp:term":[{"taxonomy":"category","embeddable":true,"href":"https:\/\/ipatingafc.com.br\/index.php\/wp-json\/wp\/v2\/categories?post=11226"},{"taxonomy":"post_tag","embeddable":true,"href":"https:\/\/ipatingafc.com.br\/index.php\/wp-json\/wp\/v2\/tags?post=11226"}],"curies":[{"name":"wp","href":"https:\/\/api.w.org\/{rel}","templated":true}]}}