{"id":11268,"date":"2024-06-30T15:13:30","date_gmt":"2024-06-30T18:13:30","guid":{"rendered":"https:\/\/ipatingafc.com.br\/index.php\/2024\/06\/30\/governo-de-sp-reune-10-635-alunos-na-maior-premiacao-da-1a-olimpiada-de-matematica\/"},"modified":"2024-06-30T15:13:30","modified_gmt":"2024-06-30T18:13:30","slug":"governo-de-sp-reune-10-635-alunos-na-maior-premiacao-da-1a-olimpiada-de-matematica","status":"publish","type":"post","link":"https:\/\/ipatingafc.com.br\/index.php\/2024\/06\/30\/governo-de-sp-reune-10-635-alunos-na-maior-premiacao-da-1a-olimpiada-de-matematica\/","title":{"rendered":"Governo de SP re\u00fane 10.635 alunos na maior premia\u00e7\u00e3o da 1\u00aa Olimp\u00edada de Matem\u00e1tica"},"content":{"rendered":"<p><\/p>\n<div id=\"\">&#13;<br \/>\n                                <!-- Title -->&#13;<br \/>\n                                &#13;<br \/>\n&#13;<br \/>\n                                <!-- Excerpt -->&#13;<\/p>\n<p class=\"excerpt\">Estudantes da rede estadual recebem medalhas de ouro, prata e bronze com a presen\u00e7a do governador em exerc\u00edcio Felicio Ramuth<\/p>\n<p>&#13;<br \/>\n&#13;<br \/>\n                                &#13;\n                            <\/p><\/div>\n<div id=\"\">&#13;<\/p>\n<figure id=\"attachment_5910301\" style=\"width: 100%;max-width: 1024px\" class=\"wp-caption alignnone\"><img decoding=\"async\" loading=\"lazy\" class=\"wp-image-5910301 size-large\" src=\"https:\/\/www.saopaulo.sp.gov.br\/wp-content\/uploads\/2024\/06\/53825756985_125a8a4df8_k-1024x683.jpg\" alt=\"\" width=\"1024\" height=\"683\" srcset=\"https:\/\/www.saopaulo.sp.gov.br\/wp-content\/uploads\/2024\/06\/53825756985_125a8a4df8_k-1024x683.jpg 1024w, https:\/\/www.saopaulo.sp.gov.br\/wp-content\/uploads\/2024\/06\/53825756985_125a8a4df8_k-300x200.jpg 300w, https:\/\/www.saopaulo.sp.gov.br\/wp-content\/uploads\/2024\/06\/53825756985_125a8a4df8_k-768x512.jpg 768w, https:\/\/www.saopaulo.sp.gov.br\/wp-content\/uploads\/2024\/06\/53825756985_125a8a4df8_k-1536x1024.jpg 1536w, https:\/\/www.saopaulo.sp.gov.br\/wp-content\/uploads\/2024\/06\/53825756985_125a8a4df8_k.jpg 2048w\" sizes=\"auto, (max-width: 1024px) 100vw, 1024px\"\/><figcaption class=\"wp-caption-text\">Premia\u00e7\u00e3o da 1\u00aa Olimp\u00edada de Matem\u00e1tica das Escolas Estaduais de S\u00e3o Paulo<\/figcaption><\/figure>\n<p>O governo de SP realizou neste domingo (30), na Neo Qu\u00edmica Arena, est\u00e1dio do Corinthians, o maior evento de entrega de medalhas a estudantes que se destacaram na 1\u00aa Olimp\u00edada de Matem\u00e1tica das Escolas Estaduais de S\u00e3o Paulo. Com a presen\u00e7a do governador em exerc\u00edcio Felicio Ramuth, 10.635 alunos do 6\u00ba ano do Ensino Fundamental \u00e0 3\u00aa s\u00e9rie do Ensino M\u00e9dio foram premiados, de um total de 127 mil em todo estado.<\/p>\n<p><strong>LEIA TAMB\u00c9M:\u00a0<\/strong>Olimp\u00edada de Matem\u00e1tica: aluno prestes a desistir da escola retoma estudos e leva ouro<\/p>\n<p>\u201c\u00c9 uma grande alegria poder ver esta vit\u00f3ria do esfor\u00e7o, da dedica\u00e7\u00e3o e do empenho de cada um de voc\u00eas. Parab\u00e9ns aos pais, parab\u00e9ns aos alunos. Vamos juntos atrav\u00e9s da educa\u00e7\u00e3o continuar construindo a cidade, o estado e o Brasil dos nossos sonhos. Que Deus aben\u00e7oe a cada um de voc\u00eas\u201d, afirmou Felicio.<\/p>\n<p>Estiveram presentes na cerimonia o secret\u00e1rio da Educa\u00e7\u00e3o, Renato Feder, dirigentes de ensino estaduais, organizadores da na 1\u00aa Olimp\u00edada de Matem\u00e1tica, professores e familiares dos alunos medalhistas. Com apoio da ONG Parceiros da Educa\u00e7\u00e3o ser\u00e3o um total de 450 eventos de premia\u00e7\u00e3o nas 91 diretorias regionais de ensino. A entrega de medalhas vai at\u00e9 o pr\u00f3ximo dia 6.<\/p>\n<p>Nas cerim\u00f4nias pelo estado, ser\u00e3o 16.400 medalhas de ouro, 35.764 de prata e 75.118 de bronze. Todas as 644 cidades de S\u00e3o Paulo com unidades da rede p\u00fablica estadual ter\u00e3o ao menos um estudante medalhista. Foram classificados os 5% melhores colocados nas provas exclusivas de matem\u00e1tica da Olimp\u00edada em cada cidade.<\/p>\n<p>\u201cA Omasp foi criada para identificar talentos na matem\u00e1tica, nossos \u2018camisa 10\u2019 na disciplina, valoriz\u00e1-los com a medalhas e incentivar todos os estudantes a se interessar por essa disciplina t\u00e3o importante\u201d, afirma o coordenador de olimp\u00edadas, Roberto Serra Campos Junior.<\/p>\n<h2>Mais olimp\u00edadas e mais conhecimento<\/h2>\n<p>Em continuidade \u00e0s a\u00e7\u00f5es da Educa\u00e7\u00e3o para valorizar o aprendizado de matem\u00e1tica, todos os 16.400 medalhistas ter\u00e3o, no segundo semestre, o aprofundamento do ensino de matem\u00e1tica e prepara\u00e7\u00e3o para a OBM (Olimp\u00edada Brasileira de Matem\u00e1tica).<\/p>\n<p>No segundo semestre deste ano, a Secretaria da Educa\u00e7\u00e3o d\u00e1 sequ\u00eancia \u00e0 organiza\u00e7\u00e3o de eventos \u201col\u00edmpicos\u201d. Desta vez, com a in\u00e9dita Olimp\u00edada Estadual de Reda\u00e7\u00e3o. A a\u00e7\u00e3o tem como objetivo fomentar a escrita dos estudantes e desenvolver as compet\u00eancias e habilidades relacionadas \u00e0 produ\u00e7\u00e3o textual e o aprendizado na disciplina de l\u00edngua portuguesa. Os estudantes far\u00e3o as reda\u00e7\u00f5es que disputar\u00e3o medalhas de ouro, prata e bronze entre os dias 19 e 27 de agosto.<\/p>\n<\/p><\/div>\n","protected":false},"excerpt":{"rendered":"<p>&#13; &#13; &#13; &#13; &#13; Estudantes da rede estadual recebem medalhas de ouro, prata e&#8230;<\/p>\n","protected":false},"author":2,"featured_media":0,"comment_status":"open","ping_status":"open","sticky":false,"template":"","format":"standard","meta":{"footnotes":""},"categories":[],"tags":[],"class_list":["post-11268","post","type-post","status-publish","format-standard","hentry"],"amp_enabled":true,"_links":{"self":[{"href":"https:\/\/ipatingafc.com.br\/index.php\/wp-json\/wp\/v2\/posts\/11268","targetHints":{"allow":["GET"]}}],"collection":[{"href":"https:\/\/ipatingafc.com.br\/index.php\/wp-json\/wp\/v2\/posts"}],"about":[{"href":"https:\/\/ipatingafc.com.br\/index.php\/wp-json\/wp\/v2\/types\/post"}],"author":[{"embeddable":true,"href":"https:\/\/ipatingafc.com.br\/index.php\/wp-json\/wp\/v2\/users\/2"}],"replies":[{"embeddable":true,"href":"https:\/\/ipatingafc.com.br\/index.php\/wp-json\/wp\/v2\/comments?post=11268"}],"version-history":[{"count":0,"href":"https:\/\/ipatingafc.com.br\/index.php\/wp-json\/wp\/v2\/posts\/11268\/revisions"}],"wp:attachment":[{"href":"https:\/\/ipatingafc.com.br\/index.php\/wp-json\/wp\/v2\/media?parent=11268"}],"wp:term":[{"taxonomy":"category","embeddable":true,"href":"https:\/\/ipatingafc.com.br\/index.php\/wp-json\/wp\/v2\/categories?post=11268"},{"taxonomy":"post_tag","embeddable":true,"href":"https:\/\/ipatingafc.com.br\/index.php\/wp-json\/wp\/v2\/tags?post=11268"}],"curies":[{"name":"wp","href":"https:\/\/api.w.org\/{rel}","templated":true}]}}