{"id":11271,"date":"2024-06-30T16:28:47","date_gmt":"2024-06-30T19:28:47","guid":{"rendered":"https:\/\/ipatingafc.com.br\/index.php\/2024\/06\/30\/quais-filmes-vao-passar-segunda-01-07-na-globo-sessao-da-tarde-e-tela-quente\/"},"modified":"2024-06-30T16:28:47","modified_gmt":"2024-06-30T19:28:47","slug":"quais-filmes-vao-passar-segunda-01-07-na-globo-sessao-da-tarde-e-tela-quente","status":"publish","type":"post","link":"https:\/\/ipatingafc.com.br\/index.php\/2024\/06\/30\/quais-filmes-vao-passar-segunda-01-07-na-globo-sessao-da-tarde-e-tela-quente\/","title":{"rendered":"Quais filmes v\u00e3o passar Segunda (01\/07) na Globo? SESS\u00c3O DA TARDE E TELA QUENTE"},"content":{"rendered":"<p><\/p>\n<div>\n<p>COnfira a programa\u00e7\u00e3o da Globo\u00a0 <strong>hoje, 01\/07\/<\/strong><strong>2024 e que horas come\u00e7am os filmes de hoje.\u00a0<\/strong><\/p>\n<p>\u00a0<\/p>\n<p><strong>Segunda-feira, 01\/07\/2024<\/strong><\/p>\n<p>04:00 Hora Um<\/p>\n<p>06:00 Bom Dia Pra\u00e7a<\/p>\n<p>08:30 Bom Dia Brasil<\/p>\n<p>09:30 Encontro Com Patr\u00edcia Poeta<\/p>\n<p>10:35 Mais Voc\u00ea<\/p>\n<p>11:45 Pra\u00e7a TV \u2013 1\u00aa Edi\u00e7\u00e3o<\/p>\n<p>13:00 Globo Esporte<\/p>\n<p>13:25 Jornal Hoje<\/p>\n<p>14:45 Cheias de Charme<\/p>\n<p>15:25 Sess\u00e3o da Tarde \u2013 F\u00e9 De Um Campe\u00e3o<\/p>\n<p>17:05 Vale a Pena Ver de Novo \u2013 Alma G\u00eamea<\/p>\n<p>18:25 No Rancho Fundo<\/p>\n<p>19:10 Pra\u00e7a TV \u2013 2\u00aa Edi\u00e7\u00e3o<\/p>\n<p>19:40 Fam\u00edlia \u00e9 Tudo<\/p>\n<p>20:30 Jornal Nacional<\/p>\n<p>00:25 Jornal da Globo<\/p>\n<p>01:15 Conversa com Bial<\/p>\n<p>01:55 Fam\u00edlia \u00e9 Tudo<\/p>\n<p>02:40 Com\u00e9dia Na Madruga I<\/p>\n<p>03:20 Com\u00e9dia Na Madruga II<\/p>\n<h3>Programa\u00e7\u00e3o da Globo \u2013 Segunda-feira, 01\/07\/2024<\/h3>\n<h4>Sess\u00e3o da Tarde<\/h4>\n<p>**Filme: F\u00e9 de um Campe\u00e3o**<br \/>**T\u00edtulo Original:** American Underdog<br \/>**Pa\u00eds de Origem:** Estados Unidos<br \/>**Ano de Produ\u00e7\u00e3o:** 2021<br \/>**Diretores:** Andrew Erwin, Jon Erwin<br \/>**Elenco:** Dennis Quaid, Anna Paquin, Zachary Levi, Ser\u2019darius Blain<br \/>**G\u00eanero:** Drama, Biografia<\/p>\n<p>**Sinopse:**<br \/>\u201cF\u00e9 de um Campe\u00e3o\u201d conta a inspiradora hist\u00f3ria do MVP da NFL e quarterback Kurt Warner. O filme retrata a jornada de Warner desde suas humildes origens trabalhando em prateleiras de supermercados at\u00e9 alcan\u00e7ar o estrelato no futebol americano. Enfrentando desafios e superando adversidades, Warner prova que com determina\u00e7\u00e3o e f\u00e9, \u00e9 poss\u00edvel realizar grandes sonhos.<\/p>\n<h4>Tela Quente<\/h4>\n<p>**Filme: Her\u00f3is de Fogo**<br \/>**T\u00edtulo Original:** Fire<br \/>**Pa\u00eds de Origem:** R\u00fassia<br \/>**Ano de Produ\u00e7\u00e3o:** 2020<br \/>**Diretor:** Konstantin Khabenskiy<br \/>**Elenco:** Alexey Nuzhny<br \/>**G\u00eanero:** A\u00e7\u00e3o, Cat\u00e1strofe<\/p>\n<p>**Sinopse:**<br \/>\u201cHer\u00f3is de Fogo\u201d \u00e9 uma hist\u00f3ria emocionante e heroica que segue a vida de bombeiros e equipes de resgate. O filme destaca a bravura e o sacrif\u00edcio desses profissionais que enfrentam situa\u00e7\u00f5es extremas para salvar vidas. Com cenas de a\u00e7\u00e3o intensas e momentos de grande tens\u00e3o, a produ\u00e7\u00e3o russa capta a ess\u00eancia do hero\u00edsmo e da solidariedade em meio a desastres.<\/p>\n<p>\u2014<\/p>\n<p>Para mais detalhes sobre a programa\u00e7\u00e3o e sinopses dos filmes, continue acompanhando a Globo.<\/p>\n<\/div>\n","protected":false},"excerpt":{"rendered":"<p>COnfira a programa\u00e7\u00e3o da Globo\u00a0 hoje, 01\/07\/2024 e que horas come\u00e7am os filmes de hoje.\u00a0&#8230;<\/p>\n","protected":false},"author":2,"featured_media":0,"comment_status":"open","ping_status":"open","sticky":false,"template":"","format":"standard","meta":{"footnotes":""},"categories":[2],"tags":[],"class_list":["post-11271","post","type-post","status-publish","format-standard","hentry","category-jogos-ao-vivo"],"amp_enabled":true,"_links":{"self":[{"href":"https:\/\/ipatingafc.com.br\/index.php\/wp-json\/wp\/v2\/posts\/11271","targetHints":{"allow":["GET"]}}],"collection":[{"href":"https:\/\/ipatingafc.com.br\/index.php\/wp-json\/wp\/v2\/posts"}],"about":[{"href":"https:\/\/ipatingafc.com.br\/index.php\/wp-json\/wp\/v2\/types\/post"}],"author":[{"embeddable":true,"href":"https:\/\/ipatingafc.com.br\/index.php\/wp-json\/wp\/v2\/users\/2"}],"replies":[{"embeddable":true,"href":"https:\/\/ipatingafc.com.br\/index.php\/wp-json\/wp\/v2\/comments?post=11271"}],"version-history":[{"count":0,"href":"https:\/\/ipatingafc.com.br\/index.php\/wp-json\/wp\/v2\/posts\/11271\/revisions"}],"wp:attachment":[{"href":"https:\/\/ipatingafc.com.br\/index.php\/wp-json\/wp\/v2\/media?parent=11271"}],"wp:term":[{"taxonomy":"category","embeddable":true,"href":"https:\/\/ipatingafc.com.br\/index.php\/wp-json\/wp\/v2\/categories?post=11271"},{"taxonomy":"post_tag","embeddable":true,"href":"https:\/\/ipatingafc.com.br\/index.php\/wp-json\/wp\/v2\/tags?post=11271"}],"curies":[{"name":"wp","href":"https:\/\/api.w.org\/{rel}","templated":true}]}}