{"id":11280,"date":"2024-06-30T20:42:45","date_gmt":"2024-06-30T23:42:45","guid":{"rendered":"https:\/\/ipatingafc.com.br\/index.php\/2024\/06\/30\/agencia-minas-gerais-defesa-civil-de-minas-gerais-promove-seminario-voltado-para-seguranca-de-barragens\/"},"modified":"2024-06-30T20:42:45","modified_gmt":"2024-06-30T23:42:45","slug":"agencia-minas-gerais-defesa-civil-de-minas-gerais-promove-seminario-voltado-para-seguranca-de-barragens","status":"publish","type":"post","link":"https:\/\/ipatingafc.com.br\/index.php\/2024\/06\/30\/agencia-minas-gerais-defesa-civil-de-minas-gerais-promove-seminario-voltado-para-seguranca-de-barragens\/","title":{"rendered":"Ag\u00eancia Minas Gerais | Defesa Civil de Minas Gerais promove semin\u00e1rio voltado para seguran\u00e7a de barragens"},"content":{"rendered":"<p><\/p>\n<div>\n<p>A Coordenadoria Estadual de Defesa Civil (Cedec) realizou, nesta sexta-feira (28\/6), o Semin\u00e1rio T\u00e9cnico de Seguran\u00e7a de Barragens, em Belo Horizonte.<\/p>\n<p>O evento, que reuniu representantes de diversas entidades e especialistas da \u00e1rea, teve como objetivo debater e compartilhar as melhores pr\u00e1ticas para garantir a seguran\u00e7a das estruturas de barragens e a integridade das comunidades que vivem pr\u00f3ximas a essas instala\u00e7\u00f5es.<\/p>\n<p>Durante o semin\u00e1rio, diversos temas foram abordados, incluindo estrat\u00e9gias de mitiga\u00e7\u00e3o de riscos e mudan\u00e7as na an\u00e1lise e aprova\u00e7\u00e3o do Plano de A\u00e7\u00e3o de Emerg\u00eancia.<\/p>\n<p>A troca de conhecimentos entre os participantes visa aprimorar as metodologias de gest\u00e3o de barragens, refletindo o compromisso cont\u00ednuo com a seguran\u00e7a p\u00fablica e ambiental.<\/p>\n<p>Em sua fala, o coronel Carlos Frederico Otoni Garcia, chefe do Gabinete Militar do Governador e coordenador Estadual de Defesa Civil, destacou a import\u00e2ncia da colabora\u00e7\u00e3o entre as entidades envolvidas.<\/p>\n<p>\u201cA seguran\u00e7a de barragens \u00e9 uma prioridade m\u00e1xima para o estado de Minas Gerais. Eventos como este s\u00e3o fundamentais para que possamos trocar experi\u00eancias, aprimorar nossas pr\u00e1ticas e, principalmente, garantir a seguran\u00e7a das nossas comunidades\u201d, afirmou o coordenador.<\/p>\n<p>\u201cA preven\u00e7\u00e3o e a prepara\u00e7\u00e3o s\u00e3o nossas melhores ferramentas contra poss\u00edveis adversidades\u201d, disse.<\/p>\n<p>O semin\u00e1rio tamb\u00e9m contou com a participa\u00e7\u00e3o de outros especialistas, que apresentaram iniciativas para promo\u00e7\u00e3o do autocuidado e atualiza\u00e7\u00f5es na legisla\u00e7\u00e3o de barragens.<\/p>\n<p>Al\u00e9m de integrantes da Cedec, o cronograma contou com a presen\u00e7a do secret\u00e1rio adjunto de Estado de Meio Ambiente e Desenvolvimento Sustent\u00e1vel (Semad), Leonardo Monteiro Rodrigues, e de integrantes da Ag\u00eancia Nacional de Minera\u00e7\u00e3o (ANM), Defesa Civil de\u00a0 Duque de Caxias \u2013 RJ e Funda\u00e7\u00e3o Estadual do Meio Ambiente (Feam).<\/p>\n<p>Ao longo do dia, palestras permitiram uma intera\u00e7\u00e3o direta entre os participantes, promovendo um ambiente de aprendizado e coopera\u00e7\u00e3o.<\/p>\n<p>\u201cNossa miss\u00e3o \u00e9 fortalecer a capacidade de resposta das equipes envolvidas e garantir que todos estejam alinhados com as melhores pr\u00e1ticas\u201d, acrescentou o coronel Frederico.<\/p>\n<\/p><\/div>\n","protected":false},"excerpt":{"rendered":"<p>A Coordenadoria Estadual de Defesa Civil (Cedec) realizou, nesta sexta-feira (28\/6), o Semin\u00e1rio T\u00e9cnico de&#8230;<\/p>\n","protected":false},"author":2,"featured_media":0,"comment_status":"open","ping_status":"open","sticky":false,"template":"","format":"standard","meta":{"footnotes":""},"categories":[],"tags":[],"class_list":["post-11280","post","type-post","status-publish","format-standard","hentry"],"amp_enabled":true,"_links":{"self":[{"href":"https:\/\/ipatingafc.com.br\/index.php\/wp-json\/wp\/v2\/posts\/11280","targetHints":{"allow":["GET"]}}],"collection":[{"href":"https:\/\/ipatingafc.com.br\/index.php\/wp-json\/wp\/v2\/posts"}],"about":[{"href":"https:\/\/ipatingafc.com.br\/index.php\/wp-json\/wp\/v2\/types\/post"}],"author":[{"embeddable":true,"href":"https:\/\/ipatingafc.com.br\/index.php\/wp-json\/wp\/v2\/users\/2"}],"replies":[{"embeddable":true,"href":"https:\/\/ipatingafc.com.br\/index.php\/wp-json\/wp\/v2\/comments?post=11280"}],"version-history":[{"count":0,"href":"https:\/\/ipatingafc.com.br\/index.php\/wp-json\/wp\/v2\/posts\/11280\/revisions"}],"wp:attachment":[{"href":"https:\/\/ipatingafc.com.br\/index.php\/wp-json\/wp\/v2\/media?parent=11280"}],"wp:term":[{"taxonomy":"category","embeddable":true,"href":"https:\/\/ipatingafc.com.br\/index.php\/wp-json\/wp\/v2\/categories?post=11280"},{"taxonomy":"post_tag","embeddable":true,"href":"https:\/\/ipatingafc.com.br\/index.php\/wp-json\/wp\/v2\/tags?post=11280"}],"curies":[{"name":"wp","href":"https:\/\/api.w.org\/{rel}","templated":true}]}}