{"id":11794,"date":"2024-07-12T04:30:45","date_gmt":"2024-07-12T07:30:45","guid":{"rendered":"https:\/\/ipatingafc.com.br\/index.php\/2024\/07\/12\/agencia-minas-gerais-estado-nomeia-mais-39-mil-servidores-aprovados-no-concurso-da-educacao\/"},"modified":"2024-07-12T04:30:45","modified_gmt":"2024-07-12T07:30:45","slug":"agencia-minas-gerais-estado-nomeia-mais-39-mil-servidores-aprovados-no-concurso-da-educacao","status":"publish","type":"post","link":"https:\/\/ipatingafc.com.br\/index.php\/2024\/07\/12\/agencia-minas-gerais-estado-nomeia-mais-39-mil-servidores-aprovados-no-concurso-da-educacao\/","title":{"rendered":"Ag\u00eancia Minas Gerais | Estado nomeia mais 3,9 mil servidores aprovados no concurso da Educa\u00e7\u00e3o"},"content":{"rendered":"<p><\/p>\n<div>\n<p dir=\"ltr\">O Governo de Minas Gerais segue com o compromisso de investir na valoriza\u00e7\u00e3o da educa\u00e7\u00e3o p\u00fablica do Estado. Nesta quinta-feira (11\/7), foram nomeados mais 3.958 novos servidores aprovados no Concurso P\u00fablico SEE\/MG, realizado pelas secretarias de Estado de Educa\u00e7\u00e3o (SEE-MG) e de Planejamento e Gest\u00e3o (Seplag-MG). Com as novas nomea\u00e7\u00f5es do concurso, regido pelo Edital SEE\/Seplag n\u00ba 3\/2023, no total s\u00e3o mais 6 mil profissionais integrando os quadros da Educa\u00e7\u00e3o do Estado.<\/p>\n<p>Neste lote, a rede estadual de ensino recebe o refor\u00e7o de 424 Analistas Educacionais (ANE) Inspetor Escolar, 598 Especialistas em Educa\u00e7\u00e3o B\u00e1sica (EEB) e 2.936 Professores de Educa\u00e7\u00e3o B\u00e1sica (PEB). A lista completa pode ser conferida na edi\u00e7\u00e3o do Di\u00e1rio Oficial do Estado de Minas Gerais desta quinta-feira (11\/7).<\/p>\n<p>Os novos profissionais atuar\u00e3o nas 47 Superintend\u00eancias Regionais de Ensino (SRE) e escolas estaduais do Estado.<\/p>\n<p>A subsecret\u00e1ria de Gest\u00e3o de Recursos Humanos, Gl\u00e1ucia Ribeiro, destaca a import\u00e2ncia de profissionais efetivos da educa\u00e7\u00e3o atuando nas escolas p\u00fablicas do estado. &#8220;\u00c9 um momento de muita alegria para n\u00f3s, receber todos esses novos servidores. \u00c9 mais um passo para aumentar nosso quadro de servidores efetivos na rede\u201d, afirma.<\/p>\n<p>A subsecret\u00e1ria tamb\u00e9m refor\u00e7a a necessidade de os nomeados estarem atentos ao Di\u00e1rio Oficial do Estado de Minas Gerais para as pr\u00f3ximas etapas. \u201c\u00c9 importante que eles fiquem atentos sobre as informa\u00e7\u00f5es das per\u00edcias, que acompanhem as divulga\u00e7\u00f5es feitas pelas SREs dos cronogramas de posses, respeitando os prazos, para que tenhamos todos os servidores trabalhando de forma efetiva\u201d, informa.<\/p>\n<p>A incorpora\u00e7\u00e3o de novos profissionais aos quadros do Estado por meio de concursos p\u00fablicos est\u00e1 entre as medidas do Governo de Minas voltadas ao objetivo de fortalecer o servi\u00e7o p\u00fablico e valorizar os servidores estaduais, como assinala a subsecret\u00e1ria de Gest\u00e3o de Pessoas da Seplag-MG, K\u00eannya Kreppel. \u201cAl\u00e9m do concurso da Educa\u00e7\u00e3o, realizamos uma s\u00e9rie de concursos e nomea\u00e7\u00f5es nos \u00faltimos anos em diversas \u00e1reas, valorizando o servi\u00e7o p\u00fablico, os servidores e aprimorando a nossa presta\u00e7\u00e3o de servi\u00e7os\u201d, salienta.<\/p>\n<p><strong>Mais de 6 mil nomea\u00e7\u00f5es publicadas<\/strong><\/p>\n<p>O investimento na educa\u00e7\u00e3o p\u00fablica \u00e9 uma prioridade do Governo de Minas Gerais. Em junho deste ano, foi publicado o\u00a0\u00a0primeiro lote de nomea\u00e7\u00f5es do concurso da Educa\u00e7\u00e3o com mais de 2 mil candidatos aprovados.<\/p>\n<p>Com a listagem publicada nesta quinta-feira, no total s\u00e3o 6.040 servidores nomeados para atuarem nas escolas mineiras, o que significa melhoria na qualidade do ensino e fortalecimento das escolas p\u00fablicas.<\/p>\n<p>Durante os \u00faltimos cinco anos de gest\u00e3o, o Estado nomeou um n\u00famero significativo de candidatos, resultando em um total de 26 mil servidores nomeados at\u00e9 o momento.<\/p>\n<p><strong>Sobre o concurso<\/strong><\/p>\n<p>O Concurso P\u00fablico SEE\/MG, regido pelo Edital SEE\/Seplag n\u00ba 3\/2023, contou com duas etapas: prova objetiva e reda\u00e7\u00e3o, de car\u00e1ter eliminat\u00f3rio e classificat\u00f3rio, e avalia\u00e7\u00e3o de t\u00edtulos, de car\u00e1ter classificat\u00f3rio.<\/p>\n<p>Realizado nos dias 22 e 29\/10\/2023, o certame ofereceu oportunidades para diversas carreiras do quadro de pessoal da SEE\/MG.<\/p>\n<p>Foram 465 locais de provas, distribu\u00eddos em 45 munic\u00edpios mineiros, incluindo as cidades-sede de cada Superintend\u00eancia Regional de Ensino (SRE) e Belo Horizonte (SREs Metropolitanas A, B e C).<\/p>\n<p>As vagas foram destinadas para atua\u00e7\u00e3o em Unidades de Ensino, Superintend\u00eancias Regionais de Ensino (SREs), N\u00facleos de Acolhimento Educacional (NAE), Centros de Refer\u00eancia em Educa\u00e7\u00e3o Especial Inclusiva (CREI) e Unidade Central.<\/p>\n<\/p><\/div>\n","protected":false},"excerpt":{"rendered":"<p>O Governo de Minas Gerais segue com o compromisso de investir na valoriza\u00e7\u00e3o da educa\u00e7\u00e3o&#8230;<\/p>\n","protected":false},"author":2,"featured_media":0,"comment_status":"open","ping_status":"open","sticky":false,"template":"","format":"standard","meta":{"footnotes":""},"categories":[],"tags":[],"class_list":["post-11794","post","type-post","status-publish","format-standard","hentry"],"amp_enabled":true,"_links":{"self":[{"href":"https:\/\/ipatingafc.com.br\/index.php\/wp-json\/wp\/v2\/posts\/11794","targetHints":{"allow":["GET"]}}],"collection":[{"href":"https:\/\/ipatingafc.com.br\/index.php\/wp-json\/wp\/v2\/posts"}],"about":[{"href":"https:\/\/ipatingafc.com.br\/index.php\/wp-json\/wp\/v2\/types\/post"}],"author":[{"embeddable":true,"href":"https:\/\/ipatingafc.com.br\/index.php\/wp-json\/wp\/v2\/users\/2"}],"replies":[{"embeddable":true,"href":"https:\/\/ipatingafc.com.br\/index.php\/wp-json\/wp\/v2\/comments?post=11794"}],"version-history":[{"count":0,"href":"https:\/\/ipatingafc.com.br\/index.php\/wp-json\/wp\/v2\/posts\/11794\/revisions"}],"wp:attachment":[{"href":"https:\/\/ipatingafc.com.br\/index.php\/wp-json\/wp\/v2\/media?parent=11794"}],"wp:term":[{"taxonomy":"category","embeddable":true,"href":"https:\/\/ipatingafc.com.br\/index.php\/wp-json\/wp\/v2\/categories?post=11794"},{"taxonomy":"post_tag","embeddable":true,"href":"https:\/\/ipatingafc.com.br\/index.php\/wp-json\/wp\/v2\/tags?post=11794"}],"curies":[{"name":"wp","href":"https:\/\/api.w.org\/{rel}","templated":true}]}}