{"id":11998,"date":"2024-07-18T13:29:34","date_gmt":"2024-07-18T16:29:34","guid":{"rendered":"https:\/\/ipatingafc.com.br\/index.php\/2024\/07\/18\/quais-filmes-vao-passar-sexta-19-07-na-globo-sessao-da-tarde-e-corujao-2\/"},"modified":"2024-07-18T13:29:34","modified_gmt":"2024-07-18T16:29:34","slug":"quais-filmes-vao-passar-sexta-19-07-na-globo-sessao-da-tarde-e-corujao-2","status":"publish","type":"post","link":"https:\/\/ipatingafc.com.br\/index.php\/2024\/07\/18\/quais-filmes-vao-passar-sexta-19-07-na-globo-sessao-da-tarde-e-corujao-2\/","title":{"rendered":"Quais filmes v\u00e3o passar Sexta (19\/07) na Globo? SESS\u00c3O DA TARDE e Coruj\u00e3o"},"content":{"rendered":"<p><\/p>\n<div>\n<p>COnfira a programa\u00e7\u00e3o da Globo\u00a0 <strong>hoje, 19\/07\/<\/strong><strong>2024 e que horas come\u00e7am os filmes de hoje.\u00a0<\/strong><\/p>\n<p>Sexta-feira, 19\/07\/2024<\/p>\n<p>04:00 Hora Um<\/p>\n<p>06:00 Bom Dia Pra\u00e7a<\/p>\n<p>08:30 Bom Dia Brasil<\/p>\n<p>09:30 Encontro Com Patr\u00edcia Poeta<\/p>\n<p>10:35 Mais Voc\u00ea<\/p>\n<p>11:45 Pra\u00e7a TV \u2013 1\u00aa Edi\u00e7\u00e3o<\/p>\n<p>13:00 Globo Esporte<\/p>\n<p>13:25 Jornal Hoje<\/p>\n<p>14:45 Cheias de Charme<\/p>\n<p>15:25 Sess\u00e3o da Tarde \u2013 Jogada Certa<\/p>\n<p>17:05 Vale a Pena Ver de Novo \u2013 Alma G\u00eamea<\/p>\n<p>18:25 No Rancho Fundo<\/p>\n<p>19:10 Pra\u00e7a TV \u2013 2\u00aa Edi\u00e7\u00e3o<\/p>\n<p>19:40 Fam\u00edlia \u00e9 Tudo<\/p>\n<p>20:30 Jornal Nacional<\/p>\n<p>21:20 Renascer<\/p>\n<p>22:25 Globo Rep\u00f3rter<\/p>\n<p>23:15 Sess\u00e3o Globoplay \u2013 The Equalizer \u2013 A Protetora<\/p>\n<p>00:00 Jornal da Globo<\/p>\n<p>00:50 Conversa com Bial<\/p>\n<p>01:30 Fam\u00edlia \u00e9 Tudo<\/p>\n<p>02:15 Com\u00e9dia Na Madruga I<\/p>\n<p>02:55 Corujao I \u2013 O Passageiro<\/p>\n<h2>Programa\u00e7\u00e3o da TV Globo para Sexta-feira, 19\/07\/2024<\/h2>\n<p>\u00a0<\/p>\n<h3>Manh\u00e3<\/h3>\n<p>**04:00 \u2013 Hora Um**<br \/>O in\u00edcio da programa\u00e7\u00e3o com as principais not\u00edcias do Brasil e do mundo, trazendo reportagens exclusivas e an\u00e1lises aprofundadas.<\/p>\n<p>**06:00 \u2013 Bom Dia Pra\u00e7a**<br \/>Notici\u00e1rio local com foco nas principais not\u00edcias e acontecimentos da regi\u00e3o, al\u00e9m de informa\u00e7\u00f5es de utilidade p\u00fablica.<\/p>\n<p>**08:30 \u2013 Bom Dia Brasil**<br \/>Programa matinal que cobre as not\u00edcias mais importantes do dia, com reportagens especiais e coment\u00e1rios de especialistas.<\/p>\n<p>**09:30 \u2013 Encontro Com Patr\u00edcia Poeta**<br \/>Patr\u00edcia Poeta recebe convidados para discuss\u00f5es sobre temas diversos, al\u00e9m de atra\u00e7\u00f5es musicais e hist\u00f3rias inspiradoras.<\/p>\n<p>**10:35 \u2013 Mais Voc\u00ea**<br \/>Ana Maria Braga e Louro Man\u00e9 apresentam receitas, dicas de bem-estar e entrevistas, abordando temas do cotidiano com leveza e descontra\u00e7\u00e3o.<\/p>\n<h3>Tarde<\/h3>\n<p>**11:45 \u2013 Pra\u00e7a TV \u2013 1\u00aa Edi\u00e7\u00e3o**<br \/>Telejornal local que traz as not\u00edcias mais importantes da manh\u00e3, com destaque para eventos da regi\u00e3o e presta\u00e7\u00e3o de servi\u00e7os.<\/p>\n<p>**13:00 \u2013 Globo Esporte**<br \/>Cobertura das not\u00edcias do esporte, com destaques para campeonatos, entrevistas com atletas e an\u00e1lises de especialistas.<\/p>\n<p>**13:25 \u2013 Jornal Hoje**<br \/>Notici\u00e1rio que apresenta as not\u00edcias mais relevantes do Brasil e do mundo, com reportagens especiais e an\u00e1lises dos principais acontecimentos.<\/p>\n<p>**14:45 \u2013 Cheias de Charme**<br \/>Reprise da novela que conta a hist\u00f3ria das empreguetes que se tornam estrelas da m\u00fasica, em uma trama cheia de humor e emo\u00e7\u00e3o.<\/p>\n<p>**15:25 \u2013 Sess\u00e3o da Tarde \u2013 Jogada Certa**<br \/>**T\u00edtulo Original:** Just Wright<br \/>**Pa\u00eds de Origem:** Estados Unidos<br \/>**Ano de Produ\u00e7\u00e3o:** 2010<br \/>**Diretor:** Sanaa Hamri<br \/>**Elenco:** Queen Latifah, Paula Patton, James Pickens Jr, Phylicia Rashad, Pam Grier, Common<br \/>**Classe:** Com\u00e9dia, Romance<br \/>**Sinopse:** Uma fisioterapeuta se apaixona por um astro do basquete, mas ele j\u00e1 est\u00e1 comprometido com uma mulher interesseira. Tudo muda quando ele sofre um acidente nas quadras.<\/p>\n<p>**17:05 \u2013 Vale a Pena Ver de Novo \u2013 Alma G\u00eamea**<br \/>Reprise da novela que narra a emocionante hist\u00f3ria de amor e reencarna\u00e7\u00e3o entre Rafael e Serena.<\/p>\n<h3>Noite<\/h3>\n<p>**18:25 \u2013 No Rancho Fundo**<br \/>Novela que retrata o cotidiano e os desafios de uma fam\u00edlia que administra um rancho no interior do Brasil.<\/p>\n<p>**19:10 \u2013 Pra\u00e7a TV \u2013 2\u00aa Edi\u00e7\u00e3o**<br \/>Atualiza\u00e7\u00e3o das not\u00edcias locais, com reportagens exclusivas e as informa\u00e7\u00f5es mais recentes da regi\u00e3o.<\/p>\n<p>**19:40 \u2013 Fam\u00edlia \u00e9 Tudo**<br \/>S\u00e9rie que aborda, de forma divertida e leve, os desafios e as alegrias da vida em fam\u00edlia.<\/p>\n<p>**20:30 \u2013 Jornal Nacional**<br \/>Principal telejornal do pa\u00eds, apresentando as not\u00edcias mais importantes do Brasil e do mundo, com reportagens e an\u00e1lises aprofundadas.<\/p>\n<p>**21:20 \u2013 Renascer**<br \/>Novela das nove que traz uma trama intensa, cheia de reviravoltas e emo\u00e7\u00f5es, envolvendo personagens complexos e cativantes.<\/p>\n<p>**22:25 \u2013 Globo Rep\u00f3rter**<br \/>Programa jornal\u00edstico que explora temas variados, com reportagens investigativas e document\u00e1rios sobre assuntos de interesse geral.<\/p>\n<p>**23:15 \u2013 Sess\u00e3o Globoplay \u2013 The Equalizer \u2013 A Protetora**<br \/>Filme de a\u00e7\u00e3o que acompanha a vida de uma ex-agente que decide usar suas habilidades para ajudar pessoas em perigo.<\/p>\n<h3>Madrugada<\/h3>\n<p>**00:00 \u2013 Jornal da Globo**<br \/>Telejornal que traz um resumo dos principais acontecimentos do dia, com an\u00e1lises e reportagens especiais.<\/p>\n<p>**00:50 \u2013 Conversa com Bial**<br \/>Pedro Bial entrevista personalidades de diversas \u00e1reas, discutindo temas atuais e relevantes de forma profunda e descontra\u00edda.<\/p>\n<p>**01:30 \u2013 Fam\u00edlia \u00e9 Tudo (reprise)**<br \/>Reprise da s\u00e9rie que mostra, de maneira divertida, os desafios e as alegrias da vida em fam\u00edlia.<\/p>\n<p>**02:15 \u2013 Com\u00e9dia Na Madruga I**<br \/>Bloco de com\u00e9dia com epis\u00f3dios das melhores s\u00e9ries e programas humor\u00edsticos, trazendo divers\u00e3o para a madrugada.<\/p>\n<p>**02:55 \u2013 Coruj\u00e3o I \u2013 O Passageiro**<br \/>**T\u00edtulo Original:** The Commuter<br \/>**Pa\u00eds de Origem:** Estados Unidos, Fran\u00e7a<br \/>**Ano de Produ\u00e7\u00e3o:** 2018<br \/>**Diretor:** Jaume Collet-Serra<br \/>**Elenco:** Vera Farmiga, Liam Neeson, Sam Neill, Patrick Wilson<br \/>**Classe:** A\u00e7\u00e3o<br \/>**Sinopse:** Durante o trajeto de volta para casa, um vendedor de seguros \u00e9 for\u00e7ado por uma estranha a descobrir a identidade de um dos passageiros do trem em que se encontra.<\/p>\n<\/div>\n","protected":false},"excerpt":{"rendered":"<p>COnfira a programa\u00e7\u00e3o da Globo\u00a0 hoje, 19\/07\/2024 e que horas come\u00e7am os filmes de hoje.\u00a0&#8230;<\/p>\n","protected":false},"author":2,"featured_media":0,"comment_status":"open","ping_status":"open","sticky":false,"template":"","format":"standard","meta":{"footnotes":""},"categories":[2],"tags":[],"class_list":["post-11998","post","type-post","status-publish","format-standard","hentry","category-jogos-ao-vivo"],"amp_enabled":true,"_links":{"self":[{"href":"https:\/\/ipatingafc.com.br\/index.php\/wp-json\/wp\/v2\/posts\/11998","targetHints":{"allow":["GET"]}}],"collection":[{"href":"https:\/\/ipatingafc.com.br\/index.php\/wp-json\/wp\/v2\/posts"}],"about":[{"href":"https:\/\/ipatingafc.com.br\/index.php\/wp-json\/wp\/v2\/types\/post"}],"author":[{"embeddable":true,"href":"https:\/\/ipatingafc.com.br\/index.php\/wp-json\/wp\/v2\/users\/2"}],"replies":[{"embeddable":true,"href":"https:\/\/ipatingafc.com.br\/index.php\/wp-json\/wp\/v2\/comments?post=11998"}],"version-history":[{"count":0,"href":"https:\/\/ipatingafc.com.br\/index.php\/wp-json\/wp\/v2\/posts\/11998\/revisions"}],"wp:attachment":[{"href":"https:\/\/ipatingafc.com.br\/index.php\/wp-json\/wp\/v2\/media?parent=11998"}],"wp:term":[{"taxonomy":"category","embeddable":true,"href":"https:\/\/ipatingafc.com.br\/index.php\/wp-json\/wp\/v2\/categories?post=11998"},{"taxonomy":"post_tag","embeddable":true,"href":"https:\/\/ipatingafc.com.br\/index.php\/wp-json\/wp\/v2\/tags?post=11998"}],"curies":[{"name":"wp","href":"https:\/\/api.w.org\/{rel}","templated":true}]}}