{"id":12015,"date":"2024-07-19T05:52:52","date_gmt":"2024-07-19T08:52:52","guid":{"rendered":"https:\/\/ipatingafc.com.br\/index.php\/2024\/07\/19\/agencia-minas-gerais-convenio-vai-capacitar-microempreendedores-no-norte-de-minas\/"},"modified":"2024-07-19T05:52:52","modified_gmt":"2024-07-19T08:52:52","slug":"agencia-minas-gerais-convenio-vai-capacitar-microempreendedores-no-norte-de-minas","status":"publish","type":"post","link":"https:\/\/ipatingafc.com.br\/index.php\/2024\/07\/19\/agencia-minas-gerais-convenio-vai-capacitar-microempreendedores-no-norte-de-minas\/","title":{"rendered":"Ag\u00eancia Minas Gerais | Conv\u00eanio vai capacitar microempreendedores no Norte de Minas"},"content":{"rendered":"<p><\/p>\n<div>\n<p>A Funda\u00e7\u00e3o Educacional Caio Martins (Fucam) e o Instituto Federal de Educa\u00e7\u00e3o, Ci\u00eancia e Tecnologia do Norte de Minas Gerais (IFNMG) anunciam conv\u00eanio no valor de R$ 1 milh\u00e3o para capacitar 420 alunos em curso de microempreendedorismo individual.<\/p>\n<p>A iniciativa, que ser\u00e1 implementada em oito munic\u00edpios do estado, tem como objetivo transformar a realidade de centenas de fam\u00edlias, promovendo inclus\u00e3o social e econ\u00f4mica.<\/p>\n<p>Presidente da Funda\u00e7\u00e3o Educacional Caio Martins, Frederico Corr\u00eaa Lima destacou a import\u00e2ncia da parceria in\u00e9dita.\u00a0<\/p>\n<p>\u201c\u00c9 muito gratificante formalizar uma parceria com uma institui\u00e7\u00e3o t\u00e3o respeitada e que vai ampliar a qualidade de ensino da Fucam para a comunidade\u201d, disse.\u00a0<\/p>\n<p>A previs\u00e3o \u00e9 a de que as primeiras turmas se iniciem em setembro de 2024, com abertura de vagas e expans\u00e3o gradual em 2025.\u00a0<\/p>\n<p>Atualmente, a Fucam atende os munic\u00edpios de Buritizeiro, S\u00e3o Francisco, Janu\u00e1ria, Juven\u00edlia, Esmeraldas, Riachinho, Couto de Magalh\u00e3es e Conselheiro Mata, em Diamantina.\u00a0<\/p>\n<p>Diretora de A\u00e7\u00f5es Educacionais Sociais e Produtivas da Fucam, Roberta Guimar\u00e3es destacou a import\u00e2ncia do conv\u00eanio para a funda\u00e7\u00e3o e para a regi\u00e3o atendida.\u00a0<\/p>\n<p>&#8220;Este \u00e9 um marco para a Fucam e para o Norte de Minas Gerais. Pela primeira vez, estamos celebrando um conv\u00eanio de sa\u00edda, que n\u00e3o s\u00f3 capacita, mas tamb\u00e9m empodera nossos cidad\u00e3os a se tornarem protagonistas de suas pr\u00f3prias hist\u00f3rias&#8221;.\u00a0<\/p>\n<p>Ela acrescenta que a parceria com o IFNMG \u00e9 um passo significativo para o desenvolvimento socioecon\u00f4mico da regi\u00e3o. \u00a0&#8220;Estamos confiantes de que os benef\u00edcios ser\u00e3o sentidos por toda a comunidade&#8221;, afirma.<\/p>\n<p>Tamb\u00e9m participaram da reuni\u00e3o a diretora do \u00a0Centro de Refer\u00eancia em Forma\u00e7\u00e3o e Educa\u00e7\u00e3o a Dist\u00e2ncia do IFNMG (Cead), professora Luciana Gusm\u00e3o, e o presidente da Funda\u00e7\u00e3o de Apoio e Desenvolvimento do Ensino Tecnol\u00f3gico (Fadetec), Rafael Correia de Oliveira.<\/p>\n<p><strong>Programa\u00a0<\/strong><\/p>\n<p>O curso de microempreendedorismo individual proporcionar\u00e1 aos participantes as ferramentas necess\u00e1rias para sair da informalidade, agregar valor aos produtos e servi\u00e7os, conhecer e ter acesso a direitos fundamentais no mercado de trabalho.\u00a0<\/p>\n<p>A formaliza\u00e7\u00e3o dos neg\u00f3cios permitir\u00e1 aos microempreendedores acesso a linhas de cr\u00e9dito, benef\u00edcios previdenci\u00e1rios e a possibilidade de participar de licita\u00e7\u00f5es p\u00fablicas.\u00a0<\/p>\n<p>Coordenadora geral do projeto, Veranilda Lodes Moura explica\u00a0as possibilidades que a nova parceria leva para os estudantes.\u00a0<\/p>\n<p>\u201c\u00c9 um trabalho conjunto na disponibilidade do curso do Micro Empreendedor Individual (MEI), para a capacita\u00e7\u00e3o de 420 estudantes, prioritariamente matriculados na Fucam. Este curso trabalha a formalidade do microempreendedor individual, possibilitando aos alunos o conhecimento de como formalizar o seu pr\u00f3prio neg\u00f3cio, como profissionais qualificados&#8221;.<\/p>\n<p><strong>Mercado<\/strong><\/p>\n<p>A formaliza\u00e7\u00e3o dos neg\u00f3cios n\u00e3o s\u00f3 contribui para o aumento da arrecada\u00e7\u00e3o de impostos, que podem ser revertidos em melhorias para a pr\u00f3pria comunidade, mas tamb\u00e9m promove a inclus\u00e3o social e econ\u00f4mica, transformando a realidade de centenas de fam\u00edlias.\u00a0<\/p>\n<p>O IFNMG \u00e9 institui\u00e7\u00e3o p\u00fablica que oferece, gratuitamente, cursos t\u00e9cnicos, superiores e de forma\u00e7\u00e3o em v\u00e1rias \u00e1reas, n\u00edveis e modalidades nas regi\u00f5es Norte e Nordeste de Minas e Vales do Jequitinhonha e Mucuri.\u00a0<\/p>\n<p>Os campus est\u00e3o localizados em Almenara, Ara\u00e7ua\u00ed, Arinos, Diamantina, Jana\u00faba, Janu\u00e1ria, Montes Claros, Pirapora, Porteirinha, Salinas, Te\u00f3filo Otoni e Quilombo Minas Novas.\u00a0<\/p>\n<\/p><\/div>\n","protected":false},"excerpt":{"rendered":"<p>A Funda\u00e7\u00e3o Educacional Caio Martins (Fucam) e o Instituto Federal de Educa\u00e7\u00e3o, Ci\u00eancia e Tecnologia&#8230;<\/p>\n","protected":false},"author":2,"featured_media":0,"comment_status":"open","ping_status":"open","sticky":false,"template":"","format":"standard","meta":{"footnotes":""},"categories":[],"tags":[],"class_list":["post-12015","post","type-post","status-publish","format-standard","hentry"],"amp_enabled":true,"_links":{"self":[{"href":"https:\/\/ipatingafc.com.br\/index.php\/wp-json\/wp\/v2\/posts\/12015","targetHints":{"allow":["GET"]}}],"collection":[{"href":"https:\/\/ipatingafc.com.br\/index.php\/wp-json\/wp\/v2\/posts"}],"about":[{"href":"https:\/\/ipatingafc.com.br\/index.php\/wp-json\/wp\/v2\/types\/post"}],"author":[{"embeddable":true,"href":"https:\/\/ipatingafc.com.br\/index.php\/wp-json\/wp\/v2\/users\/2"}],"replies":[{"embeddable":true,"href":"https:\/\/ipatingafc.com.br\/index.php\/wp-json\/wp\/v2\/comments?post=12015"}],"version-history":[{"count":0,"href":"https:\/\/ipatingafc.com.br\/index.php\/wp-json\/wp\/v2\/posts\/12015\/revisions"}],"wp:attachment":[{"href":"https:\/\/ipatingafc.com.br\/index.php\/wp-json\/wp\/v2\/media?parent=12015"}],"wp:term":[{"taxonomy":"category","embeddable":true,"href":"https:\/\/ipatingafc.com.br\/index.php\/wp-json\/wp\/v2\/categories?post=12015"},{"taxonomy":"post_tag","embeddable":true,"href":"https:\/\/ipatingafc.com.br\/index.php\/wp-json\/wp\/v2\/tags?post=12015"}],"curies":[{"name":"wp","href":"https:\/\/api.w.org\/{rel}","templated":true}]}}