{"id":12016,"date":"2024-07-19T06:39:36","date_gmt":"2024-07-19T09:39:36","guid":{"rendered":"https:\/\/ipatingafc.com.br\/index.php\/2024\/07\/19\/esperanca-de-que-existe-futuro-diz-paciente-de-reabilitacao-visual\/"},"modified":"2024-07-19T06:39:36","modified_gmt":"2024-07-19T09:39:36","slug":"esperanca-de-que-existe-futuro-diz-paciente-de-reabilitacao-visual","status":"publish","type":"post","link":"https:\/\/ipatingafc.com.br\/index.php\/2024\/07\/19\/esperanca-de-que-existe-futuro-diz-paciente-de-reabilitacao-visual\/","title":{"rendered":"&#8216;Esperan\u00e7a de que existe futuro&#8217;, diz paciente de reabilita\u00e7\u00e3o visual"},"content":{"rendered":"<p><\/p>\n<div id=\"\">&#13;<\/p>\n<figure id=\"attachment_5918543\" style=\"width: 100%;max-width: 1024px\" class=\"wp-caption alignnone\"><img decoding=\"async\" loading=\"lazy\" class=\"wp-image-5918543 size-large\" src=\"https:\/\/www.saopaulo.sp.gov.br\/wp-content\/uploads\/2024\/07\/div_gov_estado-1-1024x683.jpg\" alt=\"\" width=\"1024\" height=\"683\" srcset=\"https:\/\/www.saopaulo.sp.gov.br\/wp-content\/uploads\/2024\/07\/div_gov_estado-1-1024x683.jpg 1024w, https:\/\/www.saopaulo.sp.gov.br\/wp-content\/uploads\/2024\/07\/div_gov_estado-1-300x200.jpg 300w, https:\/\/www.saopaulo.sp.gov.br\/wp-content\/uploads\/2024\/07\/div_gov_estado-1-768x512.jpg 768w, https:\/\/www.saopaulo.sp.gov.br\/wp-content\/uploads\/2024\/07\/div_gov_estado-1-1536x1024.jpg 1536w, https:\/\/www.saopaulo.sp.gov.br\/wp-content\/uploads\/2024\/07\/div_gov_estado-1-2048x1365.jpg 2048w\" sizes=\"auto, (max-width: 1024px) 100vw, 1024px\"\/><figcaption class=\"wp-caption-text\">Servi\u00e7o de Reabilita\u00e7\u00e3o Lucy Montoro de Diadema<\/figcaption><\/figure>\n<p>O Servi\u00e7o de Reabilita\u00e7\u00e3o Lucy Montoro de Diadema \u00e9 uma unidade da Secretaria de Estado da Sa\u00fade de S\u00e3o Paulo (SES-SP) gerenciada pela Funda\u00e7\u00e3o ABC e se destaca pelo seu programa de reabilita\u00e7\u00e3o visual. O programa inclui o ensino do sistema braille de leitura e o uso de tecnologias de ponta, essenciais para a qualidade de vida dos pacientes com defici\u00eancia visual. Inaugurada em 2021, a unidade atende atualmente 338 pacientes, dos quais 16 est\u00e3o sendo atendidos no programa de reabilita\u00e7\u00e3o visual.<\/p>\n<p>O espa\u00e7o conta com um ambiente adaptado para os treinamentos necess\u00e1rios durante o processo de reabilita\u00e7\u00e3o como \u00f3culos especializados, lupas de alta precis\u00e3o, lentes adaptativas, telesc\u00f3pios para uso pessoal e bengalas de mobilidade. Cada um desses dispositivos \u00e9 escolhido com base nas necessidades espec\u00edficas do paciente, garantindo um atendimento individualizado e eficaz.<\/p>\n<p>Acometida por um glaucoma causado por diabetes descompensada, a assistente de departamento pessoal, Jucelia Vit\u00f3ria da Rocha, de 49 anos, iniciou o processo de reabilita\u00e7\u00e3o na unidade h\u00e1 dois meses com perda da vis\u00e3o no olho esquerdo e perda proporcional no olho direito.<\/p>\n<p>Apesar do tratamento ser recente, Jucelia diz sentir mais \u00e2nimo e for\u00e7as para seguir em busca de melhora. Semanalmente, ela vai at\u00e9 a unidade para realizar a reabilita\u00e7\u00e3o visual e testa algumas lentes oculares que a auxiliam em atividades b\u00e1sicas do dia a dia, desde leituras at\u00e9 o deslocamento da casa para o trabalho ou para o Lucy.<\/p>\n<p>Como parte do tratamento, Jucelia tamb\u00e9m participa do treinamento para mobilidade que ensina o paciente a se deslocar com seguran\u00e7a. \u201cIsso tem me dado bastante confian\u00e7a para que eu possa andar sozinha, com mais liberdade e sentindo menos inc\u00f4modo ao caminhar. Tamb\u00e9m estou em adapta\u00e7\u00e3o de lentes pr\u00f3prias para que eu possa fazer pequenas leituras. Tudo isso me traz dignidade e n\u00e3o me deixa totalmente ociosa\u201d, afirma.<\/p>\n<figure id=\"attachment_5918545\" style=\"width: 100%;max-width: 1024px\" class=\"wp-caption alignnone\"><img decoding=\"async\" loading=\"lazy\" class=\"wp-image-5918545 size-large\" src=\"https:\/\/www.saopaulo.sp.gov.br\/wp-content\/uploads\/2024\/07\/div_gov_estado-8-1024x683.jpg\" alt=\"\" width=\"1024\" height=\"683\" srcset=\"https:\/\/www.saopaulo.sp.gov.br\/wp-content\/uploads\/2024\/07\/div_gov_estado-8-1024x683.jpg 1024w, https:\/\/www.saopaulo.sp.gov.br\/wp-content\/uploads\/2024\/07\/div_gov_estado-8-300x200.jpg 300w, https:\/\/www.saopaulo.sp.gov.br\/wp-content\/uploads\/2024\/07\/div_gov_estado-8-768x512.jpg 768w, https:\/\/www.saopaulo.sp.gov.br\/wp-content\/uploads\/2024\/07\/div_gov_estado-8-1536x1024.jpg 1536w, https:\/\/www.saopaulo.sp.gov.br\/wp-content\/uploads\/2024\/07\/div_gov_estado-8-2048x1365.jpg 2048w\" sizes=\"auto, (max-width: 1024px) 100vw, 1024px\"\/><figcaption class=\"wp-caption-text\">Servi\u00e7o de Reabilita\u00e7\u00e3o Lucy Montoro de Diadema<\/figcaption><\/figure>\n<p>O processo de reabilita\u00e7\u00e3o visual inicia-se com o acolhimento do paciente pelo oftalmologista, assistente social e psic\u00f3logo para avaliar se o paciente atende aos crit\u00e9rios necess\u00e1rios para o tratamento. Ap\u00f3s as consultas, o m\u00e9dico qualifica o tipo de perda visual como baixa vis\u00e3o ou cegueira, prescrevendo as orienta\u00e7\u00f5es necess\u00e1rias para cada caso.<\/p>\n<p>Para iniciar o tratamento, Jucelia passou por avalia\u00e7\u00f5es em uma Unidade de Pronto Atendimento (UPA) pr\u00f3xima a Santo Andr\u00e9, regi\u00e3o onde reside, e ap\u00f3s as an\u00e1lises, o m\u00e9dico solicitou o encaminhamento para reabilita\u00e7\u00e3o. A assistente conta ter sido bem assistida desde o in\u00edcio. \u201cDesde as meninas da recep\u00e7\u00e3o at\u00e9 a enfermagem, o acolhimento dos profissionais tem sido maravilhoso. Eles s\u00e3o treinados n\u00e3o s\u00f3 para nos auxiliar em rela\u00e7\u00e3o \u00e0 doen\u00e7a, mas tamb\u00e9m quanto ao nosso emocional. Por isso, tem me dado prazer em me deslocar da minha casa porque sei que l\u00e1 vou passar momentos gostosos de companheirismo e amizade\u201d.<\/p>\n<p>Ap\u00f3s a indica\u00e7\u00e3o m\u00e9dica, os pacientes passam por um treinamento especializado, conduzido por um ortoptista e\/ou um terapeuta de orienta\u00e7\u00e3o em mobilidade. \u201cO treinamento \u00e9 crucial para garantir o uso correto dos recursos, maximizando os benef\u00edcios das tecnologias no seu dia a dia\u201d, destaca a diretora geral do Lucy Diadema, Marina Daminato.<\/p>\n<p>Jucelia observa o programa de reabilita\u00e7\u00e3o como um divisor de \u00e1guas em sua vida, trazendo mais autoconfian\u00e7a e esperan\u00e7a. \u201cQuando chego ao Lucy, fico feliz em ver tantas pessoas sendo assistidas e que est\u00e3o tendo a oportunidade de um recome\u00e7o. Isso traz vida e a esperan\u00e7a de que ainda existe futuro, independente da situa\u00e7\u00e3o que estejamos\u201d.<\/p>\n<figure id=\"attachment_5918546\" style=\"width: 100%;max-width: 1024px\" class=\"wp-caption alignnone\"><img decoding=\"async\" loading=\"lazy\" class=\"wp-image-5918546 size-large\" src=\"https:\/\/www.saopaulo.sp.gov.br\/wp-content\/uploads\/2024\/07\/div_fuabc-2-1024x768.jpg\" alt=\"\" width=\"1024\" height=\"768\" srcset=\"https:\/\/www.saopaulo.sp.gov.br\/wp-content\/uploads\/2024\/07\/div_fuabc-2-1024x768.jpg 1024w, https:\/\/www.saopaulo.sp.gov.br\/wp-content\/uploads\/2024\/07\/div_fuabc-2-300x225.jpg 300w, https:\/\/www.saopaulo.sp.gov.br\/wp-content\/uploads\/2024\/07\/div_fuabc-2-768x576.jpg 768w, https:\/\/www.saopaulo.sp.gov.br\/wp-content\/uploads\/2024\/07\/div_fuabc-2-1536x1152.jpg 1536w, https:\/\/www.saopaulo.sp.gov.br\/wp-content\/uploads\/2024\/07\/div_fuabc-2-2048x1536.jpg 2048w\" sizes=\"auto, (max-width: 1024px) 100vw, 1024px\"\/><figcaption class=\"wp-caption-text\">Servi\u00e7o de Reabilita\u00e7\u00e3o Lucy Montoro de Diadema<\/figcaption><\/figure>\n<h2>Como ter acesso ao servi\u00e7o?<\/h2>\n<p>A SES destaca que as Unidades B\u00e1sicas de Sa\u00fade (UBSs) s\u00e3o a porta de entrada para iniciar o tratamento oftalmol\u00f3gico no Sistema \u00danico de Sa\u00fade (SUS).<\/p>\n<p>Ap\u00f3s a primeira consulta na aten\u00e7\u00e3o b\u00e1sica, o paciente ser\u00e1 encaminhado para servi\u00e7os especializados em oftalmologia do Estado ou do pr\u00f3prio munic\u00edpio, dependendo do grau de complexidade de seu quadro cl\u00ednico.<br \/>Nos Ambulat\u00f3rios M\u00e9dicos de Especialidades (AME) ou nos servi\u00e7os municipais de oftalmologia, o paciente passa pelo atendimento e caso tenha o diagn\u00f3stico que constate a irreversibilidade do quadro com baixa vis\u00e3o ou cegueira, o indiv\u00edduo pode ser encaminhado para o Servi\u00e7o de Reabilita\u00e7\u00e3o Lucy Montoro Diadema, que oferece diversos atendimentos especializados em reabilita\u00e7\u00e3o f\u00edsica\/motora e visual, destinados a proporcionar um cuidado integral e de qualidade aos pacientes.<\/p>\n<h2>Servi\u00e7o de Reabilita\u00e7\u00e3o Lucy Montoro de Diadema<\/h2>\n<p>A unidade oferece uma ampla gama de servi\u00e7os especializados em reabilita\u00e7\u00e3o f\u00edsica e visual, destinados a proporcionar um cuidado integral e de qualidade aos pacientes. Entre os servi\u00e7os dispon\u00edveis, destacam-se fisiatria, oftalmologia, fisioterapia, terapia ocupacional, psicologia, assist\u00eancia social, enfermagem, fonoaudiologia, nutri\u00e7\u00e3o, condicionamento f\u00edsico, orienta\u00e7\u00e3o em mobilidade, ort\u00f3ptica, oficinas terap\u00eauticas e pedag\u00f3gicas.<\/p>\n<\/p><\/div>\n","protected":false},"excerpt":{"rendered":"<p>&#13; Servi\u00e7o de Reabilita\u00e7\u00e3o Lucy Montoro de Diadema O Servi\u00e7o de Reabilita\u00e7\u00e3o Lucy Montoro de&#8230;<\/p>\n","protected":false},"author":2,"featured_media":0,"comment_status":"open","ping_status":"open","sticky":false,"template":"","format":"standard","meta":{"footnotes":""},"categories":[],"tags":[],"class_list":["post-12016","post","type-post","status-publish","format-standard","hentry"],"amp_enabled":true,"_links":{"self":[{"href":"https:\/\/ipatingafc.com.br\/index.php\/wp-json\/wp\/v2\/posts\/12016","targetHints":{"allow":["GET"]}}],"collection":[{"href":"https:\/\/ipatingafc.com.br\/index.php\/wp-json\/wp\/v2\/posts"}],"about":[{"href":"https:\/\/ipatingafc.com.br\/index.php\/wp-json\/wp\/v2\/types\/post"}],"author":[{"embeddable":true,"href":"https:\/\/ipatingafc.com.br\/index.php\/wp-json\/wp\/v2\/users\/2"}],"replies":[{"embeddable":true,"href":"https:\/\/ipatingafc.com.br\/index.php\/wp-json\/wp\/v2\/comments?post=12016"}],"version-history":[{"count":0,"href":"https:\/\/ipatingafc.com.br\/index.php\/wp-json\/wp\/v2\/posts\/12016\/revisions"}],"wp:attachment":[{"href":"https:\/\/ipatingafc.com.br\/index.php\/wp-json\/wp\/v2\/media?parent=12016"}],"wp:term":[{"taxonomy":"category","embeddable":true,"href":"https:\/\/ipatingafc.com.br\/index.php\/wp-json\/wp\/v2\/categories?post=12016"},{"taxonomy":"post_tag","embeddable":true,"href":"https:\/\/ipatingafc.com.br\/index.php\/wp-json\/wp\/v2\/tags?post=12016"}],"curies":[{"name":"wp","href":"https:\/\/api.w.org\/{rel}","templated":true}]}}