{"id":12036,"date":"2024-07-19T17:39:26","date_gmt":"2024-07-19T20:39:26","guid":{"rendered":"https:\/\/ipatingafc.com.br\/index.php\/2024\/07\/19\/agencia-minas-gerais-recesso-escolar-da-rede-estadual-comeca-na-proxima-segunda-feira-22-7-em-minas\/"},"modified":"2024-07-19T17:39:26","modified_gmt":"2024-07-19T20:39:26","slug":"agencia-minas-gerais-recesso-escolar-da-rede-estadual-comeca-na-proxima-segunda-feira-22-7-em-minas","status":"publish","type":"post","link":"https:\/\/ipatingafc.com.br\/index.php\/2024\/07\/19\/agencia-minas-gerais-recesso-escolar-da-rede-estadual-comeca-na-proxima-segunda-feira-22-7-em-minas\/","title":{"rendered":"Ag\u00eancia Minas Gerais | Recesso escolar da rede estadual come\u00e7a na pr\u00f3xima segunda-feira (22\/7) em Minas"},"content":{"rendered":"<p><\/p>\n<div>\n<p>A partir de segunda-feira (22\/7), os estudantes e servidores da rede estadual de ensino poder\u00e3o desfrutar de um merecido per\u00edodo de descanso antes do in\u00edcio do segundo semestre letivo de 2024.<\/p>\n<p>O recesso, que segue o Calend\u00e1rio Escolar 2024 da Secretaria de Estado de Educa\u00e7\u00e3o de Minas Gerais (SEE\/MG), oferece uma oportunidade para que todos possam recarregar as energias ap\u00f3s um primeiro semestre intenso e se prepararem para os desafios.<\/p>\n<p>A pausa nas atividades \u00e9 essencial, conforme destaca o superintendente de Regula\u00e7\u00e3o e Inspe\u00e7\u00e3o Escolar da SEE\/MG, Paulo Leandro. \u201cEsse per\u00edodo de descanso, fora da sala de aula, \u00e9 fundamental porque pode oferecer benef\u00edcios para o desenvolvimento cognitivo, emocional e social dos estudantes. Sendo um deles o pr\u00f3prio conv\u00edvio com a fam\u00edlia e os amigos\u201d, afirma.<\/p>\n<p>\u201cPara os profissionais do magist\u00e9rio, o recesso \u00e9 um per\u00edodo importante para se desconectar do ambiente de trabalho, recarregar as energias e tamb\u00e9m cuidar da pr\u00f3pria sa\u00fade mental e bem estar\u201d, completa o superintendente, ao falar da import\u00e2ncia do per\u00edodo de f\u00e9rias para os servidores da Educa\u00e7\u00e3o.<\/p>\n<p>As aulas ser\u00e3o retomadas no dia 5\/8, dando in\u00edcio ao segundo semestre. Outro per\u00edodo de recesso est\u00e1 previsto entre os dias 14 e 18\/10, enquanto o encerramento do ano letivo est\u00e1 marcado para o dia 16\/12.<\/p>\n<p><strong>Lazer com cultura<\/strong><\/p>\n<p>Al\u00e9m do descanso, as f\u00e9rias escolares tamb\u00e9m s\u00e3o uma oportunidade para aproveitar a diversificada programa\u00e7\u00e3o cultural oferecida em todo o estado.<\/p>\n<p>Em Belo Horizonte, por exemplo, os equipamentos do complexo cultural do Governo de Minas, sob gest\u00e3o da Secretaria de Estado de Cultura e Turismo de Minas Gerais (Secult-MG), oferecem uma vasta programa\u00e7\u00e3o, grande parte dela gratuita.<\/p>\n<p>A programa\u00e7\u00e3o completa, organizada por local, est\u00e1 dispon\u00edvel neste link.<\/p>\n<p>\u00a0<\/p>\n<\/p><\/div>\n","protected":false},"excerpt":{"rendered":"<p>A partir de segunda-feira (22\/7), os estudantes e servidores da rede estadual de ensino poder\u00e3o&#8230;<\/p>\n","protected":false},"author":2,"featured_media":0,"comment_status":"open","ping_status":"open","sticky":false,"template":"","format":"standard","meta":{"footnotes":""},"categories":[],"tags":[],"class_list":["post-12036","post","type-post","status-publish","format-standard","hentry"],"amp_enabled":true,"_links":{"self":[{"href":"https:\/\/ipatingafc.com.br\/index.php\/wp-json\/wp\/v2\/posts\/12036","targetHints":{"allow":["GET"]}}],"collection":[{"href":"https:\/\/ipatingafc.com.br\/index.php\/wp-json\/wp\/v2\/posts"}],"about":[{"href":"https:\/\/ipatingafc.com.br\/index.php\/wp-json\/wp\/v2\/types\/post"}],"author":[{"embeddable":true,"href":"https:\/\/ipatingafc.com.br\/index.php\/wp-json\/wp\/v2\/users\/2"}],"replies":[{"embeddable":true,"href":"https:\/\/ipatingafc.com.br\/index.php\/wp-json\/wp\/v2\/comments?post=12036"}],"version-history":[{"count":0,"href":"https:\/\/ipatingafc.com.br\/index.php\/wp-json\/wp\/v2\/posts\/12036\/revisions"}],"wp:attachment":[{"href":"https:\/\/ipatingafc.com.br\/index.php\/wp-json\/wp\/v2\/media?parent=12036"}],"wp:term":[{"taxonomy":"category","embeddable":true,"href":"https:\/\/ipatingafc.com.br\/index.php\/wp-json\/wp\/v2\/categories?post=12036"},{"taxonomy":"post_tag","embeddable":true,"href":"https:\/\/ipatingafc.com.br\/index.php\/wp-json\/wp\/v2\/tags?post=12036"}],"curies":[{"name":"wp","href":"https:\/\/api.w.org\/{rel}","templated":true}]}}