{"id":12038,"date":"2024-07-19T20:01:43","date_gmt":"2024-07-19T23:01:43","guid":{"rendered":"https:\/\/ipatingafc.com.br\/index.php\/2024\/07\/19\/agencia-minas-gerais-cemig-conquista-selo-ouro-em-programa-brasileiro-que-certifica-acoes-de-sustentabilidade-empresarial\/"},"modified":"2024-07-19T20:01:43","modified_gmt":"2024-07-19T23:01:43","slug":"agencia-minas-gerais-cemig-conquista-selo-ouro-em-programa-brasileiro-que-certifica-acoes-de-sustentabilidade-empresarial","status":"publish","type":"post","link":"https:\/\/ipatingafc.com.br\/index.php\/2024\/07\/19\/agencia-minas-gerais-cemig-conquista-selo-ouro-em-programa-brasileiro-que-certifica-acoes-de-sustentabilidade-empresarial\/","title":{"rendered":"Ag\u00eancia Minas Gerais | Cemig conquista Selo Ouro em programa brasileiro que certifica a\u00e7\u00f5es de sustentabilidade empresarial"},"content":{"rendered":"<p><\/p>\n<div>\n<p>Refer\u00eancia em sustentabilidade no setor el\u00e9trico, a Companhia Energ\u00e9tica de Minas Gerais (Cemig) conquistou mais um reconhecimento pela sua atua\u00e7\u00e3o em defesa do meio ambiente.<\/p>\n<p>A Cemig recebeu o Selo Ouro do Programa Brasileiro GHG Protocol, principal instrumento usado no pa\u00eds para quantificar as emiss\u00f5es de gases de efeito estufa (GEE) de uma organiza\u00e7\u00e3o.<\/p>\n<p>A certifica\u00e7\u00e3o corresponde ao n\u00edvel mais alto de qualifica\u00e7\u00e3o do programa, concedida \u00e0s empresas que demonstraram o atendimento de todos os crit\u00e9rios de completude e transpar\u00eancia na publica\u00e7\u00e3o de seu invent\u00e1rio de GEE.<\/p>\n<p>A iniciativa foi criada em 2008 para estimular a cultura corporativa de invent\u00e1rio de emiss\u00f5es de GEE no Brasil, estabelecendo uma agenda de enfrentamento \u00e0s mudan\u00e7as clim\u00e1ticas nas organiza\u00e7\u00f5es e proporcionando instrumentos e padr\u00f5es de qualidade internacional para a contabiliza\u00e7\u00e3o dessas emiss\u00f5es.<\/p>\n<p>A Cemig foi inscrita no programa em 2023 e, logo no primeiro ano de participa\u00e7\u00e3o, conquistou a melhor qualifica\u00e7\u00e3o que pode ser concedida. \u201c\u00c9 a primeira vez que a Cemig tem os dados de emiss\u00e3o relatados na Plataforma de Registro P\u00fablico e conseguimos obter o n\u00edvel m\u00e1ximo de reconhecimento concedido \u00e0s empresas que apresentam seus dados de emiss\u00e3o de forma completa, e verificado por terceira parte\u201d, explica o gerente de Sustentabilidade da companhia, Adi\u00e9liton Galv\u00e3o.<\/p>\n<p>\u201c\u00c9 o reconhecimento dos esfor\u00e7os da companhia na promo\u00e7\u00e3o de a\u00e7\u00f5es sustent\u00e1veis que dialogam com o tema da transi\u00e7\u00e3o energ\u00e9tica e valoriza o compromisso da empresa com a ado\u00e7\u00e3o de medidas que v\u00e3o impactar positivamente no meio ambiente\u201d, comenta Adi\u00e9liton Galv\u00e3o.<\/p>\n<p>O gerente de Sustentabilidade da Cemig frisa os benef\u00edcios desta publica\u00e7\u00e3o para a sociedade. \u201cA divulga\u00e7\u00e3o de forma transparente dos invent\u00e1rios corporativos de emiss\u00f5es de GEE das organiza\u00e7\u00f5es participantes permite que o p\u00fablico tenha acesso aos dados e, de forma did\u00e1tica, utilize a ferramenta para analisar o que cada organiza\u00e7\u00e3o est\u00e1 fazendo dentro desta tem\u00e1tica\u201d.<\/p>\n<p><strong>Compromissos clim\u00e1ticos<\/strong><\/p>\n<p>A Cemig vem se empenhando no monitoramento de indicadores pertinentes, de maneira a priorizar iniciativas alinhadas a um futuro de baixo carbono. Assim, a empresa busca identificar as principais fontes de emiss\u00e3o dos gases de efeito estufa para a elabora\u00e7\u00e3o de estrat\u00e9gias e a implanta\u00e7\u00e3o de iniciativas que dialoguem com as pr\u00e1ticas sustent\u00e1veis.<\/p>\n<p>A companhia aderiu ao Movimento Ambi\u00e7\u00e3o Net Zero,\u00a0do Pacto Global da Organiza\u00e7\u00e3o das Na\u00e7\u00f5es Unidas (ONU), e segue adotando medidas inovadoras para reduzir as emiss\u00f5es de gases de efeito estufa e zerar as emiss\u00f5es l\u00edquidas de carbono at\u00e9 2040.<\/p>\n<p><strong>Sobre o programa<\/strong><\/p>\n<p>O GHG Protocol \u00e9 um pacote de padr\u00f5es, orienta\u00e7\u00f5es, ferramentas e treinamentos para que empresas, organiza\u00e7\u00f5es e governos mensurem e gerenciem as emiss\u00f5es de gases de efeito estufa respons\u00e1veis pelo aquecimento global.<\/p>\n<p>O Programa Brasileiro GHG Protocol \u00e9 respons\u00e1vel pela adapta\u00e7\u00e3o do m\u00e9todo GHG Protocol ao contexto brasileiro, e ao desenvolvimento de ferramentas de c\u00e1lculo para estimativas de emiss\u00f5es de gases do efeito estufa (GEE).<\/p>\n<p>O projeto foi desenvolvido pelo Centro de Estudos em Sustentabilidade da Funda\u00e7\u00e3o Get\u00falio Vargas (FGVces) e o World Resources Institute (WRI), em parceria com o Minist\u00e9rio do Meio Ambiente e Mudan\u00e7a do Clima (MMA), Conselho Empresarial Brasileiro para o Desenvolvimento Sustent\u00e1vel (CEBDS), World Business Council for Sustainable Development (WBSCD) e 27 empresas.<\/p>\n<p>\u00a0<\/p>\n<\/p><\/div>\n","protected":false},"excerpt":{"rendered":"<p>Refer\u00eancia em sustentabilidade no setor el\u00e9trico, a Companhia Energ\u00e9tica de Minas Gerais (Cemig) conquistou mais&#8230;<\/p>\n","protected":false},"author":2,"featured_media":0,"comment_status":"open","ping_status":"open","sticky":false,"template":"","format":"standard","meta":{"footnotes":""},"categories":[],"tags":[],"class_list":["post-12038","post","type-post","status-publish","format-standard","hentry"],"amp_enabled":true,"_links":{"self":[{"href":"https:\/\/ipatingafc.com.br\/index.php\/wp-json\/wp\/v2\/posts\/12038","targetHints":{"allow":["GET"]}}],"collection":[{"href":"https:\/\/ipatingafc.com.br\/index.php\/wp-json\/wp\/v2\/posts"}],"about":[{"href":"https:\/\/ipatingafc.com.br\/index.php\/wp-json\/wp\/v2\/types\/post"}],"author":[{"embeddable":true,"href":"https:\/\/ipatingafc.com.br\/index.php\/wp-json\/wp\/v2\/users\/2"}],"replies":[{"embeddable":true,"href":"https:\/\/ipatingafc.com.br\/index.php\/wp-json\/wp\/v2\/comments?post=12038"}],"version-history":[{"count":0,"href":"https:\/\/ipatingafc.com.br\/index.php\/wp-json\/wp\/v2\/posts\/12038\/revisions"}],"wp:attachment":[{"href":"https:\/\/ipatingafc.com.br\/index.php\/wp-json\/wp\/v2\/media?parent=12038"}],"wp:term":[{"taxonomy":"category","embeddable":true,"href":"https:\/\/ipatingafc.com.br\/index.php\/wp-json\/wp\/v2\/categories?post=12038"},{"taxonomy":"post_tag","embeddable":true,"href":"https:\/\/ipatingafc.com.br\/index.php\/wp-json\/wp\/v2\/tags?post=12038"}],"curies":[{"name":"wp","href":"https:\/\/api.w.org\/{rel}","templated":true}]}}