{"id":12051,"date":"2024-07-20T08:35:57","date_gmt":"2024-07-20T11:35:57","guid":{"rendered":"https:\/\/ipatingafc.com.br\/index.php\/2024\/07\/20\/confira-museus-do-governo-de-sp-com-entrada-gratuita\/"},"modified":"2024-07-20T08:35:57","modified_gmt":"2024-07-20T11:35:57","slug":"confira-museus-do-governo-de-sp-com-entrada-gratuita","status":"publish","type":"post","link":"https:\/\/ipatingafc.com.br\/index.php\/2024\/07\/20\/confira-museus-do-governo-de-sp-com-entrada-gratuita\/","title":{"rendered":"confira museus do Governo de SP com entrada gratuita"},"content":{"rendered":"<p><\/p>\n<div id=\"\">&#13;<br \/>\n                                <!-- Title -->&#13;<br \/>\n                                &#13;<br \/>\n&#13;<br \/>\n                                <!-- Excerpt -->&#13;<\/p>\n<p class=\"excerpt\">Al\u00e9m de os espa\u00e7os culturais terem entrada franca em dias espec\u00edficos, h\u00e1 grupos que contam com a gratuidade todos os dias da semana<\/p>\n<p>&#13;<br \/>\n&#13;<br \/>\n                                &#13;\n                            <\/p><\/div>\n<div id=\"\">&#13;<\/p>\n<figure id=\"attachment_5917684\" style=\"width: 100%;max-width: 1024px\" class=\"wp-caption alignnone\"><img decoding=\"async\" loading=\"lazy\" class=\"wp-image-5917684 size-large\" src=\"https:\/\/www.saopaulo.sp.gov.br\/wp-content\/uploads\/2024\/07\/PinaFamilia_09ABR17_byChristinaRufatto-27-em-baixa-1-1024x683.jpg\" alt=\"\" width=\"1024\" height=\"683\" srcset=\"https:\/\/www.saopaulo.sp.gov.br\/wp-content\/uploads\/2024\/07\/PinaFamilia_09ABR17_byChristinaRufatto-27-em-baixa-1-1024x683.jpg 1024w, https:\/\/www.saopaulo.sp.gov.br\/wp-content\/uploads\/2024\/07\/PinaFamilia_09ABR17_byChristinaRufatto-27-em-baixa-1-300x200.jpg 300w, https:\/\/www.saopaulo.sp.gov.br\/wp-content\/uploads\/2024\/07\/PinaFamilia_09ABR17_byChristinaRufatto-27-em-baixa-1-768x512.jpg 768w, https:\/\/www.saopaulo.sp.gov.br\/wp-content\/uploads\/2024\/07\/PinaFamilia_09ABR17_byChristinaRufatto-27-em-baixa-1-1536x1025.jpg 1536w, https:\/\/www.saopaulo.sp.gov.br\/wp-content\/uploads\/2024\/07\/PinaFamilia_09ABR17_byChristinaRufatto-27-em-baixa-1.jpg 1800w\" sizes=\"auto, (max-width: 1024px) 100vw, 1024px\"\/><figcaption class=\"wp-caption-text\">Pinacoteca de S\u00e3o Paulo recebe visitantes<\/figcaption><\/figure>\n<p>Todos os museus pertencentes \u00e0 Secretaria da Cultura, Economia e Ind\u00fastria Criativas do Estado de S\u00e3o Paulo t\u00eam dias gratuitos para toda a popula\u00e7\u00e3o. Al\u00e9m disso, h\u00e1 grupos espec\u00edficos que t\u00eam direito ao benef\u00edcio todos os dias da semana. Trata-se de uma \u00f3tima op\u00e7\u00e3o para crian\u00e7as e adultos, principalmente no m\u00eas de julho, per\u00edodo de f\u00e9rias escolares.<\/p>\n<h2>Veja abaixo os dias em que os museus do Governo de S\u00e3o Paulo t\u00eam entrada franca:<\/h2>\n<h3>GR\u00c1TIS \u00c0S TER\u00c7AS<\/h3>\n<p>Museu Catavento \u2013\u00a0site<\/p>\n<p>Museu da Imagem e do Som (MIS) \u2013\u00a0site<\/p>\n<p>Mis Experience \u2013\u00a0site<\/p>\n<p>Museu do Futebol \u2013\u00a0site<\/p>\n<h3>GR\u00c1TIS \u00c0S QUARTAS<\/h3>\n<p>Museu Afro Brasil Emanoel Araujo \u2013\u00a0site<\/p>\n<h3>GR\u00c1TIS \u00c0S QUINTAS<\/h3>\n<p>Museu das Culturas Ind\u00edgenas \u2013\u00a0site<\/p>\n<h3>GR\u00c1TIS AOS S\u00c1BADOS<\/h3>\n<p>Pinacoteca Luz \u2013\u00a0site<\/p>\n<p>Pina Contempor\u00e2nea \u2013\u00a0site<\/p>\n<p>Museu da Imigra\u00e7\u00e3o \u2013\u00a0site<\/p>\n<p>Museu de Arte Sacra \u2013\u00a0site<\/p>\n<p>Museu da L\u00edngua Portuguesa \u2013\u00a0site<\/p>\n<p>Museu do Caf\u00e9 (Santos) \u2013\u00a0site<\/p>\n<h3>GR\u00c1TIS AOS DOMINGOS<\/h3>\n<p>Museu Fel\u00edcia Leirner (Campos do Jord\u00e3o) \u2013\u00a0site<\/p>\n<h3>SEMPRE GR\u00c1TIS<\/h3>\n<p>Casa das Rosas\u00a0 \u2013\u00a0site<\/p>\n<p>Casa Guilherme de Almeida \u2013\u00a0site<\/p>\n<p>Casa M\u00e1rio de Andrade\u00a0 \u2013\u00a0site<\/p>\n<p>Memorial da Am\u00e9rica Latina \u2013\u00a0site<\/p>\n<p>Memorial da Resist\u00eancia \u2013\u00a0site<\/p>\n<p>Museu da Diversidade Sexual \u2013\u00a0site<\/p>\n<p>Pinacoteca Esta\u00e7\u00e3o \u2013\u00a0site<\/p>\n<p>Pa\u00e7o das Artes \u2013\u00a0site<\/p>\n<p>Museu Casa de Portinari (Brodowski) \u2013\u00a0site<\/p>\n<p>Museu \u00cdndia Vanu\u00edre (Tup\u00e3) \u2013\u00a0site<\/p>\n<p>Museu das Favelas \u2013\u00a0site<\/p>\n<p>Com essa iniciativa, \u00e9 poss\u00edvel que pessoas de diferentes realidades tenham a chance de acessar \u00e0s riquezas culturais que S\u00e3o Paulo tem a oferecer. Assim, as portas da cultura s\u00e3o abertas para todos, promovendo tamb\u00e9m a diversidade, o di\u00e1logo e a compreens\u00e3o entre diferentes grupos da sociedade.<\/p>\n<figure id=\"attachment_5917686\" style=\"width: 100%;max-width: 1024px\" class=\"wp-caption alignnone\"><img decoding=\"async\" loading=\"lazy\" class=\"wp-image-5917686 size-large\" src=\"https:\/\/www.saopaulo.sp.gov.br\/wp-content\/uploads\/2024\/07\/Foto-Lateral-Museu-Afro-Brasil-1024x682.jpg\" alt=\"\" width=\"1024\" height=\"682\" srcset=\"https:\/\/www.saopaulo.sp.gov.br\/wp-content\/uploads\/2024\/07\/Foto-Lateral-Museu-Afro-Brasil-1024x682.jpg 1024w, https:\/\/www.saopaulo.sp.gov.br\/wp-content\/uploads\/2024\/07\/Foto-Lateral-Museu-Afro-Brasil-300x200.jpg 300w, https:\/\/www.saopaulo.sp.gov.br\/wp-content\/uploads\/2024\/07\/Foto-Lateral-Museu-Afro-Brasil-768x512.jpg 768w, https:\/\/www.saopaulo.sp.gov.br\/wp-content\/uploads\/2024\/07\/Foto-Lateral-Museu-Afro-Brasil-1536x1024.jpg 1536w, https:\/\/www.saopaulo.sp.gov.br\/wp-content\/uploads\/2024\/07\/Foto-Lateral-Museu-Afro-Brasil.jpg 1772w\" sizes=\"auto, (max-width: 1024px) 100vw, 1024px\"\/><figcaption class=\"wp-caption-text\">Museu Afro Brasil Emanoel Araujo<\/figcaption><\/figure>\n<h2>Veja abaixo a pol\u00edtica de gratuidade e meia-entrada<\/h2>\n<h3>A gratuidade \u00e9 v\u00e1lida para:<\/h3>\n<ul>\n<li>Crian\u00e7as at\u00e9 7 anos \u2013 isentas de comprova\u00e7\u00e3o.<\/li>\n<li>Grupos provenientes de escolas p\u00fablicas e de institui\u00e7\u00f5es sociais sem fins lucrativos que atuam com pessoas com defici\u00eancia e\/ou em situa\u00e7\u00e3o de vulnerabilidade social.<\/li>\n<li>Professores, coordenadores e diretores, supervisores, quadro de apoio das redes de ensino p\u00fablicas (federais, estaduais ou municipais), com apresenta\u00e7\u00e3o do holerite do m\u00eas corrente ou anterior (impresso ou digital). A gratuidade \u00e9 estendida a c\u00f4njuge ou companheiro(a), filhos e menores tutelados ou sob guarda que os acompanharem na visita.<\/li>\n<li>Pessoas com defici\u00eancia \u2013 isentas de comprova\u00e7\u00e3o. A gratuidade \u00e9 estendida a um acompanhante.<\/li>\n<li>Policiais militares, civis e da Pol\u00edcia T\u00e9cnico-Cient\u00edfica do Estado de S\u00e3o Paulo \u2013 holerite do m\u00eas corrente ou anterior (impresso ou digital). A gratuidade \u00e9 estendida ao c\u00f4njuge ou companheiro (a), filhos e menores tutelados ou sob guarda que os acompanharem na visita.<\/li>\n<li>Taxistas \u2013 Condutax. A gratuidade \u00e9 estendida a um acompanhante.<\/li>\n<li>Visitantes do Circular Turismo SP \u2013 bilhete v\u00e1lido do Circular.<\/li>\n<li>Profissionais da Secretaria da Cultura, Economia e Ind\u00fastria Criativas do Estado de S\u00e3o Paulo, mediante apresenta\u00e7\u00e3o do crach\u00e1. A gratuidade \u00e9 estendida ao c\u00f4njuge ou companheiro(a), filhos e menores tutelados ou sob guarda que os acompanharem na visita.<\/li>\n<li>Profissionais dos Museus da Secretaria da Cultura do Estado de S\u00e3o Paulo, mediante apresenta\u00e7\u00e3o de crach\u00e1 funcional.<\/li>\n<li>Profissionais de museus filiados ao Conselho Internacional de Museus (ICOM) \u2013 mediante apresenta\u00e7\u00e3o da carteirinha.<\/li>\n<li>Agentes\/Guias de Turismo com apresenta\u00e7\u00e3o da Carteirinha da Cadastur (Minist\u00e9rio do Turismo) dentro do prazo de validade.<\/li>\n<\/ul>\n<h3>A meia-entrada \u00e9 v\u00e1lida para:<\/h3>\n<ul>\n<li>Estudantes em visitas aut\u00f4nomas.<\/li>\n<li>Jovens de baixa renda, com idade de 15 a 29 anos, mediante apresenta\u00e7\u00e3o do ID Jovem.<\/li>\n<li>Pessoas com idade a partir de 60 anos.<\/li>\n<li>Aposentados.<\/li>\n<li>Pessoas com defici\u00eancia. Meia-entrada estendida a 1 acompanhante.<\/li>\n<\/ul>\n<p>\u00a0<\/p>\n<\/p><\/div>\n","protected":false},"excerpt":{"rendered":"<p>&#13; &#13; &#13; &#13; &#13; Al\u00e9m de os espa\u00e7os culturais terem entrada franca em dias&#8230;<\/p>\n","protected":false},"author":2,"featured_media":0,"comment_status":"open","ping_status":"open","sticky":false,"template":"","format":"standard","meta":{"footnotes":""},"categories":[],"tags":[],"class_list":["post-12051","post","type-post","status-publish","format-standard","hentry"],"amp_enabled":true,"_links":{"self":[{"href":"https:\/\/ipatingafc.com.br\/index.php\/wp-json\/wp\/v2\/posts\/12051","targetHints":{"allow":["GET"]}}],"collection":[{"href":"https:\/\/ipatingafc.com.br\/index.php\/wp-json\/wp\/v2\/posts"}],"about":[{"href":"https:\/\/ipatingafc.com.br\/index.php\/wp-json\/wp\/v2\/types\/post"}],"author":[{"embeddable":true,"href":"https:\/\/ipatingafc.com.br\/index.php\/wp-json\/wp\/v2\/users\/2"}],"replies":[{"embeddable":true,"href":"https:\/\/ipatingafc.com.br\/index.php\/wp-json\/wp\/v2\/comments?post=12051"}],"version-history":[{"count":0,"href":"https:\/\/ipatingafc.com.br\/index.php\/wp-json\/wp\/v2\/posts\/12051\/revisions"}],"wp:attachment":[{"href":"https:\/\/ipatingafc.com.br\/index.php\/wp-json\/wp\/v2\/media?parent=12051"}],"wp:term":[{"taxonomy":"category","embeddable":true,"href":"https:\/\/ipatingafc.com.br\/index.php\/wp-json\/wp\/v2\/categories?post=12051"},{"taxonomy":"post_tag","embeddable":true,"href":"https:\/\/ipatingafc.com.br\/index.php\/wp-json\/wp\/v2\/tags?post=12051"}],"curies":[{"name":"wp","href":"https:\/\/api.w.org\/{rel}","templated":true}]}}