{"id":12052,"date":"2024-07-20T10:11:13","date_gmt":"2024-07-20T13:11:13","guid":{"rendered":"https:\/\/ipatingafc.com.br\/index.php\/2024\/07\/20\/agencia-minas-gerais-operas-produzidas-em-minas-estao-mais-vivas-do-que-nunca-e-encantam-publico-de-todas-as-geracoes\/"},"modified":"2024-07-20T10:11:13","modified_gmt":"2024-07-20T13:11:13","slug":"agencia-minas-gerais-operas-produzidas-em-minas-estao-mais-vivas-do-que-nunca-e-encantam-publico-de-todas-as-geracoes","status":"publish","type":"post","link":"https:\/\/ipatingafc.com.br\/index.php\/2024\/07\/20\/agencia-minas-gerais-operas-produzidas-em-minas-estao-mais-vivas-do-que-nunca-e-encantam-publico-de-todas-as-geracoes\/","title":{"rendered":"Ag\u00eancia Minas Gerais | \u00d3peras produzidas em Minas est\u00e3o mais vivas do que nunca e encantam p\u00fablico de todas as gera\u00e7\u00f5es"},"content":{"rendered":"<p><\/p>\n<div>\n<section class=\"news-related \/ col-md-4 col-lg-3 \/ margin-md-bottom-2 margin-left-1 \/ pull-right \/ hidden-xs hidden-sm\">\n<header>\n<p class=\"text-title-section \/ margin-bottom-1\">Relacionadas<\/p>\n<\/header>\n<p>\t\t\t\t\t\t\t<main><\/p>\n<hr class=\"row margin-md-bottom-2\"\/>\n\t\t\t\t\t\t\t<\/main><br \/>\n\t\t\t\t\t\t<\/section>\n<p>Nos \u00faltimos anos, o n\u00famero de estreias de \u00f3peras brasileiras tem aumentado consideravelmente e a Funda\u00e7\u00e3o Cl\u00f3vis Salgado (FCS)\u00a0assume papel de destaque no cen\u00e1rio nacional.\u00a0<\/p>\n<p>A \u00f3pera nas terras das alterosas respira mineiridade. Com a tr\u00edade \u201cAleijadinho\u201d, \u201cMatraga\u201d e \u201cDevo\u00e7\u00e3o\u201d, produzidas pela FCS, o Pal\u00e1cio das Artes, h\u00e1 tr\u00eas anos consecutivos, investe em colocar a hist\u00f3ria do estado em evid\u00eancia por meio de personagens e narrativas que est\u00e3o na g\u00eanese do povo mineiro.\u00a0<\/p>\n<p>A mais recente produ\u00e7\u00e3o do Pal\u00e1cio das Artes, &#8220;Devo\u00e7\u00e3o&#8221;, estreia, nesta sexta-feira (19\/7), no Grande Teatro Cemig Pal\u00e1cio das Artes, ap\u00f3s pr\u00e9-estreia lotada em Congonhas, em 13\/7. O compositor Jo\u00e3o Guilherme Ripper, considerado um veterano na cria\u00e7\u00e3o de \u00f3peras contempor\u00e2neas, assina a obra.\u00a0<\/p>\n<p>Ele se diz muito feliz com a oportunidade de desenvolver outra \u00f3pera totalmente brasileira em solo mineiro: \u201co Brasil tem uma grande riqueza hist\u00f3rica e liter\u00e1ria sendo explorada, e gra\u00e7as a essas encomendas dos teatros de \u00f3pera do Brasil, em especial do Pal\u00e1cio das Artes, que \u00e9 a terceira obra que trata da mineiridade, estamos tendo a oportunidade de explorar esse lado t\u00e3o bonito e t\u00e3o forte que \u00e9 a devo\u00e7\u00e3o, em todas as suas manifesta\u00e7\u00f5es.\u201d\u00a0<\/p>\n<p>Andr\u00e9 Cardoso, m\u00fasico e autor do libreto de \u201cDevo\u00e7\u00e3o\u201d em parceria com Ripper, sustenta que a \u00f3pera \u00e9 um g\u00eanero vivo no mundo inteiro, e que o Brasil vive um momento especial.\u00a0<\/p>\n<p>\u201c\u00c9 muito importante oferecer uma \u00f3pera com conte\u00fado brasileiro, que retrate a vida, a hist\u00f3ria do povo, que traga para o palco personagens reais ou fict\u00edcios, mas que tenham conex\u00e3o com a cultura do nosso pa\u00eds. \u00c9 muito bom ver que o Pal\u00e1cio das Artes investe seriamente nisso. A prova \u00e9 \u2018Devo\u00e7\u00e3o\u2019, mais uma importante \u00f3pera brasileira em estreia\u201d, ressalta Cardoso. \u00a0<\/p>\n<p><strong>Trilogia da mineiridade<\/strong><\/p>\n<p>Em 2022, \u201cMinas\u201d esteve em foco com a montagem de \u201cAleijadinho\u201d. A r\u00e9cita teve sua estreia em 29\/4, com encena\u00e7\u00e3o ao ar livre, em Ouro Preto, antiga Vila Rica, onde nasceu e viveu o escultor Ant\u00f4nio Francisco Lisboa.\u00a0<\/p>\n<p>O cen\u00e1rio foi a Igreja S\u00e3o Francisco de Assis, onde se encontram alguns dos principais acervos de suas cria\u00e7\u00f5es.\u00a0<\/p>\n<p>Composta por Ernani Aguiar e com libreto escrito por Andr\u00e9 Cardoso, a \u00f3pera foi baseada em fatos da vida do mestre internacionalmente reconhecido como artista maior do Barroco Mineiro, e cujas obras permanecem como refer\u00eancia em cidades hist\u00f3ricas do estado.<\/p>\n<p>Em 2023, a ambienta\u00e7\u00e3o foi o sert\u00e3o das \u201cGerais\u201d. \u201cMatraga&#8221;, \u00f3pera em tr\u00eas atos de Rufo Herrera baseada no conto \u201cA hora e vez de Augusto Matraga\u201d, de Guimar\u00e3es Rosa, lotou os 1,7 mil lugares do Grande Teatro Cemig Pal\u00e1cio das Artes.\u00a0<\/p>\n<p>A pe\u00e7a foi uma vers\u00e3o adaptada da original, composta por Herrera em 1985, \u201cBalada para Matraga\u201d. A composi\u00e7\u00e3o de Matraga se converteu em uma homenagem aos 90 anos do compositor nascido na Argentina, mas radicado no Brasil desde a d\u00e9cada de 1960, com uma importante atividade em Minas Gerais.\u00a0<\/p>\n<p>Como no caso de \u201cAleijadinho\u201d em Ouro Preto, dessa vez, a cidade natal de Guimar\u00e3es Rosa, Cordisburgo, foi a escolhida para a primeira r\u00e9cita. A Gruta de Maquin\u00e9 foi o cen\u00e1rio perfeito, que arrancou aplausos fren\u00e9ticos por mais de 10 minutos ao final da apresenta\u00e7\u00e3o.<\/p>\n<p><strong>Temporada 2024<\/strong><\/p>\n<p>E, agora, em 2024, Congonhas foi o local escolhido para a encena\u00e7\u00e3o em dois atos da hist\u00f3ria de Feliciano Mendes, portugu\u00eas que chega \u00e0 regi\u00e3o das Minas em busca de ouro.\u00a0<\/p>\n<p>Al\u00e9m de composta por Jo\u00e3o Guilherme Ripper e de ter Andr\u00e9 Cardoso na escrita do libreto, \u201cDevo\u00e7\u00e3o\u201d tem dire\u00e7\u00e3o musical de Ligia Amadio e concep\u00e7\u00e3o e dire\u00e7\u00e3o c\u00eanica a cargo de Ronaldo Zero.\u00a0<\/p>\n<p>Tanto a Orquestra Sinf\u00f4nica, quanto o Coral L\u00edrico de Minas Gerais e a Cia de Dan\u00e7a Pal\u00e1cio das Artes integram todas as produ\u00e7\u00f5es oper\u00edsticas do Pal\u00e1cio das Artes. A pr\u00e9-estreia em Congonhas contou com uma participa\u00e7\u00e3o conjunta do Coral Cidade dos Profetas.\u00a0<\/p>\n<p>Para a diretora art\u00edstica da Funda\u00e7\u00e3o Cl\u00f3vis Salgado, Claudia Malta, o maior desafio de uma montagem original \u00e9 exatamente o desconhecido: \u201cem uma \u00f3pera de repert\u00f3rio voc\u00ea conhece a m\u00fasica, os trechos, sabe os pontos chave, o cl\u00edmax, escala o elenco com mais assertividade. Em uma \u00f3pera original, \u00e9 preciso confiar muito no compositor, no libreto, porque somente nos ensaios completos \u00e9 poss\u00edvel dimensionar um pouco do que ser\u00e1 o espetaculo\u201d.<\/p>\n<p>Presidente da Funda\u00e7\u00e3o Cl\u00f3vis Salgado, S\u00e9rgio Rodrigo Reis est\u00e1 seguro de que, com a \u00f3pera \u201cDevo\u00e7\u00e3o\u201d, o Pal\u00e1cio das Artes se coloca entre as raras institui\u00e7\u00f5es nacionais que mant\u00eam um programa regular de cria\u00e7\u00e3o de t\u00edtulos in\u00e9ditos e exclusivos inspirados na nossa cultura.\u00a0<\/p>\n<p>Ele acredita que \u201csomos, com toda esta movimenta\u00e7\u00e3o em torno da criatividade, protagonistas de um movimento de democratiza\u00e7\u00e3o e de transforma\u00e7\u00e3o do g\u00eanero para as novas gera\u00e7\u00f5es.\u201d\u00a0<\/p>\n<p>\u201cAo traduzir o que somos, a nossa identidade, a nossa alma e nosso povo, estes espet\u00e1culos t\u00eam conseguido ganhar um sentido de pertencimento ainda maior ao nos transmutar em forma de arte\u201d, completa Reis.\u00a0<\/p>\n<p><strong>Tradi\u00e7\u00e3o oper\u00edstica<\/strong><\/p>\n<p>\u201cDevo\u00e7\u00e3o\u201d \u00e9 a 95\u00aa \u00f3pera encenada pelo Pal\u00e1cio das Artes. Al\u00e9m das tr\u00eas recentes obras contempor\u00e2neas, j\u00e1 \u00e9 tradi\u00e7\u00e3o da Funda\u00e7\u00e3o Cl\u00f3vis Salgado oferecer ao p\u00fablico o repert\u00f3rio mundial criado por Verdi, Puccini, Bizet e outros grandes compositores eruditos.\u00a0<\/p>\n<p>H\u00e1 exatamente um ano, uma colet\u00e2nea de trechos dessas \u00f3peras que marcaram o g\u00eanero na It\u00e1lia foram encenadas no \u201cViva \u00d3pera: espet\u00e1culo dos cl\u00e1ssicos oper\u00edsticos\u201d, e estreou no Grande Teatro Cemig Pal\u00e1cio das Artes para marcar a segunda Temporada L\u00edrica da institui\u00e7\u00e3o. No programa, trechos de nove das consideradas mais importantes \u00f3peras italianas.\u00a0<\/p>\n<p>O espet\u00e1culo levou ao p\u00fablico, entre outras pe\u00e7as, \u201cLa Traviata\u201d, \u201cAida\u201d e \u201cRigoletto\u201d, de Giuseppe Verdi, \u201cMadama Butterfly\u201d, de Giacomo Puccini, e \u201cO Barbeiro de Sevilha\u201d, de Gioachino Rossini. Um revival de grandes produ\u00e7\u00f5es da casa, que teve, como sempre, sucesso de cr\u00edtica e p\u00fablico.<\/p>\n<\/p><\/div>\n","protected":false},"excerpt":{"rendered":"<p>Relacionadas Nos \u00faltimos anos, o n\u00famero de estreias de \u00f3peras brasileiras tem aumentado consideravelmente e&#8230;<\/p>\n","protected":false},"author":2,"featured_media":0,"comment_status":"open","ping_status":"open","sticky":false,"template":"","format":"standard","meta":{"footnotes":""},"categories":[],"tags":[],"class_list":["post-12052","post","type-post","status-publish","format-standard","hentry"],"amp_enabled":true,"_links":{"self":[{"href":"https:\/\/ipatingafc.com.br\/index.php\/wp-json\/wp\/v2\/posts\/12052","targetHints":{"allow":["GET"]}}],"collection":[{"href":"https:\/\/ipatingafc.com.br\/index.php\/wp-json\/wp\/v2\/posts"}],"about":[{"href":"https:\/\/ipatingafc.com.br\/index.php\/wp-json\/wp\/v2\/types\/post"}],"author":[{"embeddable":true,"href":"https:\/\/ipatingafc.com.br\/index.php\/wp-json\/wp\/v2\/users\/2"}],"replies":[{"embeddable":true,"href":"https:\/\/ipatingafc.com.br\/index.php\/wp-json\/wp\/v2\/comments?post=12052"}],"version-history":[{"count":0,"href":"https:\/\/ipatingafc.com.br\/index.php\/wp-json\/wp\/v2\/posts\/12052\/revisions"}],"wp:attachment":[{"href":"https:\/\/ipatingafc.com.br\/index.php\/wp-json\/wp\/v2\/media?parent=12052"}],"wp:term":[{"taxonomy":"category","embeddable":true,"href":"https:\/\/ipatingafc.com.br\/index.php\/wp-json\/wp\/v2\/categories?post=12052"},{"taxonomy":"post_tag","embeddable":true,"href":"https:\/\/ipatingafc.com.br\/index.php\/wp-json\/wp\/v2\/tags?post=12052"}],"curies":[{"name":"wp","href":"https:\/\/api.w.org\/{rel}","templated":true}]}}