{"id":12146,"date":"2024-07-23T02:36:08","date_gmt":"2024-07-23T05:36:08","guid":{"rendered":"https:\/\/ipatingafc.com.br\/index.php\/2024\/07\/23\/parques-urbanos-de-sp-ainda-tem-programacao-especial-de-ferias\/"},"modified":"2024-07-23T02:36:08","modified_gmt":"2024-07-23T05:36:08","slug":"parques-urbanos-de-sp-ainda-tem-programacao-especial-de-ferias","status":"publish","type":"post","link":"https:\/\/ipatingafc.com.br\/index.php\/2024\/07\/23\/parques-urbanos-de-sp-ainda-tem-programacao-especial-de-ferias\/","title":{"rendered":"Parques urbanos de SP ainda t\u00eam programa\u00e7\u00e3o especial de f\u00e9rias"},"content":{"rendered":"<p><\/p>\n<div id=\"\">&#13;<\/p>\n<figure id=\"attachment_5920098\" style=\"width: 100%;max-width: 1024px\" class=\"wp-caption alignnone\"><img decoding=\"async\" loading=\"lazy\" class=\"wp-image-5920098 size-full\" src=\"https:\/\/www.saopaulo.sp.gov.br\/wp-content\/uploads\/2024\/07\/img_0577-scaled-1-1024x683-1.jpg\" alt=\"\" width=\"1024\" height=\"683\" srcset=\"https:\/\/www.saopaulo.sp.gov.br\/wp-content\/uploads\/2024\/07\/img_0577-scaled-1-1024x683-1.jpg 1024w, https:\/\/www.saopaulo.sp.gov.br\/wp-content\/uploads\/2024\/07\/img_0577-scaled-1-1024x683-1-300x200.jpg 300w, https:\/\/www.saopaulo.sp.gov.br\/wp-content\/uploads\/2024\/07\/img_0577-scaled-1-1024x683-1-768x512.jpg 768w\" sizes=\"auto, (max-width: 1024px) 100vw, 1024px\"\/><figcaption class=\"wp-caption-text\">Parques urbanos de SP ainda t\u00eam programa\u00e7\u00e3o especial de f\u00e9rias<\/figcaption><\/figure>\n<p>Atividades que ocorrem desde o in\u00edcio do m\u00eas de julho seguem nos parques urbanos na capital paulista, com diversas atividades de lazer para crian\u00e7as e adultos.<\/p>\n<h2>Confira a programa\u00e7\u00e3o:<\/h2>\n<h2>Parque Estadual Ch\u00e1cara da Baronesa<\/h2>\n<p>25\/07, \u00e0s 10h: Recrea\u00e7\u00e3o com oficina de desenho (local: Jardim pr\u00f3ximo \u00e0 administra\u00e7\u00e3o)<\/p>\n<p>27\/07, \u00e0s 11h: Atividade l\u00fadica para enfatizar \u00e1gua polu\u00edda e limpa dos rios<\/p>\n<h2>N\u00facleo de Lazer Itaim Biacica<\/h2>\n<p>23\/07, \u00e0s 11h e \u00e0s 13h30: Conta\u00e7\u00e3o de hist\u00f3ria e monitoria sobre a Biacica e suas Terras (Local: Sala de Educa\u00e7\u00e3o ambiental e Museu)<\/p>\n<h2>N\u00facleo de Lazer Maria Cristina Hellmeister de Abreu<\/h2>\n<p>26\/07, das 9h \u00e0s 16h30: Caixa sensorial (Local: Sala de educa\u00e7\u00e3o ambienta)<\/p>\n<p>29\/07, das 9h \u00e0s 11h: Trilha sensorial (Local: Pr\u00f3ximo a sala da educa\u00e7\u00e3o ambiental)<\/p>\n<p>30\/07, das 9h \u00e0s 10h30: Visita guiada \u00e0 sala do esporte (Local: sala do esporte)<\/p>\n<p>31\/07, das 13h \u00e0s 15h30: Caminhada ambiental monitorada (Local: Parque todo)<\/p>\n<h2>N\u00facleo de Lazer Vila Jacu\u00ed<\/h2>\n<p>25\/07, das 13h \u00e0s 14h30: Bicho Recicl\u00e1vel (Local: Sala ambiental)<\/p>\n<p>27\/07, das 10h \u00e0s 11h30: Trilha sensorial (Local: Em frente a Sala ambiental)<\/p>\n<p>28\/07, das 14h \u00e0s 16h: Planta carn\u00edvora: (Local: Em frente a Sala ambiental)<\/p>\n<h2>Parque Ecol\u00f3gico do Tiet\u00ea \u2013 N\u00facleo de Lazer Engenheiro Goulart<\/h2>\n<p>Segunda \u00e0s quartas, 10h30 e 14h\/ Ter\u00e7a, sexta, s\u00e1bado, domingo, \u00e0s 10h30 e 14h: Trilha monitorada \u2013 Cetras (Local: Casar\u00e3o Ed. Ambiental)<\/p>\n<p>Todos os dias: Identifica\u00e7\u00e3o de sementes (Local: Casar\u00e3o Ed. Ambiental)<\/p>\n<p>Todos os s\u00e1bados, das 10h \u00e0s 15h30: Cria\u00e7\u00e3o de Marac\u00e1 com garrafa PET (Local: Casar\u00e3o Ed. Ambiental)<\/p>\n<p>Todos os domingos, das 10h \u00e0s 15h30: Oficina de pintura de Adinkras \u2013 s\u00edmbolos africanos (local: Casar\u00e3o Ed. Ambiental)<\/p>\n<p>Segunda a sexta, \u00e0s 13h: Confec\u00e7\u00e3o de mamulengos (Local: Casar\u00e3o Ed. Ambiental)<\/p>\n<h2>Parque Estadual do Bel\u00e9m<\/h2>\n<p>27\/07 e 28\/07, \u00e0s 9h e \u00e0s 14h: Pulseira ecol\u00f3gica (Local: Sala de Monitoria)<\/p>\n<h2>Parque Jequitib\u00e1<\/h2>\n<p>27\/07 e 28\/07, 10h \u00e0s 11h e 14h \u00e0s 15h: Pequenos coletores (Local: Todo o parque)<\/p>\n<h2>Parque Gabriel Chucre<\/h2>\n<p>At\u00e9 31\/07, das 9h \u00e0s 12h, e das 13h \u00e0s 17h: Pintura L\u00fadica (Local: Administra\u00e7\u00e3o)<\/p>\n<p>At\u00e9 31\/07, das 9h \u00e0s 17h: Meu pr\u00f3prio Vaso (Local: Administra\u00e7\u00e3o)<\/p>\n<p>At\u00e9 31\/07, das 8h \u00e0s 17h: Salve uma Orqu\u00eddea (Local: Administra\u00e7\u00e3o)<\/p>\n<h2>Parque Ecol\u00f3gico Do Guarapiranga<\/h2>\n<p>23\/07 e 30\/07, das 9h \u00e0s 11h e 14h \u00e0s 16h: Oficina de Composteira (Local: Portaria 1)<\/p>\n<p>24\/07 e 31\/07, das 14h \u00e0s 16h: Oficina de Sementes \u2013 vargens (\u00c1rea Esportiva \u2013 Portaria 2)<\/p>\n<p>25\/07, das 9h \u00e0s 11h e das 14h \u00e0s 16h: Monitoria Para o P\u00fablico Espont\u00e2neo do Parque (Local: Toda \u00e1rea do parque)<\/p>\n<p>26\/07, das 9h \u00e0s 11h e 14h \u00e0s 16h: Trilha da Vida com P\u00fablico Espont\u00e2neo do Parque (Local: Trilha da Vida no Centro de Visitantes)<\/p>\n<p>27\/07, das 14h \u00e0s 16h: Oficina de Porta Retrato (\u00c1rea Esportiva \u2013 Portaria 2)<\/p>\n<p>28\/07, das 9h \u00e0s 11h e das 14h \u00e0s 16h: Oficina de Pi\u00e3o com CD (Local: N\u00facleo de Educa\u00e7\u00e3o Ambiental)<\/p>\n<h2>Parque Ecol\u00f3gico da V\u00e1rzea do Embu-Gua\u00e7u \u2013 Professor Aziz Ab\u2019Saber<\/h2>\n<p>Ter\u00e7a a Domingo, das 8h \u00e0s 16h \u2013 Durante o m\u00eas de julho: Visita\u00e7\u00e3o no n\u00facleo de educa\u00e7\u00e3o ambiental (Local: N\u00facleo de Educa\u00e7\u00e3o Ambiental)<\/p>\n<p>Ter\u00e7a a Domingo, das 8h \u00e0s 16h \u2013 Durante o m\u00eas de julho: Oferta de jogos (Local: N\u00facleo de Educa\u00e7\u00e3o Ambiental)<\/p>\n<p>Ter\u00e7a a Domingo, das 8h \u00e0s 16h \u2013 Durante o m\u00eas de julho: Oferta de jogos de tabuleiro ecol\u00f3gico (Local: Brinquedoteca)<\/p>\n<p>Ter\u00e7a a Domingo, das 8h \u00e0s 16h \u2013 Durante o m\u00eas de julho: Amarelinha Ecol\u00f3gica (Local: Quiosques)<\/p>\n<p>27\/07 e 28\/07, das 9h30 \u00e0 11h30 e 14h \u00e0s 16h: Oficina de pulseira com elementos naturais (Local: Todo Parque)<\/p>\n<h2>Parque da Juventude \u2013 Dom Paulo Evaristo Arns<\/h2>\n<p>27\/07 e 28\/07, primeira atividade, das 10h \u00e0s 12h, e segunda atividade, das 14h \u00e0s 16h: Trilha das orqu\u00eddeas e mundo dos insetos (Local: Trilha das Orqu\u00eddeas e \u00e1rea em frente \u00e0 administra\u00e7\u00e3o)<\/p>\n<p>Segunda a sexta, das 10h \u00e0s 11h: Zoologia e mundo dos insetos (Local: Sala de educa\u00e7\u00e3o e \u00e1rea em frente \u00e0 administra\u00e7\u00e3o)<\/p>\n<p>Para saber mais, acesse: https:\/\/semil.sp.gov.br\/sma\/parques-urbanos\/<\/p>\n<\/p><\/div>\n","protected":false},"excerpt":{"rendered":"<p>&#13; Parques urbanos de SP ainda t\u00eam programa\u00e7\u00e3o especial de f\u00e9rias Atividades que ocorrem desde&#8230;<\/p>\n","protected":false},"author":2,"featured_media":0,"comment_status":"open","ping_status":"open","sticky":false,"template":"","format":"standard","meta":{"footnotes":""},"categories":[],"tags":[],"class_list":["post-12146","post","type-post","status-publish","format-standard","hentry"],"amp_enabled":true,"_links":{"self":[{"href":"https:\/\/ipatingafc.com.br\/index.php\/wp-json\/wp\/v2\/posts\/12146","targetHints":{"allow":["GET"]}}],"collection":[{"href":"https:\/\/ipatingafc.com.br\/index.php\/wp-json\/wp\/v2\/posts"}],"about":[{"href":"https:\/\/ipatingafc.com.br\/index.php\/wp-json\/wp\/v2\/types\/post"}],"author":[{"embeddable":true,"href":"https:\/\/ipatingafc.com.br\/index.php\/wp-json\/wp\/v2\/users\/2"}],"replies":[{"embeddable":true,"href":"https:\/\/ipatingafc.com.br\/index.php\/wp-json\/wp\/v2\/comments?post=12146"}],"version-history":[{"count":0,"href":"https:\/\/ipatingafc.com.br\/index.php\/wp-json\/wp\/v2\/posts\/12146\/revisions"}],"wp:attachment":[{"href":"https:\/\/ipatingafc.com.br\/index.php\/wp-json\/wp\/v2\/media?parent=12146"}],"wp:term":[{"taxonomy":"category","embeddable":true,"href":"https:\/\/ipatingafc.com.br\/index.php\/wp-json\/wp\/v2\/categories?post=12146"},{"taxonomy":"post_tag","embeddable":true,"href":"https:\/\/ipatingafc.com.br\/index.php\/wp-json\/wp\/v2\/tags?post=12146"}],"curies":[{"name":"wp","href":"https:\/\/api.w.org\/{rel}","templated":true}]}}