{"id":12148,"date":"2024-07-23T04:57:39","date_gmt":"2024-07-23T07:57:39","guid":{"rendered":"https:\/\/ipatingafc.com.br\/index.php\/2024\/07\/23\/governo-de-sp-aplica-mais-de-r-1-milhao-de-multas-contra-soltura-de-balao-em-2024\/"},"modified":"2024-07-23T04:57:39","modified_gmt":"2024-07-23T07:57:39","slug":"governo-de-sp-aplica-mais-de-r-1-milhao-de-multas-contra-soltura-de-balao-em-2024","status":"publish","type":"post","link":"https:\/\/ipatingafc.com.br\/index.php\/2024\/07\/23\/governo-de-sp-aplica-mais-de-r-1-milhao-de-multas-contra-soltura-de-balao-em-2024\/","title":{"rendered":"Governo de SP aplica mais de R$ 1 milh\u00e3o de multas contra soltura de bal\u00e3o em 2024"},"content":{"rendered":"<p><\/p>\n<div id=\"\">&#13;<br \/>\n                                <!-- Title -->&#13;<br \/>\n                                &#13;<br \/>\n&#13;<br \/>\n                                <!-- Excerpt -->&#13;<\/p>\n<p class=\"excerpt\">Queda de bal\u00e3o afetou fornecimento de energia na zona leste da capital nesta segunda; foram 44 autos de infra\u00e7\u00e3o ambiental aplicados em 2024<\/p>\n<p>&#13;<br \/>\n&#13;<br \/>\n                                &#13;\n                            <\/p><\/div>\n<div id=\"\">&#13;<\/p>\n<figure id=\"attachment_5920093\" style=\"width: 100%;max-width: 1600px\" class=\"wp-caption alignnone\"><img decoding=\"async\" loading=\"lazy\" class=\"size-full wp-image-5920093\" src=\"https:\/\/www.saopaulo.sp.gov.br\/wp-content\/uploads\/2024\/07\/00055567-1.jpeg\" alt=\"Governo de SP aplica mais de R$ 1 milh\u00e3o de multas contra baloeiros em 2024\" width=\"1600\" height=\"720\" srcset=\"https:\/\/www.saopaulo.sp.gov.br\/wp-content\/uploads\/2024\/07\/00055567-1.jpeg 1600w, https:\/\/www.saopaulo.sp.gov.br\/wp-content\/uploads\/2024\/07\/00055567-1-300x135.jpeg 300w, https:\/\/www.saopaulo.sp.gov.br\/wp-content\/uploads\/2024\/07\/00055567-1-1024x461.jpeg 1024w, https:\/\/www.saopaulo.sp.gov.br\/wp-content\/uploads\/2024\/07\/00055567-1-768x346.jpeg 768w, https:\/\/www.saopaulo.sp.gov.br\/wp-content\/uploads\/2024\/07\/00055567-1-1536x691.jpeg 1536w\" sizes=\"auto, (max-width: 1600px) 100vw, 1600px\"\/><figcaption class=\"wp-caption-text\">Queda de bal\u00e3o na regi\u00e3o do bairro Aricanduva, na zona leste de S\u00e3o Paulo, causou falta de energia el\u00e9trica em casas do entorno ap\u00f3s o artefato atingir a fia\u00e7\u00e3o<\/figcaption><\/figure>\n<p>O Governo de S\u00e3o Paulo registrou entre janeiro e junho deste ano 44 Autos de Infra\u00e7\u00e3o Ambiental por pr\u00e1tica baloeira no estado. As multas aplicadas por \u201cfabricar, vender, transportar ou soltar bal\u00f5es\u201d no per\u00edodo ultrapassam R$ 1 milh\u00e3o. Os dados s\u00e3o da Secretaria de Meio Ambiente, Infraestrutura e Log\u00edstica (Semil).<\/p>\n<p>Nesta segunda-feira (22), a queda de um bal\u00e3o na regi\u00e3o do bairro Aricanduva, na zona leste de S\u00e3o Paulo, causou falta de energia el\u00e9trica em casas do entorno ap\u00f3s o artefato atingir a fia\u00e7\u00e3o. Uma motocicleta chegou a ficar presa nos fios, mas n\u00e3o houve registro de feridos.<\/p>\n<p><strong>LEIA MAIS: Inc\u00eandios florestais: autua\u00e7\u00f5es contra bal\u00f5es saltam 135% em SP<\/strong><\/p>\n<p>J\u00e1 na \u00faltima sexta-feira, 12 f\u00e1bricas clandestinas de bal\u00f5es foram fechadas pelas equipes da PM Ambiental durante a Opera\u00e7\u00e3o Guardi\u00e3o das Florestas. Em todo o ano, a Pol\u00edcia Militar Ambiental apreendeu 35 bal\u00f5es no estado.<\/p>\n<p>Os registros de inc\u00eandios causados por queda de bal\u00e3o triplicaram no Estado de S\u00e3o Paulo em 2024. Entre janeiro e julho, o Corpo de Bombeiros atendeu a 15 ocorr\u00eancias do tipo, enquanto no mesmo per\u00edodo do ano passado foram cinco casos.<\/p>\n<p>Com isso, somente nos seis primeiros meses deste ano, o n\u00famero de inc\u00eandios ocasionados por bal\u00e3o praticamente igualou o de todo o ano de 2023, quando 16 ocorr\u00eancias foram registradas pela corpora\u00e7\u00e3o.<\/p>\n<h2>Soltura de bal\u00e3o gera riscos \u00e0 popula\u00e7\u00e3o e ao meio ambiente<\/h2>\n<p>Os bal\u00f5es s\u00e3o produzidos com um material inflam\u00e1vel e, por isso, quando caem podem causar inc\u00eandios de grandes propor\u00e7\u00f5es em florestas, casas e edifica\u00e7\u00f5es.<\/p>\n<p>Desde 1998, a pr\u00e1tica \u00e9 considerada crime, prevista na Lei n\u00ba 9.605, com pena de 1 a 3 anos de pris\u00e3o, ou multa de, no m\u00ednimo, R$ 10 mil.<\/p>\n<p>O delegado Jo\u00e3o Blasi, da Divis\u00e3o de Investiga\u00e7\u00f5es sobre Infra\u00e7\u00f5es contra o Meio Ambiente, conta que a Pol\u00edcia Civil j\u00e1 realizou diversas opera\u00e7\u00f5es contra esse tipo de pr\u00e1tica, que aumenta nos meses como junho e julho, por causa das comemora\u00e7\u00f5es do dia de S\u00e3o Jo\u00e3o.<\/p>\n<p>\u201cQuem solta n\u00e3o tem ideia das consequ\u00eancias que isso pode gerar\u201d, ressalta, ao lembrar dos riscos que ainda causa \u00e0 avia\u00e7\u00e3o. \u201cImagina o piloto estar decolando e, do nada, se deparar com um artefato desses. Vira um momento de tens\u00e3o\u201d.<\/p>\n<h2>Opera\u00e7\u00e3o SP Sem Fogo<\/h2>\n<p>A Opera\u00e7\u00e3o SP Sem Fogo, do Governo de S\u00e3o Paulo, est\u00e1 desde junho na fase vermelha, em que as a\u00e7\u00f5es de preven\u00e7\u00e3o e combate a focos de inc\u00eandio, incluindo a repress\u00e3o \u00e0 soltura de bal\u00f5es, \u00e9 intensificada. O refor\u00e7o nas a\u00e7\u00f5es ocorre durante o per\u00edodo mais seco do ano, que vai\u00a0at\u00e9\u00a0outubro.<\/p>\n<p>A iniciativa \u00e9 uma parceria entre as Secretarias de Meio Ambiente, Infraestrutura e Log\u00edstica (Semil), por meio da Coordenadoria de Fiscaliza\u00e7\u00e3o e Biodiversidade (CFB), Seguran\u00e7a P\u00fablica e Defesa Civil do Estado. Al\u00e9m disso, conta com iniciativas e investimentos do Corpo de Bombeiros, Pol\u00edcia Militar Ambiental, Companhia Ambiental do Estado de S\u00e3o Paulo (CETESB), Departamento de Estradas de Rodagem (DER), Funda\u00e7\u00e3o Florestal (FF), e Secretaria de Agricultura e Abastecimento (SAA).<\/p>\n<\/p><\/div>\n","protected":false},"excerpt":{"rendered":"<p>&#13; &#13; &#13; &#13; &#13; Queda de bal\u00e3o afetou fornecimento de energia na zona leste&#8230;<\/p>\n","protected":false},"author":2,"featured_media":0,"comment_status":"open","ping_status":"open","sticky":false,"template":"","format":"standard","meta":{"footnotes":""},"categories":[],"tags":[],"class_list":["post-12148","post","type-post","status-publish","format-standard","hentry"],"amp_enabled":true,"_links":{"self":[{"href":"https:\/\/ipatingafc.com.br\/index.php\/wp-json\/wp\/v2\/posts\/12148","targetHints":{"allow":["GET"]}}],"collection":[{"href":"https:\/\/ipatingafc.com.br\/index.php\/wp-json\/wp\/v2\/posts"}],"about":[{"href":"https:\/\/ipatingafc.com.br\/index.php\/wp-json\/wp\/v2\/types\/post"}],"author":[{"embeddable":true,"href":"https:\/\/ipatingafc.com.br\/index.php\/wp-json\/wp\/v2\/users\/2"}],"replies":[{"embeddable":true,"href":"https:\/\/ipatingafc.com.br\/index.php\/wp-json\/wp\/v2\/comments?post=12148"}],"version-history":[{"count":0,"href":"https:\/\/ipatingafc.com.br\/index.php\/wp-json\/wp\/v2\/posts\/12148\/revisions"}],"wp:attachment":[{"href":"https:\/\/ipatingafc.com.br\/index.php\/wp-json\/wp\/v2\/media?parent=12148"}],"wp:term":[{"taxonomy":"category","embeddable":true,"href":"https:\/\/ipatingafc.com.br\/index.php\/wp-json\/wp\/v2\/categories?post=12148"},{"taxonomy":"post_tag","embeddable":true,"href":"https:\/\/ipatingafc.com.br\/index.php\/wp-json\/wp\/v2\/tags?post=12148"}],"curies":[{"name":"wp","href":"https:\/\/api.w.org\/{rel}","templated":true}]}}