{"id":12150,"date":"2024-07-23T07:20:33","date_gmt":"2024-07-23T10:20:33","guid":{"rendered":"https:\/\/ipatingafc.com.br\/index.php\/2024\/07\/23\/veja-dicas-para-reforcar-a-seguranca-das-criancas-no-transporte-coletivo\/"},"modified":"2024-07-23T07:20:33","modified_gmt":"2024-07-23T10:20:33","slug":"veja-dicas-para-reforcar-a-seguranca-das-criancas-no-transporte-coletivo","status":"publish","type":"post","link":"https:\/\/ipatingafc.com.br\/index.php\/2024\/07\/23\/veja-dicas-para-reforcar-a-seguranca-das-criancas-no-transporte-coletivo\/","title":{"rendered":"Veja dicas para refor\u00e7ar a seguran\u00e7a das crian\u00e7as no transporte coletivo"},"content":{"rendered":"<p><\/p>\n<div id=\"\">&#13;<br \/>\n                                <!-- Title -->&#13;<br \/>\n                                &#13;<br \/>\n&#13;<br \/>\n                                <!-- Excerpt -->&#13;<\/p>\n<p class=\"excerpt\">CPTM, EFCJ, EMTU e Metr\u00f4 refor\u00e7am dicas para os respons\u00e1veis na hora de passear com a crian\u00e7ada<\/p>\n<p>&#13;<br \/>\n&#13;<br \/>\n                                &#13;\n                            <\/p><\/div>\n<div id=\"\">&#13;<\/p>\n<figure id=\"attachment_5920296\" style=\"width: 100%;max-width: 985px\" class=\"wp-caption alignnone\"><img decoding=\"async\" loading=\"lazy\" class=\"size-full wp-image-5920296\" src=\"https:\/\/www.saopaulo.sp.gov.br\/wp-content\/uploads\/2024\/07\/Crianca-no-transporte.jpeg\" alt=\"Crian\u00e7as at\u00e9 seis anos n\u00e3o pagam passagem nos transportes metropolitanos\" width=\"985\" height=\"739\" srcset=\"https:\/\/www.saopaulo.sp.gov.br\/wp-content\/uploads\/2024\/07\/Crianca-no-transporte.jpeg 985w, https:\/\/www.saopaulo.sp.gov.br\/wp-content\/uploads\/2024\/07\/Crianca-no-transporte-300x225.jpeg 300w, https:\/\/www.saopaulo.sp.gov.br\/wp-content\/uploads\/2024\/07\/Crianca-no-transporte-768x576.jpeg 768w\" sizes=\"auto, (max-width: 985px) 100vw, 985px\"\/><figcaption class=\"wp-caption-text\">Crian\u00e7as at\u00e9 seis anos n\u00e3o pagam passagem nos transportes metropolitanos<\/figcaption><\/figure>\n<p>Pensando nos pais e respons\u00e1veis que pretendem sair com as crian\u00e7as para aproveitar o per\u00edodo de f\u00e9rias escolares, as empresas vinculadas \u00e0 Secretaria dos Transportes Metropolitanos (STM) \u2013 CPTM, EFCJ, EMTU e Metr\u00f4 \u2013\u00a0 selecionaram algumas dicas que podem garantir a seguran\u00e7a nos passeios.<\/p>\n<p>A CPTM refor\u00e7a a import\u00e2ncia de os pais e respons\u00e1veis impedirem que as crian\u00e7as sentem nos degraus das escadas rolantes. Outra recomenda\u00e7\u00e3o \u00e9 passar pelos catracas com as crian\u00e7as pequenas no colo ou protegidas \u00e0 frente do corpo de quem as carrega.<\/p>\n<p>Vale destacar que crian\u00e7as com Transtorno do Espectro Autista (TEA), que podem estar identificadas com o cord\u00e3o de quebra-cabe\u00e7a ou com o s\u00edmbolo do infinito, t\u00eam direito a atendimento preferencial. Caso os pequenos se separem de seus acompanhantes, os pais ou respons\u00e1veis devem imediatamente contatar um funcion\u00e1rio.<\/p>\n<p>Para os pais que pretendem passear com as crian\u00e7as na Estrada de Ferro Campos do Jord\u00e3o (EFCJ), algumas medidas de seguran\u00e7as s\u00e3o necess\u00e1rias para garantir a divers\u00e3o do programa: o embarque na composi\u00e7\u00e3o deve ser feito ap\u00f3s orienta\u00e7\u00e3o do colaborador da ferrovia, e \u00e9 indicado evitar que as crian\u00e7as coloquem o bra\u00e7os e a cabe\u00e7a para o lado de fora da janela.<\/p>\n<p><strong>LEIA TAMB\u00c9M: <\/strong>Transporte gratuito para grandes eventos estimula hospedagem no Centro de SP<\/p>\n<p>Outra recomenda\u00e7\u00e3o importante \u00e9 sempre lembrar que as fotos da ferrovia devem ser registradas apenas nas cal\u00e7adas \u2013 que s\u00e3o \u00e1reas seguras -, nunca ficar parados sobre os trilhos e, ao cruzar a linha f\u00e9rrea, ter aten\u00e7\u00e3o ao apito do trem, olhar nos dois sentidos da ferrovia e aguardar a uma dist\u00e2ncia segura caso haja alguma composi\u00e7\u00e3o se aproximando.<\/p>\n<p>A EMTU tamb\u00e9m est\u00e1 atenta \u00e0 seguran\u00e7a dos pequenos. Uma das recomenda\u00e7\u00f5es \u00e9 que as crian\u00e7as, quando poss\u00edvel, se sentem nos bancos antes do in\u00edcio do trajeto e nunca se posicionem pr\u00f3ximas \u00e0s portas de sa\u00edda ou se sentem nos pisos ou degraus que d\u00e3o acesso \u00e0s portas de desembarque. Na falta de bancos desocupados, os pais ou respons\u00e1veis devem incentivar que as crian\u00e7as segurem nas barras de apoio (balaustre).<\/p>\n<p>Fora dos \u00f4nibus e dos terminais, a EMTU destaca que os corredores de \u00f4nibus n\u00e3o devem ser usados para atividades de lazer como, por exemplo, andar de bicicleta, skate, patinete ou jogar futebol. Importante que as crian\u00e7as estejam sempre acompanhadas dos pais ao atravessar as ruas ou plataformas nas esta\u00e7\u00f5es, sempre pela faixa de pedestre.<\/p>\n<p>J\u00e1 o Metr\u00f4 relembra a import\u00e2ncia dos adultos sempre segurarem as crian\u00e7as pelas m\u00e3os para evitar que os pequenos corram em \u00e1reas de plataformas e mezaninos. Nas escadas rolantes, para evitar que as crian\u00e7as se machuquem, \u00e9 importante usar o corrim\u00e3o e n\u00e3o encostar os p\u00e9s nas laterais dos equipamentos. Na companhia de muitas crian\u00e7as e havendo possibilidade, \u00e9 recomend\u00e1vel o deslocamento nos elevadores das esta\u00e7\u00f5es.<\/p>\n<p><strong>LEIA TAMB\u00c9M:<\/strong> Tarifa do Madrugador: passageiros no in\u00edcio da opera\u00e7\u00e3o pagam passagem mais barata<\/p>\n<p>Outra dica de seguran\u00e7a importante \u00e9 sempre aguardar o trem atr\u00e1s da faixa amarela. O embarque e desembarque n\u00e3o devem ser feitos quando soar o alarme de fechamento das portas, e o v\u00e3o entre o trem e a plataforma deve ser superado com aten\u00e7\u00e3o. No interior dos trens, os pais e respons\u00e1veis devem manter as crian\u00e7as seguras, evitando que se desequilibrem e venham a cair, al\u00e9m de n\u00e3o permitir que os pequenos coloquem as m\u00e3os nas portas do trem.<\/p>\n<p>Seguindo as dicas e aproveitando que crian\u00e7as at\u00e9 6 anos n\u00e3o pagam passagem nos transportes metropolitanos, as viagens ser\u00e3o seguras para todos os passageiros, que sempre poder\u00e3o contar com o apoio dos funcion\u00e1rios e colaboradores.<\/p>\n<p>Siga o canal \u201cGoverno de S\u00e3o Paulo\u201d no WhatsApp:<br \/>https:\/\/bit.ly\/govspnozap<\/p>\n<\/p><\/div>\n","protected":false},"excerpt":{"rendered":"<p>&#13; &#13; &#13; &#13; &#13; CPTM, EFCJ, EMTU e Metr\u00f4 refor\u00e7am dicas para os respons\u00e1veis&#8230;<\/p>\n","protected":false},"author":2,"featured_media":0,"comment_status":"open","ping_status":"open","sticky":false,"template":"","format":"standard","meta":{"footnotes":""},"categories":[],"tags":[],"class_list":["post-12150","post","type-post","status-publish","format-standard","hentry"],"amp_enabled":true,"_links":{"self":[{"href":"https:\/\/ipatingafc.com.br\/index.php\/wp-json\/wp\/v2\/posts\/12150","targetHints":{"allow":["GET"]}}],"collection":[{"href":"https:\/\/ipatingafc.com.br\/index.php\/wp-json\/wp\/v2\/posts"}],"about":[{"href":"https:\/\/ipatingafc.com.br\/index.php\/wp-json\/wp\/v2\/types\/post"}],"author":[{"embeddable":true,"href":"https:\/\/ipatingafc.com.br\/index.php\/wp-json\/wp\/v2\/users\/2"}],"replies":[{"embeddable":true,"href":"https:\/\/ipatingafc.com.br\/index.php\/wp-json\/wp\/v2\/comments?post=12150"}],"version-history":[{"count":0,"href":"https:\/\/ipatingafc.com.br\/index.php\/wp-json\/wp\/v2\/posts\/12150\/revisions"}],"wp:attachment":[{"href":"https:\/\/ipatingafc.com.br\/index.php\/wp-json\/wp\/v2\/media?parent=12150"}],"wp:term":[{"taxonomy":"category","embeddable":true,"href":"https:\/\/ipatingafc.com.br\/index.php\/wp-json\/wp\/v2\/categories?post=12150"},{"taxonomy":"post_tag","embeddable":true,"href":"https:\/\/ipatingafc.com.br\/index.php\/wp-json\/wp\/v2\/tags?post=12150"}],"curies":[{"name":"wp","href":"https:\/\/api.w.org\/{rel}","templated":true}]}}