{"id":12151,"date":"2024-07-23T08:54:38","date_gmt":"2024-07-23T11:54:38","guid":{"rendered":"https:\/\/ipatingafc.com.br\/index.php\/2024\/07\/23\/agencia-minas-gerais-maratona-enem-oferece-preparacao-para-o-exame-durante-recesso-escolar\/"},"modified":"2024-07-23T08:54:38","modified_gmt":"2024-07-23T11:54:38","slug":"agencia-minas-gerais-maratona-enem-oferece-preparacao-para-o-exame-durante-recesso-escolar","status":"publish","type":"post","link":"https:\/\/ipatingafc.com.br\/index.php\/2024\/07\/23\/agencia-minas-gerais-maratona-enem-oferece-preparacao-para-o-exame-durante-recesso-escolar\/","title":{"rendered":"Ag\u00eancia Minas Gerais | Maratona Enem oferece prepara\u00e7\u00e3o para o exame durante recesso escolar"},"content":{"rendered":"<p><\/p>\n<div>\n<p><figure class=\"image\" style=\"float:right\"><img loading=\"lazy\" decoding=\"async\" alt=\"\" height=\"180\" src=\"https:\/\/www.agenciaminas.mg.gov.br\/ckeditor_assets\/pictures\/21354\/content_maratona-enem-site.png\" width=\"321\"\/>&#13;<figcaption><em><sub>SEE\/MG \/ Divulga\u00e7\u00e3o<\/sub><\/em><\/figcaption>&#13;<br \/>\n<\/figure>\n<p>&#13;<br \/>\n&#13;\n<\/p>\n<p>O recesso escolar dos estudantes da rede p\u00fablica de Minas Gerais come\u00e7ou nesta segunda-feira (22\/7) e, durante duas semanas, os estudantes estar\u00e3o afastados de suas atividades pedag\u00f3gicas. No entanto, a Secretaria de Estado de Educa\u00e7\u00e3o de Minas Gerais (SEE\/MG) mant\u00e9m a prepara\u00e7\u00e3o para o Exame Nacional do Ensino M\u00e9dio (Enem), com a Maratona Enem.<\/p>\n<p>Mesmo durante o recesso, os estudantes podem incluir aulas preparat\u00f3rias em suas agendas. Os conte\u00fados s\u00e3o transmitidos de segunda a sexta-feira, das 14h \u00e0s 17h, em TV aberta pela Rede Minas, canal 9.2, e tamb\u00e9m pelos canais no YouTube da Estudo Play e da SEE\/MG.<\/p>\n<p>As aulas abrangem as quatro \u00e1reas de conhecimento do exame: Linguagens e suas Tecnologias, Matem\u00e1tica, Ci\u00eancias Humanas e Ci\u00eancias da Natureza.<\/p>\n<p>A Maratona Enem \u00e9 uma iniciativa voltada para os estudantes do 3\u00b0 ano do Ensino M\u00e9dio. Al\u00e9m dessas aulas, os estudantes t\u00eam acesso a livros digitais, videoaulas e podem praticar a escrita durante as f\u00e9rias, usando a ferramenta de corre\u00e7\u00e3o de reda\u00e7\u00f5es manuscritas na plataforma Estudo Play.<\/p>\n<p><strong>Educa\u00e7\u00e3o 24 horas na Rede Minas<\/strong><\/p>\n<p>A multiprograma\u00e7\u00e3o da Rede Minas tamb\u00e9m continua dedicada, exclusivamente, \u00e0 educa\u00e7\u00e3o. S\u00e3o tr\u00eas subcanais com conte\u00fados produzidos pela SEE\/MG direcionados \u00e0 comunidade estudantil.<\/p>\n<p>Na faixa 2 da emissora, h\u00e1 o Se Liga na Educa\u00e7\u00e3o. J\u00e1 na Faixa 3 tem o Pr\u00e9-Enem, para quem vai prestar o exame. Na Faixa 4 o telespectador acompanha a reapresenta\u00e7\u00e3o das teleaulas e conte\u00fados especiais. Para acessar os canais basta mover a seta do controle remoto para cima ou conferir a frequ\u00eancia do Canal Educa na sua cidade, por meio da p\u00e1gina redeminas.tv\/como-sintonizar.<\/p>\n<p>A transmiss\u00e3o da Rede Minas tamb\u00e9m est\u00e1 dispon\u00edvel no site redeminas.tv e plataforma de streaming Minasplay (ou pelo app no Google Play e Apple Store).<\/p>\n<\/p><\/div>\n","protected":false},"excerpt":{"rendered":"<p>&#13;SEE\/MG \/ Divulga\u00e7\u00e3o&#13; &#13; &#13; O recesso escolar dos estudantes da rede p\u00fablica de Minas&#8230;<\/p>\n","protected":false},"author":2,"featured_media":0,"comment_status":"open","ping_status":"open","sticky":false,"template":"","format":"standard","meta":{"footnotes":""},"categories":[],"tags":[],"class_list":["post-12151","post","type-post","status-publish","format-standard","hentry"],"amp_enabled":true,"_links":{"self":[{"href":"https:\/\/ipatingafc.com.br\/index.php\/wp-json\/wp\/v2\/posts\/12151","targetHints":{"allow":["GET"]}}],"collection":[{"href":"https:\/\/ipatingafc.com.br\/index.php\/wp-json\/wp\/v2\/posts"}],"about":[{"href":"https:\/\/ipatingafc.com.br\/index.php\/wp-json\/wp\/v2\/types\/post"}],"author":[{"embeddable":true,"href":"https:\/\/ipatingafc.com.br\/index.php\/wp-json\/wp\/v2\/users\/2"}],"replies":[{"embeddable":true,"href":"https:\/\/ipatingafc.com.br\/index.php\/wp-json\/wp\/v2\/comments?post=12151"}],"version-history":[{"count":0,"href":"https:\/\/ipatingafc.com.br\/index.php\/wp-json\/wp\/v2\/posts\/12151\/revisions"}],"wp:attachment":[{"href":"https:\/\/ipatingafc.com.br\/index.php\/wp-json\/wp\/v2\/media?parent=12151"}],"wp:term":[{"taxonomy":"category","embeddable":true,"href":"https:\/\/ipatingafc.com.br\/index.php\/wp-json\/wp\/v2\/categories?post=12151"},{"taxonomy":"post_tag","embeddable":true,"href":"https:\/\/ipatingafc.com.br\/index.php\/wp-json\/wp\/v2\/tags?post=12151"}],"curies":[{"name":"wp","href":"https:\/\/api.w.org\/{rel}","templated":true}]}}