{"id":12178,"date":"2024-07-23T20:00:12","date_gmt":"2024-07-23T23:00:12","guid":{"rendered":"https:\/\/ipatingafc.com.br\/index.php\/2024\/07\/23\/sessao-da-tarde-exibe-hoje-terca-23-07-na-globo-karate-kid\/"},"modified":"2024-07-23T20:00:12","modified_gmt":"2024-07-23T23:00:12","slug":"sessao-da-tarde-exibe-hoje-terca-23-07-na-globo-karate-kid","status":"publish","type":"post","link":"https:\/\/ipatingafc.com.br\/index.php\/2024\/07\/23\/sessao-da-tarde-exibe-hoje-terca-23-07-na-globo-karate-kid\/","title":{"rendered":"Sess\u00e3o da Tarde exibe Hoje Ter\u00e7a (23\/07) na Globo &#8211; Karat\u00ea Kid"},"content":{"rendered":"<p><\/p>\n<div>\n<p>COnfira a programa\u00e7\u00e3o da Globo\u00a0 <strong>hoje, 23\/07\/<\/strong><strong>2024 e que horas come\u00e7am os filmes de hoje.\u00a0<\/strong><\/p>\n<p><strong>Ter\u00e7a-feira, 23\/07\/2024<\/strong><\/p>\n<p>04:00 Hora Um<\/p>\n<p>06:00 Bom Dia Pra\u00e7a<\/p>\n<p>08:30 Bom Dia Brasil<\/p>\n<p>09:30 Encontro Com Patr\u00edcia Poeta<\/p>\n<p>10:35 Mais Voc\u00ea<\/p>\n<p>11:45 Pra\u00e7a TV \u2013 1\u00aa Edi\u00e7\u00e3o<\/p>\n<p>13:00 Globo Esporte<\/p>\n<p>13:25 Jornal Hoje<\/p>\n<p>14:45 Cheias de Charme<\/p>\n<p>15:25 Sess\u00e3o da Tarde \u2013 Karat\u00ea Kid<\/p>\n<p>17:15 Vale a Pena Ver de Novo \u2013 Alma G\u00eamea<\/p>\n<p>18:25 No Rancho Fundo<\/p>\n<p>19:10 Pra\u00e7a TV \u2013 2\u00aa Edi\u00e7\u00e3o<\/p>\n<p>19:40 Fam\u00edlia \u00e9 Tudo<\/p>\n<p>20:30 Jornal Nacional<\/p>\n<p>21:20 Renascer<\/p>\n<p>22:25 Encantado\u2019s<\/p>\n<p>23:05 Sob Press\u00e3o<\/p>\n<p>23:50 Profiss\u00e3o Rep\u00f3rter<\/p>\n<p>00:30 Jornal da Globo<\/p>\n<p>01:20 Conversa com Bial<\/p>\n<p>02:00 Fam\u00edlia \u00e9 Tudo<\/p>\n<p>02:45 Com\u00e9dia Na Madruga I<\/p>\n<p>03:25 Com\u00e9dia Na Madruga II<\/p>\n<p>Ter\u00e7a-feira, 23\/07\/2024<\/p>\n<p>Sess\u00e3o da Tarde<\/p>\n<p>Karat\u00ea Kid<\/p>\n<p>T\u00edtulo Original: The Karate Kid<\/p>\n<p>Pa\u00eds de Origem: Chinesa, Americana<\/p>\n<p>Ano de Produ\u00e7\u00e3o: 2010<\/p>\n<p>Diretor: Harald Zwart<\/p>\n<p>Elenco: Jaden Smith, Jackie Chan, Taraji P. Henson, Wenwen Han, Ji Wang,<\/p>\n<p>Shijia L\u00fc, Luke Carberry, Harry Van Gorkum<\/p>\n<p>Classe: A\u00e7\u00e3o<\/p>\n<p>Dre se mudou com a m\u00e3e para Pequim, onde sofre na m\u00e3o Cheng, um valent\u00e3o que lhe d\u00e1 uma surra. Mas o velho sr. Han vai lhe ensinar o kung fu.<\/p>\n<h3>\u00a0Sess\u00e3o da Tarde: **Karat\u00ea Kid**<\/h3>\n<p>**Data:** Ter\u00e7a-feira, 23 de julho de 2024<\/p>\n<p>**Hor\u00e1rio:** 15h (hor\u00e1rio de Bras\u00edlia)<\/p>\n<p>**Canal:** TV Globo<\/p>\n<p>\u2014<\/p>\n<p>#### **T\u00edtulo Original:** *The Karate Kid*<\/p>\n<p>**Pa\u00eds de Origem:** China, Estados Unidos<\/p>\n<p>**Ano de Produ\u00e7\u00e3o:** 2010<\/p>\n<p>**Diretor:** Harald Zwart<\/p>\n<p>**Elenco:** Jaden Smith, Jackie Chan, Taraji P. Henson, Wenwen Han, Ji Wang, Shijia L\u00fc, Luke Carberry, Harry Van Gorkum<\/p>\n<p>**G\u00eanero:** A\u00e7\u00e3o<\/p>\n<h3>Sinopse<\/h3>\n<p>No filme *Karat\u00ea Kid* (2010), Dre Parker (Jaden Smith) \u00e9 um jovem que se muda com sua m\u00e3e, Sherry Parker (Taraji P. Henson), para Pequim. Enfrentando dificuldades de adapta\u00e7\u00e3o em uma nova cultura e escola, Dre se torna alvo de bullying por parte de Cheng (Zhenwei Wang), um valent\u00e3o local.<\/p>\n<p>A vida de Dre muda quando conhece o sr. Han (Jackie Chan), o zelador de seu pr\u00e9dio, que tamb\u00e9m \u00e9 um mestre de kung fu. Vendo o sofrimento de Dre, o sr. Han decide ensin\u00e1-lo a arte do kung fu para que ele possa se defender e encontrar equil\u00edbrio na vida.<\/p>\n<p>Enquanto Dre aprende os princ\u00edpios e t\u00e9cnicas do kung fu, ele desenvolve uma amizade profunda com o sr. Han e descobre valores como respeito, disciplina e perseveran\u00e7a. A jornada culmina em um emocionante torneio de artes marciais, onde Dre enfrenta Cheng e demonstra tudo o que aprendeu com seu mentor.<\/p>\n<h3>\u00a0Curiosidades<\/h3>\n<p>\u2013 **Remake do Cl\u00e1ssico:** Este filme \u00e9 um remake do cl\u00e1ssico *Karat\u00ea Kid* de 1984, trazendo uma nova ambienta\u00e7\u00e3o e atualiza\u00e7\u00e3o para o p\u00fablico moderno.<\/p>\n<p>\u2013 **Treinamento Intenso:** Jaden Smith passou por um rigoroso treinamento de artes marciais para se preparar para o papel, treinando v\u00e1rias horas por dia durante meses.<\/p>\n<p>\u2013 **Loca\u00e7\u00f5es Aut\u00eanticas:** As filmagens ocorreram em loca\u00e7\u00f5es reais na China, incluindo a Grande Muralha e a Cidade Proibida, proporcionando uma aut\u00eantica imers\u00e3o cultural.<\/p>\n<p>\u2014<\/p>\n<p>N\u00e3o perca *Karat\u00ea Kid* na Sess\u00e3o da Tarde desta ter\u00e7a-feira, 23 de julho de 2024, uma hist\u00f3ria inspiradora de coragem, amizade e supera\u00e7\u00e3o.<\/p>\n<\/div>\n","protected":false},"excerpt":{"rendered":"<p>COnfira a programa\u00e7\u00e3o da Globo\u00a0 hoje, 23\/07\/2024 e que horas come\u00e7am os filmes de hoje.\u00a0&#8230;<\/p>\n","protected":false},"author":2,"featured_media":0,"comment_status":"open","ping_status":"open","sticky":false,"template":"","format":"standard","meta":{"footnotes":""},"categories":[2],"tags":[],"class_list":["post-12178","post","type-post","status-publish","format-standard","hentry","category-jogos-ao-vivo"],"amp_enabled":true,"_links":{"self":[{"href":"https:\/\/ipatingafc.com.br\/index.php\/wp-json\/wp\/v2\/posts\/12178","targetHints":{"allow":["GET"]}}],"collection":[{"href":"https:\/\/ipatingafc.com.br\/index.php\/wp-json\/wp\/v2\/posts"}],"about":[{"href":"https:\/\/ipatingafc.com.br\/index.php\/wp-json\/wp\/v2\/types\/post"}],"author":[{"embeddable":true,"href":"https:\/\/ipatingafc.com.br\/index.php\/wp-json\/wp\/v2\/users\/2"}],"replies":[{"embeddable":true,"href":"https:\/\/ipatingafc.com.br\/index.php\/wp-json\/wp\/v2\/comments?post=12178"}],"version-history":[{"count":0,"href":"https:\/\/ipatingafc.com.br\/index.php\/wp-json\/wp\/v2\/posts\/12178\/revisions"}],"wp:attachment":[{"href":"https:\/\/ipatingafc.com.br\/index.php\/wp-json\/wp\/v2\/media?parent=12178"}],"wp:term":[{"taxonomy":"category","embeddable":true,"href":"https:\/\/ipatingafc.com.br\/index.php\/wp-json\/wp\/v2\/categories?post=12178"},{"taxonomy":"post_tag","embeddable":true,"href":"https:\/\/ipatingafc.com.br\/index.php\/wp-json\/wp\/v2\/tags?post=12178"}],"curies":[{"name":"wp","href":"https:\/\/api.w.org\/{rel}","templated":true}]}}