{"id":12188,"date":"2024-07-24T06:16:34","date_gmt":"2024-07-24T09:16:34","guid":{"rendered":"https:\/\/ipatingafc.com.br\/index.php\/2024\/07\/24\/agencia-minas-gerais-minas-passa-a-oferecer-alvara-on-line-para-liberacao-de-veiculos-removidos-para-patios-credenciados\/"},"modified":"2024-07-24T06:16:34","modified_gmt":"2024-07-24T09:16:34","slug":"agencia-minas-gerais-minas-passa-a-oferecer-alvara-on-line-para-liberacao-de-veiculos-removidos-para-patios-credenciados","status":"publish","type":"post","link":"https:\/\/ipatingafc.com.br\/index.php\/2024\/07\/24\/agencia-minas-gerais-minas-passa-a-oferecer-alvara-on-line-para-liberacao-de-veiculos-removidos-para-patios-credenciados\/","title":{"rendered":"Ag\u00eancia Minas Gerais | Minas passa a oferecer alvar\u00e1 on-line para libera\u00e7\u00e3o de ve\u00edculos removidos para p\u00e1tios credenciados"},"content":{"rendered":"<p><\/p>\n<div>\n<section class=\"news-related \/ col-md-4 col-lg-3 \/ margin-md-bottom-2 margin-left-1 \/ pull-right \/ hidden-xs hidden-sm\">\n<header>\n<p class=\"text-title-section \/ margin-bottom-1\">Relacionadas<\/p>\n<\/header>\n<p>\t\t\t\t\t\t\t<main><\/p>\n<hr class=\"row margin-md-bottom-2\"\/>\n<hr class=\"row margin-md-bottom-2\"\/>\n<hr class=\"row margin-md-bottom-2\"\/>\n\t\t\t\t\t\t\t<\/main><br \/>\n\t\t\t\t\t\t<\/section>\n<p>J\u00e1 est\u00e1 dispon\u00edvel a solicita\u00e7\u00e3o pela internet do alvar\u00e1 de libera\u00e7\u00e3o para ve\u00edculos removidos para p\u00e1tios credenciados pela Coordenadoria Estadual de Gest\u00e3o de Tr\u00e2nsito (CET-MG), vinculada \u00e0 Secretaria de Estado de Planejamento e Gest\u00e3o (Seplag-MG).<\/p>\n<p>A novidade vale para todo o estado de Minas Gerais, e est\u00e1 dispon\u00edvel para ve\u00edculos removidos por infra\u00e7\u00f5es administrativas. Para realizar o servi\u00e7o, basta entrar no site da CET-MG e acessar a UAI Virtual, que tamb\u00e9m re\u00fane outros servi\u00e7os de tr\u00e2nsito. Com a libera\u00e7\u00e3o on-line do ve\u00edculo, o cidad\u00e3o tem a oportunidade de resolver as pend\u00eancias sem a necessidade de deslocamento at\u00e9 uma unidade de atendimento presencial.<\/p>\n<p>Com o alvar\u00e1 em m\u00e3os, emitido on-line, o cidad\u00e3o pode se deslocar direto para o p\u00e1tio credenciado para liberar o ve\u00edculo. O servi\u00e7o est\u00e1 dispon\u00edvel para os propriet\u00e1rios de ve\u00edculos, pessoas f\u00edsicas, que tiveram o ve\u00edculo removido como consequ\u00eancia de infra\u00e7\u00e3o de tr\u00e2nsito, durante abordagens feitas por agentes.<\/p>\n<p>Antes, a pessoa que tivesse o ve\u00edculo removido para um p\u00e1tio credenciado precisava acessar o portal da CET-MG para obter as informa\u00e7\u00f5es de pend\u00eancias do ve\u00edculo e verificar o endere\u00e7o do p\u00e1tio para qual o ve\u00edculo foi removido, para ent\u00e3o solucionar as pend\u00eancias, como pagamentos de impostos, taxas e eventuais multas e, com todos os comprovantes em m\u00e3os, se deslocar at\u00e9 uma unidade de atendimento e solicitar o alvar\u00e1 de libera\u00e7\u00e3o do ve\u00edculo.<\/p>\n<p>At\u00e9 a disponibiliza\u00e7\u00e3o do servi\u00e7o on-line, a libera\u00e7\u00e3o era feita na Unidade de Atendimento Integrado (UAI) Pra\u00e7a Sete, em Belo Horizonte, e nas Circunscri\u00e7\u00f5es Regionais de Tr\u00e2nsito (Ciretran) no interior.<\/p>\n<p>O chefe de Tr\u00e2nsito de Minas Gerais, Lucas Vilas Boas, enfatiza que a medida faz parte da pol\u00edtica do Governo de Minas para facilitar a vida do cidad\u00e3o. \u201cA CET-MG est\u00e1, gradualmente, implementando a transforma\u00e7\u00e3o digital dos servi\u00e7os de tr\u00e2nsito para facilitar a vida dos mineiros. A libera\u00e7\u00e3o de ve\u00edculos pela internet representa um importante avan\u00e7o na moderniza\u00e7\u00e3o desses servi\u00e7os e atende o cidad\u00e3o, de forma mais eficiente, \u00e1gil e com economia de tempo, que n\u00e3o precisa se deslocar at\u00e9 uma unidade de atendimento\u201d, afirma.<\/p>\n<p>Para a libera\u00e7\u00e3o do ve\u00edculo, \u00e9 necess\u00e1rio regularizar a pend\u00eancia que motivou a remo\u00e7\u00e3o e quitar as multas exig\u00edveis, taxas, al\u00e9m de outros encargos previstos na legisla\u00e7\u00e3o espec\u00edfica. No p\u00e1tio, ser\u00e1 necess\u00e1rio quitar as despesas com remo\u00e7\u00e3o e estadia.<\/p>\n<p>A consulta sobre o p\u00e1tio credenciado para onde o ve\u00edculo foi removido e os valores pode ser feita no site da CET-MG.<\/p>\n<p><strong>Como funciona<\/strong><\/p>\n<p>Para utilizar o novo servi\u00e7o, basta acessar o site www.transito.mg.gov.br, que agora \u00e9 portal de servi\u00e7os de tr\u00e2nsito do Governo de Minas. O cidad\u00e3o deve clicar na aba \u201cVe\u00edculos\u201d, depois em \u201cVe\u00edculos removidos para o p\u00e1tio\u201d e, em seguida, \u201csolicitar libera\u00e7\u00e3o de ve\u00edculos removidos (Irregularidades)\u201d e, por fim, no bot\u00e3o \u201cUAI Virtual\u201d. Em seguida, o cidad\u00e3o deve se autenticar com a conta do Governo Federal \u2013 gov.br.<\/p>\n<p>Para dar in\u00edcio \u00e0 solicita\u00e7\u00e3o, o cidad\u00e3o dever\u00e1 incluir a documenta\u00e7\u00e3o necess\u00e1ria, indicada na p\u00e1gina do servi\u00e7o. As solicita\u00e7\u00f5es enviadas at\u00e9 \u00e0s 15h, de segunda a sexta-feira, ser\u00e3o analisadas no mesmo dia.<\/p>\n<p>O sistema Protocolo Digital, da UAI Virtual, foi desenvolvido em parceria com a Companhia de Tecnologia da Informa\u00e7\u00e3o do Estado de Minas Gerais (Prodemge), com o objetivo de transformar digitalmente os servi\u00e7os de tr\u00e2nsito. A iniciativa foi financiada pelo Banco Nacional de Desenvolvimento Econ\u00f4mico e Social (BNDES) com a intermedia\u00e7\u00e3o da Secretaria de Estado de Casa Civil (SCC).<\/p>\n<p>O respons\u00e1vel pelo projeto \u00e9 o superintendente de Solu\u00e7\u00f5es de Tr\u00e2nsito e Atendimento ao Cidad\u00e3o da Prodemge, Andr\u00e9 Ferreira. \u201cO sistema permite que haja uma intera\u00e7\u00e3o com o cidad\u00e3o, caso seja necess\u00e1ria alguma corre\u00e7\u00e3o no processo. Se o ve\u00edculo tiver alguma pend\u00eancia que impe\u00e7a a emiss\u00e3o do alvar\u00e1 de libera\u00e7\u00e3o, o propriet\u00e1rio ser\u00e1 informado pelo atendente sobre quais s\u00e3o elas\u201d, explica.\u00a0<\/p>\n<p>Ele refor\u00e7a que, depois, a pessoa\u00a0 deve regularizar as pend\u00eancias e enviar os comprovantes para nova an\u00e1lise. Ap\u00f3s a conclus\u00e3o da an\u00e1lise do processo, e se a documenta\u00e7\u00e3o estiver correta, o alvar\u00e1 de libera\u00e7\u00e3o do ve\u00edculo ser\u00e1 emitido de forma digital, sem necessidade de comparecer presencialmente \u00e0 UAI ou Ciretran.<\/p>\n<p>Ve\u00edculos apreendidos por impedimento judicial ou crimes de tr\u00e2nsito continuam com atendimento presencial.<\/p>\n<\/p><\/div>\n","protected":false},"excerpt":{"rendered":"<p>Relacionadas J\u00e1 est\u00e1 dispon\u00edvel a solicita\u00e7\u00e3o pela internet do alvar\u00e1 de libera\u00e7\u00e3o para ve\u00edculos removidos&#8230;<\/p>\n","protected":false},"author":2,"featured_media":0,"comment_status":"open","ping_status":"open","sticky":false,"template":"","format":"standard","meta":{"footnotes":""},"categories":[],"tags":[],"class_list":["post-12188","post","type-post","status-publish","format-standard","hentry"],"amp_enabled":true,"_links":{"self":[{"href":"https:\/\/ipatingafc.com.br\/index.php\/wp-json\/wp\/v2\/posts\/12188","targetHints":{"allow":["GET"]}}],"collection":[{"href":"https:\/\/ipatingafc.com.br\/index.php\/wp-json\/wp\/v2\/posts"}],"about":[{"href":"https:\/\/ipatingafc.com.br\/index.php\/wp-json\/wp\/v2\/types\/post"}],"author":[{"embeddable":true,"href":"https:\/\/ipatingafc.com.br\/index.php\/wp-json\/wp\/v2\/users\/2"}],"replies":[{"embeddable":true,"href":"https:\/\/ipatingafc.com.br\/index.php\/wp-json\/wp\/v2\/comments?post=12188"}],"version-history":[{"count":0,"href":"https:\/\/ipatingafc.com.br\/index.php\/wp-json\/wp\/v2\/posts\/12188\/revisions"}],"wp:attachment":[{"href":"https:\/\/ipatingafc.com.br\/index.php\/wp-json\/wp\/v2\/media?parent=12188"}],"wp:term":[{"taxonomy":"category","embeddable":true,"href":"https:\/\/ipatingafc.com.br\/index.php\/wp-json\/wp\/v2\/categories?post=12188"},{"taxonomy":"post_tag","embeddable":true,"href":"https:\/\/ipatingafc.com.br\/index.php\/wp-json\/wp\/v2\/tags?post=12188"}],"curies":[{"name":"wp","href":"https:\/\/api.w.org\/{rel}","templated":true}]}}