{"id":12321,"date":"2024-07-28T01:24:58","date_gmt":"2024-07-28T04:24:58","guid":{"rendered":"https:\/\/ipatingafc.com.br\/index.php\/2024\/07\/28\/agencia-minas-gerais-governo-de-minas-publica-edital-de-concurso-para-especialista-em-politicas-publicas-e-gestao-governamental-2025\/"},"modified":"2024-07-28T01:24:58","modified_gmt":"2024-07-28T04:24:58","slug":"agencia-minas-gerais-governo-de-minas-publica-edital-de-concurso-para-especialista-em-politicas-publicas-e-gestao-governamental-2025","status":"publish","type":"post","link":"https:\/\/ipatingafc.com.br\/index.php\/2024\/07\/28\/agencia-minas-gerais-governo-de-minas-publica-edital-de-concurso-para-especialista-em-politicas-publicas-e-gestao-governamental-2025\/","title":{"rendered":"Ag\u00eancia Minas Gerais | Governo de Minas publica edital de concurso para Especialista em Pol\u00edticas P\u00fablicas e Gest\u00e3o Governamental 2025"},"content":{"rendered":"<p><\/p>\n<div>\n<p>A Funda\u00e7\u00e3o Jo\u00e3o Pinheiro (FJP) e a Secretaria de Estado de Planejamento e Gest\u00e3o de Minas Gerais (Seplag-MG) publicaram, nesta ter\u00e7a-feira (23\/7), o Edital n\u00ba 003\/2024, com informa\u00e7\u00f5es sobre o concurso p\u00fablico da carreira de Especialista em Pol\u00edticas P\u00fablicas e Gest\u00e3o Governamental (EPPGG), com 40 vagas.<\/p>\n<p>As inscri\u00e7\u00f5es custam R$ 65 e poder\u00e3o ser feitas entre os dias 23\/9 e 4\/10\/2024 no site concurso.fundacaocefetminas.org.br.<\/p>\n<p>Para participar, o interessado dever\u00e1, obrigatoriamente, prestar o Exame Nacional do Ensino M\u00e9dio (Enem) 2024 como primeira etapa do concurso, como divulgado no in\u00edcio do semestre deste ano.<\/p>\n<p>Ser\u00e1 convocado para a habilita\u00e7\u00e3o documental (segunda etapa) o candidato que for classificado at\u00e9 o limite de 120 vagas, respeitadas as reservas legais. Em caso de aprova\u00e7\u00e3o na habilita\u00e7\u00e3o documental, ser\u00e1 convocado para a terceira etapa do concurso p\u00fablico, que consiste na frequ\u00eancia e conclus\u00e3o do curso de gradua\u00e7\u00e3o em administra\u00e7\u00e3o p\u00fablica (Csap), ministrado pela Escola de Governo da FJP, o candidato aprovado, classificado e habilitado at\u00e9 o limite das 40 vagas oferecidas, respeitadas as reservas legais.<\/p>\n<p><strong>Gradua\u00e7\u00e3o e carreira<\/strong><\/p>\n<p>Gratuito, o curso de gradua\u00e7\u00e3o em administra\u00e7\u00e3o p\u00fablica \u00e9 reconhecido pelo Conselho Estadual de Educa\u00e7\u00e3o de Minas Gerais, tem dura\u00e7\u00e3o de quatro anos e \u00e9 refer\u00eancia no Brasil, sendo eleito, pela quarta vez consecutiva, o melhor curso de administra\u00e7\u00e3o p\u00fablica do pa\u00eds pelo Exame Nacional de Desempenho dos Estudantes (Enade), promovido pelo Minist\u00e9rio da Educa\u00e7\u00e3o (MEC).<\/p>\n<p>De dedica\u00e7\u00e3o exclusiva, oferece aos estudantes uma bolsa de estudos mensal de um sal\u00e1rio m\u00ednimo. Ap\u00f3s formados, os bachar\u00e9is recebem o t\u00edtulo de administradores p\u00fablicos e, cumpridos os demais requisitos dispostos no edital e na legisla\u00e7\u00e3o estadual, s\u00e3o nomeados para os cargos de EPPGG, com atua\u00e7\u00e3o nos diversos \u00f3rg\u00e3os e entidades da administra\u00e7\u00e3o direta, aut\u00e1rquica e fundacional do poder executivo estadual.<\/p>\n<p>As principais atribui\u00e7\u00f5es do EPPGG est\u00e3o relacionadas \u00e0 formula\u00e7\u00e3o, supervis\u00e3o e avalia\u00e7\u00e3o de pol\u00edticas p\u00fablicas. Esses profissionais tamb\u00e9m podem atuar nas \u00e1reas de planejamento, administra\u00e7\u00e3o financeira e or\u00e7ament\u00e1ria, contabilidade, moderniza\u00e7\u00e3o da gest\u00e3o, racionaliza\u00e7\u00e3o de processos, gest\u00e3o e tecnologia da informa\u00e7\u00e3o, recursos log\u00edsticos, recursos materiais, recursos humanos e administra\u00e7\u00e3o patrimonial.<\/p>\n<p>A remunera\u00e7\u00e3o do cargo de EPPGG, n\u00edvel 1, grau A, pode corresponder a at\u00e9 R$ 5.468,07, aproximadamente, considerando o vencimento b\u00e1sico acrescido de 100% da Gratifica\u00e7\u00e3o de Desempenho e Produtividade Individual e Institucional (GDPI).<\/p>\n<\/p><\/div>\n","protected":false},"excerpt":{"rendered":"<p>A Funda\u00e7\u00e3o Jo\u00e3o Pinheiro (FJP) e a Secretaria de Estado de Planejamento e Gest\u00e3o de&#8230;<\/p>\n","protected":false},"author":2,"featured_media":0,"comment_status":"open","ping_status":"open","sticky":false,"template":"","format":"standard","meta":{"footnotes":""},"categories":[],"tags":[],"class_list":["post-12321","post","type-post","status-publish","format-standard","hentry"],"amp_enabled":true,"_links":{"self":[{"href":"https:\/\/ipatingafc.com.br\/index.php\/wp-json\/wp\/v2\/posts\/12321","targetHints":{"allow":["GET"]}}],"collection":[{"href":"https:\/\/ipatingafc.com.br\/index.php\/wp-json\/wp\/v2\/posts"}],"about":[{"href":"https:\/\/ipatingafc.com.br\/index.php\/wp-json\/wp\/v2\/types\/post"}],"author":[{"embeddable":true,"href":"https:\/\/ipatingafc.com.br\/index.php\/wp-json\/wp\/v2\/users\/2"}],"replies":[{"embeddable":true,"href":"https:\/\/ipatingafc.com.br\/index.php\/wp-json\/wp\/v2\/comments?post=12321"}],"version-history":[{"count":0,"href":"https:\/\/ipatingafc.com.br\/index.php\/wp-json\/wp\/v2\/posts\/12321\/revisions"}],"wp:attachment":[{"href":"https:\/\/ipatingafc.com.br\/index.php\/wp-json\/wp\/v2\/media?parent=12321"}],"wp:term":[{"taxonomy":"category","embeddable":true,"href":"https:\/\/ipatingafc.com.br\/index.php\/wp-json\/wp\/v2\/categories?post=12321"},{"taxonomy":"post_tag","embeddable":true,"href":"https:\/\/ipatingafc.com.br\/index.php\/wp-json\/wp\/v2\/tags?post=12321"}],"curies":[{"name":"wp","href":"https:\/\/api.w.org\/{rel}","templated":true}]}}