{"id":12331,"date":"2024-07-28T12:17:30","date_gmt":"2024-07-28T15:17:30","guid":{"rendered":"https:\/\/ipatingafc.com.br\/index.php\/2024\/07\/28\/temperatura-maxima-exibe-hoje-28-07-na-globo-olimpiadas-de-paris\/"},"modified":"2024-07-28T12:17:30","modified_gmt":"2024-07-28T15:17:30","slug":"temperatura-maxima-exibe-hoje-28-07-na-globo-olimpiadas-de-paris","status":"publish","type":"post","link":"https:\/\/ipatingafc.com.br\/index.php\/2024\/07\/28\/temperatura-maxima-exibe-hoje-28-07-na-globo-olimpiadas-de-paris\/","title":{"rendered":"Temperatura M\u00e1xima exibe HOJE (28\/07) na Globo &#8211; Olimp\u00edadas de Paris"},"content":{"rendered":"<p><\/p>\n<div>\n<p>COnfira a programa\u00e7\u00e3o da Globo\u00a0 <strong>hoje, 28\/07\/<\/strong><strong>2024 e que horas come\u00e7am os filmes de hoje.\u00a0<\/strong><\/p>\n<p>Coruj\u00e3o Temperatura M\u00e1xima \u2013 Domingo Maior \u2013 Cinema\u00e7o \u2013<\/p>\n<p>Domingo, 28\/07\/2024<\/p>\n<p>04:00 Olimp\u00edadas de Paris 2024<\/p>\n<p>10:45 Olimp\u00edadas de Paris 2024<\/p>\n<p>12:00 Olimp\u00edadas de Paris 2024<\/p>\n<p>14:45 Olimp\u00edadas de Paris 2024<\/p>\n<p>16:00 Olimp\u00edadas de Paris 2024<\/p>\n<p>18:10 Doming\u00e3o Com Huck<\/p>\n<p>20:30 Fant\u00e1stico<\/p>\n<p>23:35 Domingo Maior \u2013 1917<\/p>\n<p>01:35 Cinema\u00e7o \u2013 + Velozes + Furiosos<\/p>\n<p>03:25 Com\u00e9dia Na Madruga I<\/p>\n<p><strong>Domingo, 28\/07\/2024<\/strong><\/p>\n<p>Domingo Maior<\/p>\n<p>1917<\/p>\n<p>T\u00edtulo Original: 1917<\/p>\n<p>Pa\u00eds de Origem: Canadense<\/p>\n<p>Ano de Produ\u00e7\u00e3o: 2019<\/p>\n<p>Diretor: Sam Mendes<\/p>\n<p>Elenco: Benedict Cumberbatch, Colin Firth, Dean-Charles Chapman, George<\/p>\n<p>Mackay<\/p>\n<p>Classe: \u00c9pico<\/p>\n<p>Na 1\u00aa Guerra Mundial, dois jovens soldados brit\u00e2nicos devem atravessar enorme campo de batalha para levar uma mensagem capaz de salvar a vida de 1.600 soldados.<\/p>\n<p>Cinema\u00e7o<\/p>\n<p>+ Velozes + Furiosos<\/p>\n<p>T\u00edtulo Original: 2 Fast 2 Furious<\/p>\n<p>Pa\u00eds de Origem: Alem\u00e3<\/p>\n<p>Ano de Produ\u00e7\u00e3o: 2003<\/p>\n<p>Diretor: John Singleton<\/p>\n<p>Elenco: Cole Hauser, Ludacris, Paul Walker, Eva Mendes, Tyrese Gibson<\/p>\n<p>Classe: A\u00e7\u00e3o, Policial<\/p>\n<p>Policial reformado \u00e9 for\u00e7ado a participar de investiga\u00e7\u00e3o. Ele se infiltra no crime organizado de Miami e ajuda a pol\u00edcia a prender o chefe do tr\u00e1fico.<\/p>\n<h3>**Domingo Maior e Cinema\u00e7o: 28\/07\/2024**<\/h3>\n<p>\u00a0<\/p>\n<h4>**Domingo Maior: 1917**<\/h4>\n<p>\u00a0<\/p>\n<p>No pr\u00f3ximo *Domingo Maior*, a TV Globo apresenta \u201c1917\u201d, um \u00e9pico dirigido por Sam Mendes. Este filme, lan\u00e7ado em 2019, \u00e9 conhecido por sua abordagem \u00fanica de filmagem, com planos-sequ\u00eancia que criam uma experi\u00eancia imersiva para o espectador. A hist\u00f3ria se passa durante a Primeira Guerra Mundial e segue dois jovens soldados brit\u00e2nicos, Schofield (George MacKay) e Blake (Dean-Charles Chapman), em uma miss\u00e3o perigosa para entregar uma mensagem que pode salvar a vida de 1.600 homens.<\/p>\n<p>\u00a0<\/p>\n<p>**Elenco e Produ\u00e7\u00e3o:** Al\u00e9m de MacKay e Chapman, o filme conta com atua\u00e7\u00f5es de Benedict Cumberbatch e Colin Firth. A produ\u00e7\u00e3o \u00e9 uma parceria entre Reino Unido e Canad\u00e1, e o filme foi amplamente aclamado por sua cinematografia, trilha sonora e dire\u00e7\u00e3o.<\/p>\n<p>\u00a0<\/p>\n<p>**Exibi\u00e7\u00e3o:** \u201c1917\u201d ser\u00e1 exibido no *Domingo Maior* em 28 de julho de 2024, ap\u00f3s o programa \u201cFant\u00e1stico\u201d. \u00c9 uma excelente oportunidade para os amantes de cinema \u00e9pico e hist\u00f3rico.<\/p>\n<p>\u00a0<\/p>\n<h4>**Cinema\u00e7o: + Velozes + Furiosos**<\/h4>\n<p>\u00a0<\/p>\n<p>Na sequ\u00eancia, o *Cinema\u00e7o* traz \u201c2 Fast 2 Furious\u201d (conhecido no Brasil como \u201c+ Velozes + Furiosos\u201d), um cl\u00e1ssico do g\u00eanero a\u00e7\u00e3o lan\u00e7ado em 2003. Dirigido por John Singleton, este segundo filme da franquia *Velozes e Furiosos* segue o ex-policial Brian O\u2019Conner (Paul Walker), que \u00e9 recrutado para se infiltrar no mundo do crime em Miami e ajudar a prender um chefe do tr\u00e1fico. Ele conta com a ajuda de seu amigo Roman Pearce (Tyrese Gibson) e da agente secreta Monica Fuentes (Eva Mendes).<\/p>\n<p>\u00a0<\/p>\n<p>**Elenco e Produ\u00e7\u00e3o:** Al\u00e9m de Walker, Gibson e Mendes, o elenco inclui Ludacris e Cole Hauser. O filme \u00e9 uma produ\u00e7\u00e3o conjunta entre os Estados Unidos e Alemanha, conhecida por suas sequ\u00eancias de a\u00e7\u00e3o e corridas de carros emocionantes.<\/p>\n<p>\u00a0<\/p>\n<p>**Exibi\u00e7\u00e3o:** \u201c+ Velozes + Furiosos\u201d ser\u00e1 exibido no *Cinema\u00e7o* logo ap\u00f3s o *Domingo Maior*, fechando a noite de domingo com muita adrenalina e a\u00e7\u00e3o.<\/p>\n<p>\u00a0<\/p>\n<p>Esses dois filmes oferecem uma noite diversificada de entretenimento, desde o drama hist\u00f3rico e emocional de \u201c1917\u201d at\u00e9 a a\u00e7\u00e3o empolgante de \u201c+ Velozes + Furiosos\u201d. N\u00e3o perca!<\/p>\n<\/div>\n","protected":false},"excerpt":{"rendered":"<p>COnfira a programa\u00e7\u00e3o da Globo\u00a0 hoje, 28\/07\/2024 e que horas come\u00e7am os filmes de hoje.\u00a0&#8230;<\/p>\n","protected":false},"author":2,"featured_media":0,"comment_status":"open","ping_status":"open","sticky":false,"template":"","format":"standard","meta":{"footnotes":""},"categories":[2],"tags":[],"class_list":["post-12331","post","type-post","status-publish","format-standard","hentry","category-jogos-ao-vivo"],"amp_enabled":true,"_links":{"self":[{"href":"https:\/\/ipatingafc.com.br\/index.php\/wp-json\/wp\/v2\/posts\/12331","targetHints":{"allow":["GET"]}}],"collection":[{"href":"https:\/\/ipatingafc.com.br\/index.php\/wp-json\/wp\/v2\/posts"}],"about":[{"href":"https:\/\/ipatingafc.com.br\/index.php\/wp-json\/wp\/v2\/types\/post"}],"author":[{"embeddable":true,"href":"https:\/\/ipatingafc.com.br\/index.php\/wp-json\/wp\/v2\/users\/2"}],"replies":[{"embeddable":true,"href":"https:\/\/ipatingafc.com.br\/index.php\/wp-json\/wp\/v2\/comments?post=12331"}],"version-history":[{"count":0,"href":"https:\/\/ipatingafc.com.br\/index.php\/wp-json\/wp\/v2\/posts\/12331\/revisions"}],"wp:attachment":[{"href":"https:\/\/ipatingafc.com.br\/index.php\/wp-json\/wp\/v2\/media?parent=12331"}],"wp:term":[{"taxonomy":"category","embeddable":true,"href":"https:\/\/ipatingafc.com.br\/index.php\/wp-json\/wp\/v2\/categories?post=12331"},{"taxonomy":"post_tag","embeddable":true,"href":"https:\/\/ipatingafc.com.br\/index.php\/wp-json\/wp\/v2\/tags?post=12331"}],"curies":[{"name":"wp","href":"https:\/\/api.w.org\/{rel}","templated":true}]}}