{"id":12397,"date":"2024-07-31T00:01:38","date_gmt":"2024-07-31T03:01:38","guid":{"rendered":"https:\/\/ipatingafc.com.br\/index.php\/2024\/07\/31\/agencia-minas-gerais-seguranca-publica-aposta-em-educacao-e-trabalho-como-ferramentas-de-ressocializacao\/"},"modified":"2024-07-31T00:01:38","modified_gmt":"2024-07-31T03:01:38","slug":"agencia-minas-gerais-seguranca-publica-aposta-em-educacao-e-trabalho-como-ferramentas-de-ressocializacao","status":"publish","type":"post","link":"https:\/\/ipatingafc.com.br\/index.php\/2024\/07\/31\/agencia-minas-gerais-seguranca-publica-aposta-em-educacao-e-trabalho-como-ferramentas-de-ressocializacao\/","title":{"rendered":"Ag\u00eancia Minas Gerais | Seguran\u00e7a P\u00fablica aposta em educa\u00e7\u00e3o e trabalho como ferramentas de ressocializa\u00e7\u00e3o\u00a0"},"content":{"rendered":"<p><\/p>\n<div>\n<p>Ap\u00f3s um longo per\u00edodo em regime de reclus\u00e3o, o retorno \u00e0 sociedade pode se tornar desafiador para os indiv\u00edduos privados de liberdade. Por este motivo, \u00e9 importante realizar a\u00e7\u00f5es que promovam a ressocializa\u00e7\u00e3o dos detentos por meio do acesso \u00e0 educa\u00e7\u00e3o e ao trabalho. O Pres\u00eddio de Campos Gerais, no Sul de Minas, faz dessa pr\u00e1tica uma miss\u00e3o e contabiliza diversas capacita\u00e7\u00f5es e parcerias de trabalho.<\/p>\n<p>Neste m\u00eas de julho, uma nova parceria firmada pela unidade com a empresa Conspavi, que atua no ramo de constru\u00e7\u00e3o e pavimenta\u00e7\u00e3o, permitiu que mais dez presos iniciassem atividades laborais extramuros. O pres\u00eddio tamb\u00e9m tem parceria de trabalho externo com a Cooperativa dos Cafeicultores de Campos Gerais e Campo do Meio (Coopercam), al\u00e9m de oferecer trabalhos internos ligados \u00e0s atividades de manuten\u00e7\u00e3o da unidade, nas \u00e1reas de limpeza, cozinha e lavanderia. Ao todo, as iniciativas j\u00e1 empregam 95 detentos, o que corresponde a\u00a0mais da metade dos custodiados da unidade inserida em atividades laborais.\u00a0<\/p>\n<p>O pres\u00eddio tamb\u00e9m oferece aos detentos, regularmente, cursos profissionalizantes que podem ajud\u00e1-los a encontrar um emprego ou mesmo se tornarem empreendedores quando deixarem a pris\u00e3o. As capacita\u00e7\u00f5es permitem que os custodiados interessados se tornem futuros pedreiros, carpinteiros, horticultores e artes\u00e3os de artigos ind\u00edgenas, de fibras naturais r\u00edgidas ou de bordado \u00e0 m\u00e3o.<\/p>\n<p>Diretor do Pres\u00eddio de Campos Gerais, Everton Altieres\u00a0refor\u00e7a que a\u00e7\u00f5es como essas s\u00e3o importantes n\u00e3o apenas para aqueles que est\u00e3o submetidos \u00e0 pena restritiva de liberdade, mas tamb\u00e9m para toda a sociedade. &#8220;Proporcionando oportunidades e conhecimento para os que est\u00e3o reclusos, garantimos mais condi\u00e7\u00f5es de reinser\u00e7\u00e3o social, melhorando a conviv\u00eancia, para que tenham mais chances e aceita\u00e7\u00e3o no mercado\u00a0de\u00a0trabalho&#8221;, destaca.<\/p>\n<p><strong>Acesso \u00e0 educa\u00e7\u00e3o<\/strong><\/p>\n<p>Com o apoio da Escola Municipal Jo\u00e3o Barbalho e da Escola Estadual Professor Eduardo Daniel Ferreira Dias, foram implementadas, na unidade prisional, turmas de Ensino Fundamental I e II e de Ensino M\u00e9dio que, tamb\u00e9m em julho, foram ampliadas e passaram a atender cerca de 45 detentos. S\u00e3o 37 no Ensino Fundamental e oito no Ensino M\u00e9dio.\u00a0<\/p>\n<p>Al\u00e9m do acesso \u00e0 educa\u00e7\u00e3o b\u00e1sica, os detentos no Pres\u00eddio de Campos Gerais tamb\u00e9m t\u00eam a oportunidade de participar do Exame Nacional para Certifica\u00e7\u00e3o de Compet\u00eancias de Jovens e Adultos (Encceja) e do Exame Nacional do Ensino M\u00e9dio (Enem) e, assim, conseguirem uma vaga no ensino superior.<\/p>\n<p>M\u00e1rcio In\u00e1cio da Silva est\u00e1 em reclus\u00e3o h\u00e1 cerca de\u00a0 dez\u00a0anos e, gra\u00e7as ao acesso \u00e0 educa\u00e7\u00e3o oferecida\u00a0na unidade, est\u00e1 perto de alcan\u00e7ar um antigo sonho: se tornar engenheiro agr\u00f4nomo. O detento conta que havia estudado apenas at\u00e9 a 5\u00aa s\u00e9rie e, durante o per\u00edodo em deten\u00e7\u00e3o, teve a oportunidade de realizar a prova do Encceja\u00a0e conseguir o certificado de conclus\u00e3o do Ensino Fundamental. Atualmente, ele integra a turma do 1\u00ba ano do Ensino M\u00e9dio e destaca que participar dos projetos de ressocializa\u00e7\u00e3o tem sido \u201cmuito importante para o crescimento pessoal e profissional\u201d.<\/p>\n<p><b>Transforma\u00e7\u00e3o<\/b><\/p>\n<p>Desde\u00a0que a unidade deu in\u00edcio \u00e0s suas atividades, em agosto de 2011, o N\u00facleo de Trabalho e Ensino tem sido respons\u00e1vel por desenvolver iniciativas que, al\u00e9m de transformar o cotidiano dos detentos, t\u00eam lhes permitido ver outras perspectivas para o futuro.<\/p>\n<p>Para a coordenadora desse n\u00facleo, no Pres\u00eddio de Campos Gerais, J\u00e9ssica Lariane Fialho Silva, o processo de ressocializa\u00e7\u00e3o s\u00f3 \u00e9 concretizado se o detento tiver um trabalho digno e o m\u00ednimo de instru\u00e7\u00e3o. &#8220;Acredito que a educa\u00e7\u00e3o \u00e9 o \u00fanico caminho para que isso seja alcan\u00e7ado\u201d,\u00a0 conclui.<\/p>\n<p>\u00a0<\/p>\n<\/p><\/div>\n","protected":false},"excerpt":{"rendered":"<p>Ap\u00f3s um longo per\u00edodo em regime de reclus\u00e3o, o retorno \u00e0 sociedade pode se tornar&#8230;<\/p>\n","protected":false},"author":2,"featured_media":0,"comment_status":"open","ping_status":"open","sticky":false,"template":"","format":"standard","meta":{"footnotes":""},"categories":[],"tags":[],"class_list":["post-12397","post","type-post","status-publish","format-standard","hentry"],"amp_enabled":true,"_links":{"self":[{"href":"https:\/\/ipatingafc.com.br\/index.php\/wp-json\/wp\/v2\/posts\/12397","targetHints":{"allow":["GET"]}}],"collection":[{"href":"https:\/\/ipatingafc.com.br\/index.php\/wp-json\/wp\/v2\/posts"}],"about":[{"href":"https:\/\/ipatingafc.com.br\/index.php\/wp-json\/wp\/v2\/types\/post"}],"author":[{"embeddable":true,"href":"https:\/\/ipatingafc.com.br\/index.php\/wp-json\/wp\/v2\/users\/2"}],"replies":[{"embeddable":true,"href":"https:\/\/ipatingafc.com.br\/index.php\/wp-json\/wp\/v2\/comments?post=12397"}],"version-history":[{"count":0,"href":"https:\/\/ipatingafc.com.br\/index.php\/wp-json\/wp\/v2\/posts\/12397\/revisions"}],"wp:attachment":[{"href":"https:\/\/ipatingafc.com.br\/index.php\/wp-json\/wp\/v2\/media?parent=12397"}],"wp:term":[{"taxonomy":"category","embeddable":true,"href":"https:\/\/ipatingafc.com.br\/index.php\/wp-json\/wp\/v2\/categories?post=12397"},{"taxonomy":"post_tag","embeddable":true,"href":"https:\/\/ipatingafc.com.br\/index.php\/wp-json\/wp\/v2\/tags?post=12397"}],"curies":[{"name":"wp","href":"https:\/\/api.w.org\/{rel}","templated":true}]}}