{"id":12657,"date":"2024-08-09T04:37:04","date_gmt":"2024-08-09T07:37:04","guid":{"rendered":"https:\/\/ipatingafc.com.br\/index.php\/2024\/08\/09\/agencia-minas-gerais-governo-de-minas-confirma-atracao-de-investimento-de-r-18-bilhao-em-nova-fabrica-do-grupo-boticario-no-sul-de-minas\/"},"modified":"2024-08-09T04:37:04","modified_gmt":"2024-08-09T07:37:04","slug":"agencia-minas-gerais-governo-de-minas-confirma-atracao-de-investimento-de-r-18-bilhao-em-nova-fabrica-do-grupo-boticario-no-sul-de-minas","status":"publish","type":"post","link":"https:\/\/ipatingafc.com.br\/index.php\/2024\/08\/09\/agencia-minas-gerais-governo-de-minas-confirma-atracao-de-investimento-de-r-18-bilhao-em-nova-fabrica-do-grupo-boticario-no-sul-de-minas\/","title":{"rendered":"Ag\u00eancia Minas Gerais | Governo de Minas confirma atra\u00e7\u00e3o de investimento de R$ 1,8 bilh\u00e3o em nova f\u00e1brica do Grupo Botic\u00e1rio, no Sul de Minas"},"content":{"rendered":"<p><\/p>\n<div>\n<section class=\"news-related \/ col-md-4 col-lg-3 \/ margin-md-bottom-2 margin-left-1 \/ pull-right \/ hidden-xs hidden-sm\">\n<header>\n<p class=\"text-title-section \/ margin-bottom-1\">Relacionadas<\/p>\n<\/header>\n<p>\t\t\t\t\t\t\t<main><\/p>\n<hr class=\"row margin-md-bottom-2\"\/>\n<hr class=\"row margin-md-bottom-2\"\/>\n\t\t\t\t\t\t\t<\/main><br \/>\n\t\t\t\t\t\t<\/section>\n<p>O governador Romeu Zema se reuniu com representantes do Grupo Botic\u00e1rio, nesta quinta-feira (8\/8), na Cidade Administrativa, para confirma\u00e7\u00e3o de mais uma atra\u00e7\u00e3o de investimentos para o estado.\u00a0<\/p>\n<p>O grupo anunciou que vai investir R$ 1,8 bilh\u00e3o em uma nova f\u00e1brica em Pouso Alegre, no Sul de Minas, com expectativa de gera\u00e7\u00e3o de 800 empregos diretos, um aumento da capacidade produtiva da companhia em 50%.<\/p>\n<p>Os investimentos na nova planta fabril se iniciam ainda em 2024, e a previs\u00e3o \u00e9 que esteja em opera\u00e7\u00e3o at\u00e9 2028, conectando inova\u00e7\u00e3o e tecnologia de ponta aos mais altos padr\u00f5es de qualidade e efici\u00eancia.\u00a0<\/p>\n<p>\u201cHoje \u00e9 um dia marcante para Minas Gerais. N\u00f3s estamos recebendo um grande investimento para o estado. A empresa O Botic\u00e1rio vai construir uma unidade que ter\u00e1 capacidade de produ\u00e7\u00e3o superior ao total que eles produzem hoje em diversas unidades&#8221;, destaca\u00a0o governador.<\/p>\n<p>Na avalia\u00e7\u00e3o de Romeu Zema, a unidade de cosm\u00e9ticos ser\u00e1 uma das maiores do estado e do pa\u00eds, o que refor\u00e7a\u00a0a import\u00e2ncia do investimento para gerar trabalho e renda para os mineiros.\u00a0<br \/>&#13;<br \/>\n\u00a0<\/p>\n<table align=\"center\" border=\"0\" cellpadding=\"1\" cellspacing=\"1\" style=\"width: 100%;\">&#13;<\/p>\n<tbody>&#13;<\/p>\n<tr>&#13;<\/p>\n<td colspan=\"5\" style=\"text-align: center; vertical-align: middle;\">&#13;<\/p>\n<p style=\"text-align:center\"><img decoding=\"async\" alt=\"\" height=\"10\" src=\"https:\/\/www.agenciaminas.mg.gov.br\/ckeditor_assets\/pictures\/20949\/content_2_olho_topo.jpg\"\/><\/p>\n<p>&#13;\n\t\t\t<\/td>\n<p>&#13;<br \/>\n\t\t<\/tr>\n<p>&#13;<\/p>\n<tr>&#13;<\/p>\n<td style=\"text-align: center; vertical-align: middle;\">\u00a0<\/td>\n<p>&#13;<\/p>\n<td colspan=\"3\" rowspan=\"3\" style=\"text-align: center; vertical-align: middle;\">&#13;<br \/>\n\t\t\t&#13;\n\t\t\t<\/td>\n<p>&#13;<\/p>\n<td style=\"text-align: center; vertical-align: middle;\">\u00a0<\/td>\n<p>&#13;<br \/>\n\t\t<\/tr>\n<p>&#13;<\/p>\n<tr>&#13;<\/p>\n<td style=\"text-align: center; vertical-align: middle;\">\u00a0<\/td>\n<p>&#13;<\/p>\n<td style=\"text-align: center; vertical-align: middle;\">\u00a0<\/td>\n<p>&#13;<br \/>\n\t\t<\/tr>\n<p>&#13;<\/p>\n<tr>&#13;<\/p>\n<td style=\"text-align: center; vertical-align: middle;\">\u00a0<\/td>\n<p>&#13;<\/p>\n<td style=\"text-align: center; vertical-align: middle;\">\u00a0<\/td>\n<p>&#13;<br \/>\n\t\t<\/tr>\n<p>&#13;<\/p>\n<tr>&#13;<\/p>\n<td colspan=\"5\" style=\"text-align: center; vertical-align: middle;\">&#13;<\/p>\n<p style=\"text-align:center\"><img decoding=\"async\" alt=\"\" height=\"10\" src=\"https:\/\/www.agenciaminas.mg.gov.br\/ckeditor_assets\/pictures\/20950\/content_2_olho_inferior.jpg\"\/><\/p>\n<p>&#13;\n\t\t\t<\/td>\n<p>&#13;<br \/>\n\t\t<\/tr>\n<p>&#13;<br \/>\n\t<\/tbody>\n<p>&#13;<br \/>\n<\/table>\n<p>&#13;<br \/>\n<strong>Crescimento\u00a0<\/strong><\/p>\n<p>O projeto viabilizar\u00e1 a evolu\u00e7\u00e3o do ecossistema de beleza, e, em sincronia com o crescimento industrial e log\u00edstico por todo o Brasil, impactar\u00e1 positivamente a estrat\u00e9gia multicanal do neg\u00f3cio, contemplando franqueados, fornecedores, revendedores, distribuidores, e-commerce e canais n\u00e3o-propriet\u00e1rios.\u00a0<\/p>\n<p>\u201cO Grupo Botic\u00e1rio j\u00e1 est\u00e1 na casa da maioria dos brasileiros, e em Minas Gerais n\u00e3o \u00e9 diferente. Estamos presentes no estado h\u00e1 muitos anos com franqueados, fornecedores, distribuidores, parceiros, revendedores. Este novo investimento, com a decis\u00e3o de estabelecer uma f\u00e1brica no Estado, ressalta nossa rela\u00e7\u00e3o de longo prazo com os mineiros e com os nossos parceiros locais\u201d, destaca Artur Grynbaum, vice-presidente do Conselho do Grupo Botic\u00e1rio.\u00a0<\/p>\n<p>\u201cEstamos atentos ao crescimento do mercado de beleza e \u00e0 demanda dos consumidores, sempre no centro de nossas decis\u00f5es. Os novos investimentos elevam nosso potencial em entregar as melhores solu\u00e7\u00f5es e produtos aos nossos clientes. E, ainda, aliando crescimento com impacto positivo, fomentamos a gera\u00e7\u00e3o de oportunidades de neg\u00f3cio e renda para centenas de pessoas no Estado de Minas Gerais\u201d, afirma Fernando Mod\u00e9, CEO do Grupo Botic\u00e1rio.\u00a0<\/p>\n<p>Secret\u00e1rio de Estado de Desenvolvimento Econ\u00f4mico de Minas Gerais (Sede), Fernando Passalio destaca que o impulsionamento da economia mineira e da qualidade de vida da popula\u00e7\u00e3o \u00e9 um dos principais objetivos do Governo de Minas, que aposta em investimentos privados como o do Grupo Botic\u00e1rio para promover o desenvolvimento regional. \u00a0<\/p>\n<p>\u201cMinas Gerais possui um mercado consumidor respeitado, estrategicamente trabalhado pelos investidores, assim como uma localiza\u00e7\u00e3o privilegiada, no cora\u00e7\u00e3o do Brasil, que o conecta praticamente com todas as regi\u00f5es. Esse investimento trar\u00e1, pois, benef\u00edcios diversos, que prometem alcan\u00e7ar n\u00e3o s\u00f3 a popula\u00e7\u00e3o mineira e nacional, como a cadeia produtiva de modo geral\u201d, diz o secret\u00e1rio.\u00a0<\/p>\n<p>Com a gera\u00e7\u00e3o de novos postos de empregos diretos, a empresa dar\u00e1 continuidade ao desenvolvimento de iniciativas sociais com foco em capacita\u00e7\u00e3o e empreendedorismo.\u00a0<\/p>\n<p>A expans\u00e3o anunciada acompanha o pioneirismo e evolu\u00e7\u00e3o constante do Grupo em sua agenda ESG, que se mant\u00e9m perene, alinhada e integrada \u00e0 estrat\u00e9gia de neg\u00f3cio. Com \u00eanfase em sustentabilidade, impacto social positivo, diversidade e governan\u00e7a para o atingimento de compromissos publicamente assumidos.\u00a0<\/p>\n<p>\u201cAs negocia\u00e7\u00f5es com o Grupo Botic\u00e1rio se iniciaram em 2023. Foram v\u00e1rias discuss\u00f5es envolvendo o apoio da Invest Minas, tanto na parte tribut\u00e1ria quanto na identifica\u00e7\u00e3o do melhor local para a empresa se estabelecer. A Invest Minas, ag\u00eancia vinculada \u00e0 Secretaria de Estado de Desenvolvimento Econ\u00f4mico, em conjunto com a Secretaria de Meio Ambiente e Desenvolvimento Sustent\u00e1vel (Semad), ainda forneceu informa\u00e7\u00f5es estrat\u00e9gicas sobre as condi\u00e7\u00f5es dessas \u00e1reas e sobre o processo de licenciamento ambiental. Agora devemos celebrar mais este importante momento que vai gerar emprego e renda para os mineiros\u201d, comemorou Jo\u00e3o Paulo Braga, diretor-presidente da Invest Minas.\u00a0<br \/>&#13;<br \/>\n\u00a0<br \/>&#13;<br \/>\n<strong>Sobre o Grupo Botic\u00e1rio\u00a0<\/strong><\/p>\n<p>Um dos maiores grupos de beleza do mundo, o Grupo Botic\u00e1rio \u00e9 uma empresa brasileira presente em mais de 40 pa\u00edses. \u00c9 dono das marcas O Botic\u00e1rio, Eudora, Quem Disse, Berenice?, Vult, O.U.i, Dr. JONES, T\u00f4.que.t\u00f4, TRUSS, e do marketplace Beleza na Web, al\u00e9m de atuar com produtos licenciados como Australian Gold, Bio Oil, Nuxe, e Pampers e sua divis\u00e3o para o mercado B2B.\u00a0<\/p>\n<p>Essa intera\u00e7\u00e3o entre diferentes marcas, ativos, plataformas, rede de franqueados, representantes, distribuidores, varejistas, sellers e fornecedores formam o ecossistema de beleza do Grupo Botic\u00e1rio que oferece, ainda, solu\u00e7\u00f5es digitais de gest\u00e3o de neg\u00f3cio para o varejo brasileiro. S\u00e3o mais de 20 mil colaboradores diretos, com mais de 4 mil lojas em mais de 1,7 mil cidades brasileiras.\u202f\u00a0<br \/>&#13;<br \/>\n\u00a0<br \/>&#13;<br \/>\nA hist\u00f3ria do Grupo Botic\u00e1rio come\u00e7ou em 1977 em uma pequena farm\u00e1cia de manipula\u00e7\u00e3o no Paran\u00e1 e hoje agrega laborat\u00f3rio, f\u00e1brica, inova\u00e7\u00e3o, tecnologia, log\u00edstica, marketing e varejo, em um ecossistema de 110 mil pontos de venda no varejo, parceiros e fornecedores.\u202f\u00a0A empresa atua ainda nas frentes ambientais, sociais e culturais e conta tamb\u00e9m com atua\u00e7\u00e3o da Funda\u00e7\u00e3o Grupo Botic\u00e1rio e Instituto Grupo Botic\u00e1rio.<\/p>\n<\/p><\/div>\n","protected":false},"excerpt":{"rendered":"<p>Relacionadas O governador Romeu Zema se reuniu com representantes do Grupo Botic\u00e1rio, nesta quinta-feira (8\/8),&#8230;<\/p>\n","protected":false},"author":2,"featured_media":0,"comment_status":"open","ping_status":"open","sticky":false,"template":"","format":"standard","meta":{"footnotes":""},"categories":[],"tags":[],"class_list":["post-12657","post","type-post","status-publish","format-standard","hentry"],"amp_enabled":true,"_links":{"self":[{"href":"https:\/\/ipatingafc.com.br\/index.php\/wp-json\/wp\/v2\/posts\/12657","targetHints":{"allow":["GET"]}}],"collection":[{"href":"https:\/\/ipatingafc.com.br\/index.php\/wp-json\/wp\/v2\/posts"}],"about":[{"href":"https:\/\/ipatingafc.com.br\/index.php\/wp-json\/wp\/v2\/types\/post"}],"author":[{"embeddable":true,"href":"https:\/\/ipatingafc.com.br\/index.php\/wp-json\/wp\/v2\/users\/2"}],"replies":[{"embeddable":true,"href":"https:\/\/ipatingafc.com.br\/index.php\/wp-json\/wp\/v2\/comments?post=12657"}],"version-history":[{"count":0,"href":"https:\/\/ipatingafc.com.br\/index.php\/wp-json\/wp\/v2\/posts\/12657\/revisions"}],"wp:attachment":[{"href":"https:\/\/ipatingafc.com.br\/index.php\/wp-json\/wp\/v2\/media?parent=12657"}],"wp:term":[{"taxonomy":"category","embeddable":true,"href":"https:\/\/ipatingafc.com.br\/index.php\/wp-json\/wp\/v2\/categories?post=12657"},{"taxonomy":"post_tag","embeddable":true,"href":"https:\/\/ipatingafc.com.br\/index.php\/wp-json\/wp\/v2\/tags?post=12657"}],"curies":[{"name":"wp","href":"https:\/\/api.w.org\/{rel}","templated":true}]}}